{"id":115329,"date":"2025-09-14T22:37:09","date_gmt":"2025-09-14T22:37:09","guid":{"rendered":"https:\/\/www.europesays.com\/es\/115329\/"},"modified":"2025-09-14T22:37:09","modified_gmt":"2025-09-14T22:37:09","slug":"pogacar-cede-el-triunfo-a-mcnulty-en-montreal-y-el-uae-suma-85","status":"publish","type":"post","link":"https:\/\/www.europesays.com\/es\/115329\/","title":{"rendered":"Pogacar cede el triunfo a McNulty en Montreal y el UAE suma 85"},"content":{"rendered":"<p class=\"\">No hubo piedra, papel o tijera, como hace unos a\u00f1os con Rafal Makja en el Tour de Eslovenia. Este domingo, <b>Tadej Pogacar<\/b> aparc\u00f3 el que hubiera sido el triunfo n\u00famero 105 de su deslumbrante palmar\u00e9s para que su compa\u00f1ero <a href=\"https:\/\/as.com\/ciclismo\/mas_ciclismo\/pogacar-inicia-su-recta-final-de-temporada-en-canada-n\/\" target=\"_self\" rel=\"nofollow noopener\" title=\"https:\/\/as.com\/ciclismo\/mas_ciclismo\/pogacar-inicia-su-recta-final-de-temporada-en-canada-n\/\"><b>Brandon McNulty se llevase la gloria de sumar el 85 para el UAE en el GP Montreal.<\/b><\/a> Un n\u00famero con el que la escuadra emirat\u00ed igual\u00f3 el r\u00e9cord hist\u00f3rico que anteriormente estaba en poder del <b>HTC Columbia en la temporada 2009, <\/b>y que a no mucho tardar quedar\u00e1 pulverizado por un <b>UAE <\/b>que todav\u00eda tiene por delante el \u00faltimo mes de calendario, culminado por un Giro de Lombard\u00eda (11 de octubre) que Pogi no ha dejado escapar en los \u00faltimos cuatro a\u00f1os.<\/p>\n<p class=\"\">S\u00ed cedi\u00f3 esta tarde en la cl\u00e1sica canadiense, que en caso de ganar le habr\u00eda situado en lo m\u00e1s alto de su palmar\u00e9s con tres victorias. El esloveno, despu\u00e9s de un exhaustivo control del UAE que impidi\u00f3 cualquier posibilidad de fuga en el tramo final de la carrera <b>(209 km con 17 vueltas a un circuito) se movi\u00f3 a 35 km de meta, <\/b>como respuesta a una avanzadilla de su compa\u00f1ero McNulty. El norteamericano rodaba en cabeza junto a su compatriota <b>Quinn Simmons<\/b> (3\u00ba en meta), lugar al que lleg\u00f3 Pogacar junto a Barr\u00e9 (Intermarch\u00e9).<\/p>\n<p class=\"\">A 24 km del final, en la <b>cota de Camillien-Houde<\/b> (2,3 km al 6,2%), Pogacar atac\u00f3 y logr\u00f3 lo que no pudo hacer hace dos d\u00edas en <a href=\"https:\/\/as.com\/ciclismo\/mas_ciclismo\/alaphilippe-vuelve-a-sonreir-en-tudor-con-triunfo-en-quebec-en-el-regreso-de-pogacar-n\/\" target=\"_self\" rel=\"nofollow noopener\" title=\"https:\/\/as.com\/ciclismo\/mas_ciclismo\/alaphilippe-vuelve-a-sonreir-en-tudor-con-triunfo-en-quebec-en-el-regreso-de-pogacar-n\/\">Quebec: situarse en solitario en cabeza de carrera.<\/a> A pesar de abrir un hueco de casi medio minuto por detr\u00e1s, el esloveno se percat\u00f3 de que su compa\u00f1ero McNulty llegaba como un ob\u00fas. Pogi levant\u00f3 el pie para esperarle y no dud\u00f3 en ejercer de <b>gregario por un d\u00eda, marc\u00e1ndole el ritmo en todo momento a un McNulty<\/b> al que se\u00f1al\u00f3 antes de cruzar la meta para brindarle la gloria. D\u00eda inolvidable para el UAE, que horas antes, firm\u00f3 el 84\u00ba triunfo del curso con un imparable <b>Isaac del Toro<\/b> (13 victorias en 2025) <b>en el Trofeo Mateotti<\/b> al imponerse a Rui Costa y el espa\u00f1ol Pau Miquel.<\/p>\n<p>Noticias relacionadas<\/p>\n<p class=\"\"><b>\u00a1Tus opiniones importan!<\/b> Comenta en los art\u00edculos y suscr\u00edbete gratis a nuestra <a href=\"https:\/\/asfan.as.com\/newsletters\/\" target=\"_blank\" rel=\"nofollow noopener\" title=\"https:\/\/asfan.as.com\/newsletters\/\">newsletter<\/a> y a las alertas informativas en la <a href=\"https:\/\/as.com\/aplicacion-de-as-n\/\" target=\"_blank\" rel=\"nofollow noopener\" title=\"https:\/\/as.com\/aplicacion-de-as-n\/\">App<\/a> o el canal de <a href=\"https:\/\/www.whatsapp.com\/channel\/0029VaAasdA7j6g745nz9M10\" target=\"_blank\" rel=\"nofollow noopener\" title=\"https:\/\/www.whatsapp.com\/channel\/0029VaAasdA7j6g745nz9M10\">WhatsApp<\/a>.<\/p>\n<p class=\"\">\u00bfBuscas licenciar contenido? Haz clic <a href=\"https:\/\/profesional.elpais.com\/soluciones-sindicacion?utm_medium=interno&amp;utm_source=crosslinking&amp;utm_campaign=sindicacion_as_pie_articulos\" target=\"_blank\" rel=\"nofollow noopener\" title=\"https:\/\/profesional.elpais.com\/soluciones-sindicacion?utm_medium=interno&amp;utm_source=crosslinking&amp;utm_campaign=sindicacion_as_pie_articulos\">aqu\u00ed<\/a><\/p>\n","protected":false},"excerpt":{"rendered":"No hubo piedra, papel o tijera, como hace unos a\u00f1os con Rafal Makja en el Tour de Eslovenia.&hellip;\n","protected":false},"author":2,"featured_media":115330,"comment_status":"","ping_status":"","sticky":false,"template":"","format":"standard","meta":{"footnotes":""},"categories":[273],"tags":[313,312,168,25,24,23,167],"class_list":{"0":"post-115329","1":"post","2":"type-post","3":"status-publish","4":"format-standard","5":"has-post-thumbnail","7":"category-ciclismo","8":"tag-ciclismo","9":"tag-cycling","10":"tag-deportes","11":"tag-es","12":"tag-espana","13":"tag-spain","14":"tag-sports"},"share_on_mastodon":{"url":"","error":""},"_links":{"self":[{"href":"https:\/\/www.europesays.com\/es\/wp-json\/wp\/v2\/posts\/115329","targetHints":{"allow":["GET"]}}],"collection":[{"href":"https:\/\/www.europesays.com\/es\/wp-json\/wp\/v2\/posts"}],"about":[{"href":"https:\/\/www.europesays.com\/es\/wp-json\/wp\/v2\/types\/post"}],"author":[{"embeddable":true,"href":"https:\/\/www.europesays.com\/es\/wp-json\/wp\/v2\/users\/2"}],"replies":[{"embeddable":true,"href":"https:\/\/www.europesays.com\/es\/wp-json\/wp\/v2\/comments?post=115329"}],"version-history":[{"count":0,"href":"https:\/\/www.europesays.com\/es\/wp-json\/wp\/v2\/posts\/115329\/revisions"}],"wp:featuredmedia":[{"embeddable":true,"href":"https:\/\/www.europesays.com\/es\/wp-json\/wp\/v2\/media\/115330"}],"wp:attachment":[{"href":"https:\/\/www.europesays.com\/es\/wp-json\/wp\/v2\/media?parent=115329"}],"wp:term":[{"taxonomy":"category","embeddable":true,"href":"https:\/\/www.europesays.com\/es\/wp-json\/wp\/v2\/categories?post=115329"},{"taxonomy":"post_tag","embeddable":true,"href":"https:\/\/www.europesays.com\/es\/wp-json\/wp\/v2\/tags?post=115329"}],"curies":[{"name":"wp","href":"https:\/\/api.w.org\/{rel}","templated":true}]}}