{"id":115351,"date":"2025-09-14T22:50:14","date_gmt":"2025-09-14T22:50:14","guid":{"rendered":"https:\/\/www.europesays.com\/es\/115351\/"},"modified":"2025-09-14T22:50:14","modified_gmt":"2025-09-14T22:50:14","slug":"nintendo-direct-de-septiembre-de-2025-todo-anunciado-para-el-40-aniversario-de-mario","status":"publish","type":"post","link":"https:\/\/www.europesays.com\/es\/115351\/","title":{"rendered":"Nintendo Direct de septiembre de 2025: Todo anunciado para el 40 aniversario de Mario"},"content":{"rendered":"<p class=\"bodytext\">La presentaci\u00f3n comenz\u00f3 con el anuncio por parte del creador de la serie, Shigeru Miyamoto, de las extensas celebraciones del 40 aniversario de Super Mario Bros., que marcar\u00e1n cuatro d\u00e9cadas desde el debut del juego en Jap\u00f3n. El anuncio principal revel\u00f3 que La pel\u00edcula de Super Mario Galaxy es el t\u00edtulo oficial de la pr\u00f3xima secuela animada, cuyo estreno mundial est\u00e1 previsto para el 3 de abril de 2026.&#13;<\/p>\n<p class=\"bodytext\">Como complemento a la noticia de la pel\u00edcula, Nintendo confirm\u00f3 que Super Mario Galaxy y Super Mario Galaxy 2 se lanzar\u00e1n juntos en Nintendo Switch el 2 de octubre de 2025, con una interfaz de usuario mejorada, m\u00faltiples opciones de control y una resoluci\u00f3n mejorada. Los propietarios de Switch 2 recibir\u00e1n una actualizaci\u00f3n gratuita de la resoluci\u00f3n 4K, lo que reitera el compromiso de Nintendo de apoyar a ambas generaciones de consolas.&#13;<\/p>\n<p class=\"bodytext\">En resumen, veremos las siguientes entregas de Super Mario <\/p>\n<ul>\n<li>Super Mario Galaxy (Switch) &#8211; 2 de octubre de 2025<\/li>\n<li>Super Mario Galaxy 2 (Switch) &#8211; 2 de octubre de 2025<\/li>\n<\/ul>\n<p>El cat\u00e1logo de exclusivos de Switch 2 parece prometedor<\/p>\n<p class=\"bodytext\">Nintendo aprovech\u00f3 este Direct para concretar seriamente el cat\u00e1logo de exclusivos de Switch 2. Fire Emblem: Fortune&#8217;s Weave apareci\u00f3 como uno de los principales lanzamientos de 2026, continuando la serie de RPG t\u00e1cticos con lo que parece ser un argumento centrado en los torneos. El tr\u00e1iler de debut mostr\u00f3 el caracter\u00edstico combate por turnos de la franquicia y la narrativa centrada en los personajes.<\/p>\n","protected":false},"excerpt":{"rendered":"La presentaci\u00f3n comenz\u00f3 con el anuncio por parte del creador de la serie, Shigeru Miyamoto, de las extensas&hellip;\n","protected":false},"author":2,"featured_media":115352,"comment_status":"","ping_status":"","sticky":false,"template":"","format":"standard","meta":{"footnotes":""},"categories":[81],"tags":[119,123,124,25,24,6406,6404,484,3091,10,6405,2761,117,121,122,23,38129,118,120],"class_list":{"0":"post-115351","1":"post","2":"type-post","3":"status-publish","4":"format-standard","5":"has-post-thumbnail","7":"category-ciencia-y-tecnologia","8":"tag-ciencia","9":"tag-ciencia-y-tecnologia","10":"tag-cienciaytecnologia","11":"tag-es","12":"tag-espana","13":"tag-informaciones","14":"tag-informes","15":"tag-nintendo","16":"tag-nintendo-direct","17":"tag-noticias","18":"tag-portatil","19":"tag-prueba","20":"tag-science","21":"tag-science-and-technology","22":"tag-scienceandtechnology","23":"tag-spain","24":"tag-super-mario-bros","25":"tag-technology","26":"tag-tecnologia"},"share_on_mastodon":{"url":"","error":""},"_links":{"self":[{"href":"https:\/\/www.europesays.com\/es\/wp-json\/wp\/v2\/posts\/115351","targetHints":{"allow":["GET"]}}],"collection":[{"href":"https:\/\/www.europesays.com\/es\/wp-json\/wp\/v2\/posts"}],"about":[{"href":"https:\/\/www.europesays.com\/es\/wp-json\/wp\/v2\/types\/post"}],"author":[{"embeddable":true,"href":"https:\/\/www.europesays.com\/es\/wp-json\/wp\/v2\/users\/2"}],"replies":[{"embeddable":true,"href":"https:\/\/www.europesays.com\/es\/wp-json\/wp\/v2\/comments?post=115351"}],"version-history":[{"count":0,"href":"https:\/\/www.europesays.com\/es\/wp-json\/wp\/v2\/posts\/115351\/revisions"}],"wp:featuredmedia":[{"embeddable":true,"href":"https:\/\/www.europesays.com\/es\/wp-json\/wp\/v2\/media\/115352"}],"wp:attachment":[{"href":"https:\/\/www.europesays.com\/es\/wp-json\/wp\/v2\/media?parent=115351"}],"wp:term":[{"taxonomy":"category","embeddable":true,"href":"https:\/\/www.europesays.com\/es\/wp-json\/wp\/v2\/categories?post=115351"},{"taxonomy":"post_tag","embeddable":true,"href":"https:\/\/www.europesays.com\/es\/wp-json\/wp\/v2\/tags?post=115351"}],"curies":[{"name":"wp","href":"https:\/\/api.w.org\/{rel}","templated":true}]}}