{"id":115361,"date":"2025-09-14T22:56:10","date_gmt":"2025-09-14T22:56:10","guid":{"rendered":"https:\/\/www.europesays.com\/es\/115361\/"},"modified":"2025-09-14T22:56:10","modified_gmt":"2025-09-14T22:56:10","slug":"imagenes-del-ambiente-en-los-tendidos-y-en-el-patio-de-cuadrillas-3","status":"publish","type":"post","link":"https:\/\/www.europesays.com\/es\/115361\/","title":{"rendered":"im\u00e1genes del ambiente en los tendidos y en el patio de cuadrillas"},"content":{"rendered":"<p>                                                <img decoding=\"async\" loading=\"eager\" src=\"https:\/\/www.europesays.com\/es\/wp-content\/uploads\/2025\/09\/1542a6dc-1cc8-4592-bd87-f97d65a75557_source-aspect-ratio_1600w_0.jpg\" alt=\"As\u00ed ha vivido la afici\u00f3n de La Glorieta el primer cartel de figuras de la feria: im\u00e1genes del ambiente en los tendidos y en el patio de cuadrillas\" title=\"As\u00ed ha vivido la afici\u00f3n de La Glorieta el primer cartel de figuras de la feria: im\u00e1genes del ambiente en los tendidos y en el patio de cuadrillas\" fetchpriority=\"high\" height=\"1063\" width=\"1600\"\/><\/p>\n<p>                As\u00ed ha vivido la afici\u00f3n de La Glorieta el primer cartel de figuras de la feria: im\u00e1genes del ambiente en los tendidos y en el patio de cuadrillas<\/p>\n<p>                    |<\/p>\n<p>                Juanes<\/p>\n<p class=\"paragraph-atom &#10;        A-500-300-700-N A-550-300-700-N--md  \">Este domingo La Glorieta viv\u00eda el primer cartel de figuras de la feria y se notaba en los tendidos, as\u00ed como en el alfoz de la plaza antes de que el reloj marcar\u00e1 la 18:00 horas y con ello el inicio del festejo.<\/p>\n<p class=\"paragraph-atom &#10;        A-500-300-700-N A-550-300-700-N--md  \">Los tendidos presentaban m\u00e1s color que en las anteriores dos tardes, rozando casi el lleno, aunque no se ha conseguido colgar el \u2018No hay billetes\u2019. La ocasi\u00f3n lo merec\u00eda, toreaban tres figuras del toreo, Emilio de Justo y Juan Ortega, con ellos el torero m\u00e1s taquillero del escalaf\u00f3n, Andr\u00e9s Roca Rey.<\/p>\n<p class=\"paragraph-atom &#10;        A-500-300-700-N A-550-300-700-N--md  \">Esta tarde al haber m\u00e1s gente cost\u00f3 ver caras conocidas, aunque las hubo, y perd\u00f3n si nos dejamos algunas por el camino sin nombrar. Para empezar en los tendidos, concretamente en el del 7, estaba el presidente de la Junta de Castilla y Le\u00f3n, Alfonso Fern\u00e1ndez Ma\u00f1ueco. Por supuesto, ganaderos reconocidos en la tierra charra con una larga lista encabezada por el ganadero actuante, Justo Hern\u00e1ndez y su hijo, la familia Valrubio, El Puerto de San Lorenzo, Andr\u00e9s Ceslestino, Espioja, S\u00e1nchez y S\u00e1nchez, Orive o Casasola entre otros.<\/p>\n<p class=\"paragraph-atom &#10;        A-500-300-700-N A-550-300-700-N--md  \">Muchos aficionados que se precipitaban al patio de cuadrillas para conseguir un aut\u00f3grafo de Roca Rey, aunque tambi\u00e9n aprovechaban la ocasi\u00f3n para fotografiarse con De Justo y Ortega. <\/p>\n","protected":false},"excerpt":{"rendered":"As\u00ed ha vivido la afici\u00f3n de La Glorieta el primer cartel de figuras de la feria: im\u00e1genes del&hellip;\n","protected":false},"author":2,"featured_media":115362,"comment_status":"","ping_status":"","sticky":false,"template":"","format":"standard","meta":{"footnotes":""},"categories":[277],"tags":[3437,373,4398,168,25,24,34813,977,23,167,374,3447],"class_list":{"0":"post-115361","1":"post","2":"type-post","3":"status-publish","4":"format-standard","5":"has-post-thumbnail","7":"category-toreo","8":"tag-aficion","9":"tag-bullfighting","10":"tag-cartel","11":"tag-deportes","12":"tag-es","13":"tag-espana","14":"tag-glorieta","15":"tag-primer","16":"tag-spain","17":"tag-sports","18":"tag-toreo","19":"tag-vivido"},"share_on_mastodon":{"url":"","error":""},"_links":{"self":[{"href":"https:\/\/www.europesays.com\/es\/wp-json\/wp\/v2\/posts\/115361","targetHints":{"allow":["GET"]}}],"collection":[{"href":"https:\/\/www.europesays.com\/es\/wp-json\/wp\/v2\/posts"}],"about":[{"href":"https:\/\/www.europesays.com\/es\/wp-json\/wp\/v2\/types\/post"}],"author":[{"embeddable":true,"href":"https:\/\/www.europesays.com\/es\/wp-json\/wp\/v2\/users\/2"}],"replies":[{"embeddable":true,"href":"https:\/\/www.europesays.com\/es\/wp-json\/wp\/v2\/comments?post=115361"}],"version-history":[{"count":0,"href":"https:\/\/www.europesays.com\/es\/wp-json\/wp\/v2\/posts\/115361\/revisions"}],"wp:featuredmedia":[{"embeddable":true,"href":"https:\/\/www.europesays.com\/es\/wp-json\/wp\/v2\/media\/115362"}],"wp:attachment":[{"href":"https:\/\/www.europesays.com\/es\/wp-json\/wp\/v2\/media?parent=115361"}],"wp:term":[{"taxonomy":"category","embeddable":true,"href":"https:\/\/www.europesays.com\/es\/wp-json\/wp\/v2\/categories?post=115361"},{"taxonomy":"post_tag","embeddable":true,"href":"https:\/\/www.europesays.com\/es\/wp-json\/wp\/v2\/tags?post=115361"}],"curies":[{"name":"wp","href":"https:\/\/api.w.org\/{rel}","templated":true}]}}