{"id":115363,"date":"2025-09-14T22:59:12","date_gmt":"2025-09-14T22:59:12","guid":{"rendered":"https:\/\/www.europesays.com\/es\/115363\/"},"modified":"2025-09-14T22:59:12","modified_gmt":"2025-09-14T22:59:12","slug":"ignacio-buse-peru-y-la-copa-davis-el-tenista-cuya-dieta-incluye-un-pan-con-chicharron-y-por-que-la-filosofia-carlos-alcaraz-lo-ayuda-en-este-crecimiento-tenis-peruano-tlcnota","status":"publish","type":"post","link":"https:\/\/www.europesays.com\/es\/115363\/","title":{"rendered":"Ignacio Buse, Per\u00fa y la Copa Davis: El tenista cuya dieta incluye \u201cun pan con chicharr\u00f3n\u201d y por qu\u00e9 la filosof\u00eda Carlos Alcaraz lo ayuda en este crecimiento | Tenis peruano | tlcnota | DEPORTE-TOTAL"},"content":{"rendered":"<blockquote class=\"story-contents__blockquote\"><p><b>LEE: <\/b><a href=\"https:\/\/elcomercio.pe\/deporte-total\/futbol-peruano\/universitario-la-ministra-de-economia-de-la-u-quien-es-nancy-corzo-y-como-logro-que-las-finanzas-de-universitario-tambien-construyan-el-bicampeonato-tlcnota-noticia\/\" target=\"_self\" rel=\"nofollow noopener\" title=\"https:\/\/elcomercio.pe\/deporte-total\/futbol-peruano\/universitario-la-ministra-de-economia-de-la-u-quien-es-nancy-corzo-y-como-logro-que-las-finanzas-de-universitario-tambien-construyan-el-bicampeonato-tlcnota-noticia\/\"><b>\u201cLa ministra de econom\u00eda de la \u2018U\u2019\u201d: Qui\u00e9n es Nancy Corzo y c\u00f3mo logr\u00f3 que las finanzas de Universitario tambi\u00e9n construyan el bicampeonato<\/b><\/a><\/p><\/blockquote>\n<p itemprop=\"description\" class=\"story-contents__font-paragraph \">\u201c\u00bfQu\u00e9 desayuno peruano me recomiendas?\u201d, le pregunt\u00f3 el periodista espa\u00f1ol Carlos Navarro de \u201cPunto de break\u201d en una <a itemprop=\"url\" href=\"https:\/\/www.puntodebreak.com\/2025\/09\/10\/entrevista-ignacio-buse-comparto-filosofia-alcaraz\/\" target=\"_blank\" rel=\"noreferrer nofollow noopener\" title=\"https:\/\/www.puntodebreak.com\/2025\/09\/10\/entrevista-ignacio-buse-comparto-filosofia-alcaraz\"><b>entrevista previo al Challenger de Sevilla<\/b><\/a>, torneo que Buse terminar\u00eda ganando demostrando as\u00ed por qu\u00e9 es la primera raqueta peruana y est\u00e1 pr\u00f3ximo a meterse en el top 100 del ranking ATP. \u201cSinceramente, soy muy feliz con mi pan con chicharr\u00f3n, siempre que voy a Per\u00fa me encanta. Tambi\u00e9n le meto \u2018tamalito\u2019 verde o naranjita\u201d, coment\u00f3, entre risas, la gran figura peruana en la Copa Davis: dos victorias suyas -y un triunfazo de Gonzalo Bueno- nos dieron el 3-1 sobre Portugal en la serie por el Grupo Mundial I de la Copa Davis. <\/p>\n<p class=\"cutter-nl__title\">Newsletter exclusivo para suscriptores<\/p>\n<p><img decoding=\"async\" src=\"https:\/\/www.europesays.com\/es\/wp-content\/uploads\/2025\/09\/desde_redaccion.png\" width=\"87\" height=\"87\" alt=\"Gisella Salm\u00f3n\" class=\"cutter-nl__author-image\" loading=\"lazy\"\/><\/p>\n<p class=\"cutter-nl__newsletter-description\">Gisella Salm\u00f3n selecciona notas exclusivas con un enfoque especializado, cada lunes.<\/p>\n<p>Rec\u00edbelo<img decoding=\"async\" src=\"https:\/\/www.europesays.com\/es\/wp-content\/uploads\/2025\/09\/1757890748_393_hqdefault.jpg\" alt=\"\" class=\"lyt-img lazy\" type=\"image\/jpeg\"\/><\/p>\n<p itemprop=\"description\" class=\"story-contents__font-paragraph \">Buse es un apellido que significa tambi\u00e9n tenis en el Per\u00fa. Antes de la era abierta, los hermanos Eduardo \u2013abuelo de Ignacio\u2013 y Enrique disputaban el US Championship, hoy US Open. Y su legado se mantiene en Nacho, quien a sus 21 a\u00f1os no solo saborea el desayuno de campeones, tambi\u00e9n muestra jerarqu\u00eda para dejar la bandera peruana en todo lo alto, guiado por su talento, pero tambi\u00e9n por su mentalidad y filosof\u00eda similar a la de grandes tenistas mundiales. <\/p>\n<p itemprop=\"description\" class=\"story-contents__font-paragraph \">\u201cComparto mucho la filosof\u00eda de (Carlos) Alcaraz, su forma de ser\u201d, coment\u00f3 Nacho sobre el espa\u00f1ol, actual mejor tenista del mundo. Para Buse y Charly, el equilibrio entre la vida cotidiana y la exigencia del deporte es importante y -entienden- si el cuerpo necesita un descanso, es necesario hacerle caso. Un poco de relajo entre tanta presi\u00f3n es importante. <\/p>\n<p><img loading=\"lazy\" src=\"https:\/\/www.europesays.com\/es\/wp-content\/uploads\/2025\/09\/HMQMLT3SGZCYRHJIZGL4FBEJ5Y.jpg\" alt=\"Ignacio Buse celebrando junto a todo el equipo peruano de Copa Davis tras darle el triunfo por 3-1 sobre Portugal. (FOTO: Fernando Sangama \/ GEC).\" decoding=\"async\" class=\"lazy story-contents__image w-full o-cover\" style=\"--aspect-ratio:1500\/1000\" width=\"1500\" height=\"1000\"\/><\/p>\n<p>Ignacio Buse celebrando junto a todo el equipo peruano de Copa Davis tras darle el triunfo por 3-1 sobre Portugal. (FOTO: Fernando Sangama \/ GEC).<\/p>\n<p> <b>Ignacio Buse: su espl\u00e9ndida Copa Davis para meter a Per\u00fa en la \u00e9lite<\/b><\/p>\n<p itemprop=\"description\" class=\"story-contents__font-paragraph \">El tenis peruano recordar\u00e1 c\u00f3mo Gonzalo Bueno, ubicado en el puesto 209 en el r\u00e1nking ATP, coron\u00f3 quiz\u00e1 el mejor partido de su carrera al remontar un set a Nuno Borges (52\u00b0). Cay\u00f3 en el primer set por 3-6, pero se repuso, en base a coraz\u00f3n y valent\u00eda, para sacar adelante un 6-2 y 7-5. Fue la primera victoria peruana en la serie ante Portugal. <\/p>\n<p itemprop=\"description\" class=\"story-contents__font-paragraph \">Sin embargo, fue Ignacio Buse (112\u00b0) el encargado de comandar al equipo peruano. El viernes despach\u00f3 sin problemas a Jaime Faria (115\u00b0) mostrando pasajes de gran tenis. Y este s\u00e1bado hizo lo mismo que su compa\u00f1ero de equipo: remont\u00f3 ante Nuno Borges y sell\u00f3 el triunfo peruano frente a Portugal. <\/p>\n<blockquote class=\"twitter-tweet\">\n<p lang=\"es\" dir=\"ltr\">Es tu noche, Nacho\u2026 \u2764\ufe0f\ud83c\uddf5\ud83c\uddea<\/p>\n<p>En el court que lleva el apellido Buse en homenaje a sus antepasados, Ignacio y Per\u00fa vivieron un s\u00e1bado hist\u00f3rico de Copa Davis. \ud83e\udd79<\/p>\n<p>\u00a1Nos vemos en los Qualifiers 2026! \ud83d\udee9\ufe0f\ud83e\udef6\ud83c\udffb<a href=\"https:\/\/twitter.com\/hashtag\/CopaDavis?src=hash&amp;ref_src=twsrc%5Etfw\" rel=\"nofollow noopener\" target=\"_blank\">#CopaDavis<\/a> <a href=\"https:\/\/t.co\/gFrg8ZPWQq\" rel=\"nofollow\">pic.twitter.com\/gFrg8ZPWQq<\/a><\/p>\n<p>\u2014 Copa Davis (@CopaDavis) <a href=\"https:\/\/twitter.com\/CopaDavis\/status\/1967020035345392100?ref_src=twsrc%5Etfw\" rel=\"nofollow noopener\" target=\"_blank\">September 14, 2025<\/a><\/p><\/blockquote>\n<p itemprop=\"description\" class=\"story-contents__font-paragraph \">De esta manera, tras el 3-1 final, Per\u00fa tendr\u00e1 una cita con la historia en febrero, donde intentar\u00e1 conseguir otra victoria que lo deposite en las Finals.<\/p>\n<p itemprop=\"description\" class=\"story-contents__font-paragraph \">******<\/p>\n<p itemprop=\"description\" class=\"story-contents__font-paragraph \"><b>\u00a1Tu pasi\u00f3n merece ser premiada! Accede a contenido exclusivo, sorteos, premios y m\u00e1s con la Suscripci\u00f3n del Hincha. <\/b><a itemprop=\"url\" href=\"https:\/\/elcomercio.pe\/suscripciones\/hincha-libertadores\/promo-code\/?utm_source=auto-publicidad&amp;utm_medium=redaccion-nota-interna&amp;utm_campaign=suscripcion-hincha\" target=\"_blank\" rel=\"noreferrer nofollow noopener\" title=\"https:\/\/elcomercio.pe\/suscripciones\/hincha-libertadores\/promo-code\/?utm_source=auto-publicidad&amp;utm_medium=redaccion-nota-interna&amp;utm_campaign=suscripcion-hincha\"><b>Da click aqu\u00ed para ingresar<\/b><\/a><b>.<\/b><\/p>\n<p><a href=\"https:\/\/elcomercio.pe\/suscripciones\/hincha-libertadores\/promo-code\/?utm_source=auto-publicidad&amp;utm_medium=redaccion-nota-interna&amp;utm_campaign=suscripcion-hincha\" target=\"_blank\" rel=\"nofollow noopener\"><br \/>\n\t<img decoding=\"async\" src=\"https:\/\/www.europesays.com\/es\/wp-content\/uploads\/2025\/08\/IVFV74U6NNFGNCHKLXPFVE27Q4.jpg\" width=\"100%\"\/><br \/>\n<\/a>SOBRE EL AUTOR<a itemprop=\"url\" href=\"https:\/\/elcomercio.pe\/autor\/marco\/\" target=\"_blank\" rel=\"noreferrer nofollow noopener\"><img src=\"https:\/\/www.europesays.com\/es\/wp-content\/uploads\/2025\/09\/https:\/\/author-service-images-prod-us-east-1.publishing.aws.arc.pub\/elcomercio\/d113b3e0-46d9-4729-97.jpeg\" alt=\"Marco Quilca Le\u00f3n\" decoding=\"async\" class=\"lazy story-contents__about-author-image lazy\"\/><\/a><a class=\"story-contents__about-author-social-icon\" href=\"https:\/\/twitter.com\/MarcoQuilca_06\" itemprop=\"url\" rel=\"noreferrer nofollow noopener\" aria-label=\"Leer mas contenido del autor en twitter\" target=\"_blank\"><img loading=\"lazy\" decoding=\"async\" src=\"https:\/\/cdna.elcomercio.pe\/resources\/dist\/elcomercio\/images\/svgto_x_dark_op.png\" alt=\"x-twitter\" width=\"18\" height=\"18\"\/><\/a><\/p>\n<p class=\"story-contents__about-author-bio\">Periodista en Deporte Total de El Comercio desde 2018, el mismo a\u00f1o que Per\u00fa cumpli\u00f3 el sue\u00f1o de volver a un Mundial. Siete a\u00f1os en el diario con coberturas de Eliminatorias, Copa Am\u00e9rica, Mundial, Juegos Ol\u00edmpicos, Juegos Panamericanos, en vivo y streaming. <\/p>\n<p><script async src=\"https:\/\/platform.twitter.com\/widgets.js\" charset=\"utf-8\"><\/script><\/p>\n","protected":false},"excerpt":{"rendered":"LEE: \u201cLa ministra de econom\u00eda de la \u2018U\u2019\u201d: Qui\u00e9n es Nancy Corzo y c\u00f3mo logr\u00f3 que las finanzas&hellip;\n","protected":false},"author":2,"featured_media":115364,"comment_status":"","ping_status":"","sticky":false,"template":"","format":"standard","meta":{"footnotes":""},"categories":[274],"tags":[13877,38293,168,25,24,3659,4332,26625,38789,38790,38791,23,167,327,326],"class_list":{"0":"post-115363","1":"post","2":"type-post","3":"status-publish","4":"format-standard","5":"has-post-thumbnail","7":"category-tenis","8":"tag-copa-davis","9":"tag-copa-davis-2025","10":"tag-deportes","11":"tag-es","12":"tag-espana","13":"tag-ibai","14":"tag-ibai-llanos","15":"tag-ignacio-buse","16":"tag-mundial-de-desayunos","17":"tag-mundial-de-desayunos-2025","18":"tag-peru-en-copa-davis","19":"tag-spain","20":"tag-sports","21":"tag-tenis","22":"tag-tennis"},"share_on_mastodon":{"url":"","error":""},"_links":{"self":[{"href":"https:\/\/www.europesays.com\/es\/wp-json\/wp\/v2\/posts\/115363","targetHints":{"allow":["GET"]}}],"collection":[{"href":"https:\/\/www.europesays.com\/es\/wp-json\/wp\/v2\/posts"}],"about":[{"href":"https:\/\/www.europesays.com\/es\/wp-json\/wp\/v2\/types\/post"}],"author":[{"embeddable":true,"href":"https:\/\/www.europesays.com\/es\/wp-json\/wp\/v2\/users\/2"}],"replies":[{"embeddable":true,"href":"https:\/\/www.europesays.com\/es\/wp-json\/wp\/v2\/comments?post=115363"}],"version-history":[{"count":0,"href":"https:\/\/www.europesays.com\/es\/wp-json\/wp\/v2\/posts\/115363\/revisions"}],"wp:featuredmedia":[{"embeddable":true,"href":"https:\/\/www.europesays.com\/es\/wp-json\/wp\/v2\/media\/115364"}],"wp:attachment":[{"href":"https:\/\/www.europesays.com\/es\/wp-json\/wp\/v2\/media?parent=115363"}],"wp:term":[{"taxonomy":"category","embeddable":true,"href":"https:\/\/www.europesays.com\/es\/wp-json\/wp\/v2\/categories?post=115363"},{"taxonomy":"post_tag","embeddable":true,"href":"https:\/\/www.europesays.com\/es\/wp-json\/wp\/v2\/tags?post=115363"}],"curies":[{"name":"wp","href":"https:\/\/api.w.org\/{rel}","templated":true}]}}