{"id":115369,"date":"2025-09-14T23:03:08","date_gmt":"2025-09-14T23:03:08","guid":{"rendered":"https:\/\/www.europesays.com\/es\/115369\/"},"modified":"2025-09-14T23:03:08","modified_gmt":"2025-09-14T23:03:08","slug":"cronica-el-malagueno-cae-con-polemica-en-el-estreno-liguero-en-casa-ante-el-almeria-b-0-1","status":"publish","type":"post","link":"https:\/\/www.europesays.com\/es\/115369\/","title":{"rendered":"CR\u00d3NICA | El Malague\u00f1o cae con pol\u00e9mica en el estreno liguero en casa ante el Almer\u00eda B (0-1)"},"content":{"rendered":"<p>            <a href=\"https:\/\/www.merchanendirecto.es\/wp-content\/uploads\/2025\/09\/malagueno-almeria-b-segunda-rfef-e1757879154933.webp\" data-caption=\"Foto: MCF\" rel=\"nofollow noopener\" target=\"_blank\"><img loading=\"lazy\" decoding=\"async\" width=\"696\" height=\"469\" class=\"entry-thumb td-modal-image\" src=\"https:\/\/www.europesays.com\/es\/wp-content\/uploads\/2025\/09\/malagueno-almeria-b-segunda-rfef-e1757879154933-696x469.webp.webp\"   alt=\"\" title=\"malague\u00f1o almer\u00eda b segunda rfef\"\/><\/a>Foto: MCF<\/p>\n<p><strong>Segunda jornada de liga<\/strong> para el <strong>Atl\u00e9tico Malague\u00f1o<\/strong> en el <strong>Grupo IV de Segunda Federaci\u00f3n.<\/strong> En este caso, duelo de filiales entre dos equipos de <strong>LaLiga Hypermotion<\/strong>, <a href=\"http:\/\/malagacf.com\" rel=\"nofollow noopener\" target=\"_blank\">M\u00e1laga CF<\/a> y <strong>UD Almer\u00eda<\/strong>. Ambos conjuntos, derrotados en el primer choque de la temporada el pasado fin de semana. El debut liguero en la Ciudad Deportiva Fundaci\u00f3n MCF no fue positivo para el Atl\u00e9tico Malague\u00f1o en un partido marcado por una acci\u00f3n pol\u00e9mica en la segunda parte que le dio la victoria al Almer\u00eda B por la m\u00ednima. <\/p>\n<p>El segundo once de la temporada alineado por Funes se compuso de: <strong>Andr\u00e9s C\u00e9spedes; \u00c1ngel Mateo, Alfonso Rodr\u00edguez, Santaella; Pablo Arriaza, Ibon Badiola; Rafita, Juani, Alexis Chamorro; Sarria, Marcos Rosa.<\/strong><\/p>\n<p>La primera parte tuvo ritmo, pero pocas ocasiones. Aunque, las que llegaron fueron de peligro. La primera fue para <strong>Iker Burgos<\/strong>, quien busc\u00f3 sorprender a <strong>C\u00e9spedes<\/strong> con un disparo a media altura que el meta despej\u00f3. El Malague\u00f1o iba creciendo con bal\u00f3n a trav\u00e9s de circulaciones r\u00e1pidas y buscando el desborde por los costados. <strong>Rafita<\/strong> fue el autor de la primera a porter\u00eda con un tiro a bote pronto desde lejos que atrap\u00f3 sin problemas <strong>Jes\u00fas L\u00f3pez. <\/strong>Un minuto m\u00e1s tarde, Marcos Rosa tuvo la m\u00e1s clara para los blanquiazules despu\u00e9s de una buena combinaci\u00f3n al primer toque con <strong>Sarria <\/strong>y un remate cruzado dentro del \u00e1rea que se top\u00f3 con el palo. <\/p>\n<p>El rumbo del partido cambi\u00f3 con el inicio de la segunda parte. Con un bal\u00f3n largo, <strong>Agull\u00f3 <\/strong>gan\u00f3 la espalda de la defensa blanquiazul y anticip\u00f3 a un <strong>C\u00e9spedes <\/strong>que sali\u00f3 muy lejos de su porter\u00eda. El colegiado interpret\u00f3 que el portero desvi\u00f3 la trayectoria del bal\u00f3n con la mano y<strong> le expuls\u00f3. <\/strong>En la falta directa posterior, <strong>Martim Alberto<\/strong> marc\u00f3 el 0-1 con un excelente golpeo de zurda. Ante el enfado de la grada por la pol\u00e9mica acci\u00f3n del partido. Protestas que no cesaron contra el juez del encuentro cuando en el minuto 67 no se\u00f1al\u00f3 un posible agarr\u00f3n sobre <strong>Juani <\/strong>dentro del \u00e1rea. <\/p>\n<p>En el 78\u2032, <strong>Jorge Ru\u00edz<\/strong>, que sustituy\u00f3 a C\u00e9spedes en la porter\u00eda, evit\u00f3 el 0-2 en un mano a mano ante<strong> Marsu<\/strong>. Lo intent\u00f3 el Malague\u00f1o a contracorriente y con un hombre menos. Pero, un buen plantado Almer\u00eda B no se dej\u00f3 sorprender y asegur\u00f3 los tres puntos en la Ciudad Deportiva MCF. Por tanto, y despu\u00e9s de esta nueva derrota, los primeros puntos de la temporada para el filial malaguista deber\u00e1n seguir esperando. La siguiente oportunidad, el <strong>pr\u00f3ximo 21 de septiembre a las 19:00 horas ante el Xerez Deportivo. <\/strong><\/p>\n","protected":false},"excerpt":{"rendered":"Foto: MCF Segunda jornada de liga para el Atl\u00e9tico Malague\u00f1o en el Grupo IV de Segunda Federaci\u00f3n. En&hellip;\n","protected":false},"author":2,"featured_media":115370,"comment_status":"","ping_status":"","sticky":false,"template":"","format":"standard","meta":{"footnotes":""},"categories":[268],"tags":[38792,5293,168,25,24,280,282,1963,20634,281,23,167,38793],"class_list":{"0":"post-115369","1":"post","2":"type-post","3":"status-publish","4":"format-standard","5":"has-post-thumbnail","7":"category-futbol","8":"tag-atletico-malagueno","9":"tag-cronica","10":"tag-deportes","11":"tag-es","12":"tag-espana","13":"tag-football","14":"tag-futbol","15":"tag-malaga-cf","16":"tag-segunda-rfef","17":"tag-soccer","18":"tag-spain","19":"tag-sports","20":"tag-ud-almeria-b"},"share_on_mastodon":{"url":"","error":""},"_links":{"self":[{"href":"https:\/\/www.europesays.com\/es\/wp-json\/wp\/v2\/posts\/115369","targetHints":{"allow":["GET"]}}],"collection":[{"href":"https:\/\/www.europesays.com\/es\/wp-json\/wp\/v2\/posts"}],"about":[{"href":"https:\/\/www.europesays.com\/es\/wp-json\/wp\/v2\/types\/post"}],"author":[{"embeddable":true,"href":"https:\/\/www.europesays.com\/es\/wp-json\/wp\/v2\/users\/2"}],"replies":[{"embeddable":true,"href":"https:\/\/www.europesays.com\/es\/wp-json\/wp\/v2\/comments?post=115369"}],"version-history":[{"count":0,"href":"https:\/\/www.europesays.com\/es\/wp-json\/wp\/v2\/posts\/115369\/revisions"}],"wp:featuredmedia":[{"embeddable":true,"href":"https:\/\/www.europesays.com\/es\/wp-json\/wp\/v2\/media\/115370"}],"wp:attachment":[{"href":"https:\/\/www.europesays.com\/es\/wp-json\/wp\/v2\/media?parent=115369"}],"wp:term":[{"taxonomy":"category","embeddable":true,"href":"https:\/\/www.europesays.com\/es\/wp-json\/wp\/v2\/categories?post=115369"},{"taxonomy":"post_tag","embeddable":true,"href":"https:\/\/www.europesays.com\/es\/wp-json\/wp\/v2\/tags?post=115369"}],"curies":[{"name":"wp","href":"https:\/\/api.w.org\/{rel}","templated":true}]}}