{"id":115392,"date":"2025-09-14T23:19:08","date_gmt":"2025-09-14T23:19:08","guid":{"rendered":"https:\/\/www.europesays.com\/es\/115392\/"},"modified":"2025-09-14T23:19:08","modified_gmt":"2025-09-14T23:19:08","slug":"viva-justo-hernandez-la-gaceta-de-salamanca","status":"publish","type":"post","link":"https:\/\/www.europesays.com\/es\/115392\/","title":{"rendered":"\u00a1Viva Justo Hern\u00e1ndez! | La Gaceta de Salamanca"},"content":{"rendered":"<p class=\"v-mdl-ath__p v-mdl-ath__p--6\">\nDomingo, 14 de septiembre 2025, 22:53<\/p>\n<ul class=\"v-u\">\n<li class=\"v-u__l\">\n<p class=\"v-p\">\nLA GLORIETA (14\/09\/25)<br \/>\nCasi lleno en los tendidos en tarde soleada y calurosa.\n<\/p>\n<\/li>\n<li class=\"v-u__l\">\n<p class=\"v-p\">\nGANADER\u00cdA<br \/>\n6 toros de Garcigrande, de gran presencia, cuajo y fant\u00e1sticas hechuras. Manso con car\u00e1cter el 1\u00ba, noble pero flojo el 2\u00ba; buenos 3\u00ba y 6\u00ba; bravo, encastado, con motor y transmisi\u00f3n el excelente 4\u00ba, Buenasuerte, que fue indultado, noble el 5\u00ba. En conjunto manse\u00f3 de salida.\n<\/p>\n<\/li>\n<li class=\"v-u__l\">\n<p class=\"v-p\">\nDIESTROS\n<\/p>\n<\/li>\n<li class=\"v-u__l\">\n<p class=\"v-p\">\nEMILIO DE JUSTO (GRANA Y ORO)<br \/>\nEstocada trasera (saludos tras aviso);y suerte simulada en el indulto.\n<\/p>\n<\/li>\n<li class=\"v-u__l\">\n<p class=\"v-p\">\nJUAN ORTEGA (CELESTE Y PLATA)<br \/>\nEstocada (oreja tras aviso);y pinchazo y estocada (saludos tras aviso).\n<\/p>\n<\/li>\n<li class=\"v-u__l\">\n<p class=\"v-p\">\nROCA REY (BLANCO Y ORO)<br \/>\nBajonazo (ovaci\u00f3n sin saludar);y estocada trasera y tendida (silencio).\n<\/p>\n<\/li>\n<\/ul>\n<p class=\"v-p\">Ya no se sabe qu\u00e9 tiene que hacer Justo Hern\u00e1ndez para que lo saquen a hombros de La Glorieta. Este domingo enarbol\u00f3 la grandeza de la bravura del toro moderno con un soberbio Buenasuerte que fue la dicha de todos. Un toro al que ser\u00eda injusto que le recordar\u00e1n que sali\u00f3 suelto de los primeros compases de la lidia cuando a\u00fan no se hab\u00eda fijado de la larga cambiada de rodillas de Emilio de Justo y de otra afarolada; ni que tampoco encandilara en el caballo. La gente se volvi\u00f3 loca con el toro nada m\u00e1s abrirse de muleta el torero de Torrejoncillo porque volv\u00eda loco a todos. Aunque pasara desapercibido para la inmensa mayor\u00eda en los primeros tercios, Emilio de Justo lo descubri\u00f3 r\u00e1pido. <\/p>\n<p class=\"v-p\">Lo brind\u00f3 al p\u00fablico y, desde los medios, lo cit\u00f3 con las dos rodillas en tierra. All\u00e1 que se fue el toro con un tranco ya de bandera. La plaza entr\u00f3 de inmediato en efervescencia porque las embestidas eran de frenes\u00ed. Tanto se reboz\u00f3 el animal en los embroques que, erguido ya despu\u00e9s, De Justo tir\u00f3 la espada simulada para acariciarlo al natural con la derecha. La plaza fue ya un clamor. La segunda embestida mejor\u00f3 a la primera, y la tercera superaba la segunda, la cuarta a la tercera. Y as\u00ed siempre&#8230; Emilio de Justo lo toreaba a placer. Con una y otra mano \u00a1todas al natural! mientras la ayuda ten\u00eda un lugar de privilegio, acostada en el ruedo. Y ah\u00ed, Buenasuerte poco a poco se fue alzando en el gran protagonista de un cap\u00edtulo maravilloso, que ser\u00e1 uno de los hitos de la Feria. Se superaba cada vez m\u00e1s en entrega, profundidad&#8230; en c\u00f3mo colocaba la cara en cada envite. Y en la largura de cada embestidas. Primoroso. No sorprendi\u00f3 que tan pronto se comenzara a pedir el indulto que iba camino de concederse irremediablemente porque el pupilo de Justo Hern\u00e1ndez no dejaba de embestir, cada vez m\u00e1s y mejor. Como si el pozo no tuviera fondo. Como si no se agotara nunca. Y de hecho no se termin\u00f3, tanto que entr\u00f3 en el reino de los elegidos para perpetuar su bravura.<\/p>\n<p class=\"v-p\">La plaza en plena ebullici\u00f3n. No hizo falta ni el amago del torero para entrar a matar. El p\u00fablico estaba en pie y la papeleta, en manos de Carlos Miguel Hern\u00e1ndez que, en un detalle inteligente y de buen aficionado, consult\u00f3 con el ganadero, que estaba en el callej\u00f3n. Hubiera sido un crimen negarle la vida a un animal con la plaza entera aclam\u00e1ndole&#8230; y apareci\u00f3 el pa\u00f1uelo naranja. La obra de Emilio de Justo fue realmente apasionada de principio a fin. Calibr\u00f3 a la perfecci\u00f3n la bravura del animal, la puso en valor y se coloc\u00f3 a su altura con un toreo desgarrado y profundo. A mayor exigencia, mayor entrega de ambos. Una gozada.<\/p>\n<p class=\"v-p\">Y una delicia result\u00f3 la faena de Juan Ortega a su primero: improvisada, distinta, personal, \u00fanica. Presidida por el toreo despacioso y aderezada con una superlativa variedad. El toro parec\u00eda derretirse en cada embestida derrochando nobleza y bondad. Y Juan Ortega lo acarici\u00f3 con mimo, torer\u00eda excelsa y con un gusto exquisito por ambas manos. La apertura result\u00f3 sublime, citando con la muleta plegada y enrosc\u00e1ndose al toro en un molinete;luego le gan\u00f3 pasos con la pierna flexionada en pasajes de gran belleza. Todas las series tuvieron una apertura y un cierre diferente. Molinetes, otros invertidos, trincheras, cambiados, pases de las flores, de pecho, uno de pie y otros rodilla en tierra&#8230; una genialidad tras otra. Cada uno fue una maravilla y todo el conjunto result\u00f3 una obra para paladear.<\/p>\n<p class=\"v-p\">En uno de los templos y feudos predilectos de Morante de la Puebla, Roca sinti\u00f3 qui\u00e9n reina en esta plaza, que le midi\u00f3 m\u00e1s que nunca, que le exigi\u00f3 como pocas veces y que vio sus dos faenas en la distancia y sin tenerle en cuenta. Ese ambiente le anul\u00f3. En la primera pareci\u00f3 pesarle el delicioso toreo de Ortega.La ruda interpretaci\u00f3n de Roca parec\u00eda demasiado densa y, aunque templada, le faltaba \u00e1ngel. Y con el sexto sufri\u00f3 otro cortocircuito parecido cuando sinti\u00f3 que estaba toreando para nadie. Ortega tampoco conect\u00f3 con el quinto, como tampoco se entendi\u00f3 De Justo con el primero, que tuvo un car\u00e1cter mayor. <\/p>\n<p class=\"v-p\">Aunque lo que de verdad no se entendi\u00f3 fue que a Justo Hern\u00e1ndez no se lo llevaran en volandas junto a Emilio de Justo. Y ya no solo por Buenasuerte si no por la prodigiosa historia prolongada en esta plaza en la que se ratific\u00f3 como el n\u00famero 1.<\/p>\n<p>Comenta<\/p>\n<p>Reporta un error<\/p>\n","protected":false},"excerpt":{"rendered":"Domingo, 14 de septiembre 2025, 22:53 LA GLORIETA (14\/09\/25) Casi lleno en los tendidos en tarde soleada y&hellip;\n","protected":false},"author":2,"featured_media":115393,"comment_status":"","ping_status":"","sticky":false,"template":"","format":"standard","meta":{"footnotes":""},"categories":[277],"tags":[373,168,25,24,4504,13004,23,167,374,10748],"class_list":{"0":"post-115392","1":"post","2":"type-post","3":"status-publish","4":"format-standard","5":"has-post-thumbnail","7":"category-toreo","8":"tag-bullfighting","9":"tag-deportes","10":"tag-es","11":"tag-espana","12":"tag-hernandez","13":"tag-justo","14":"tag-spain","15":"tag-sports","16":"tag-toreo","17":"tag-viva"},"share_on_mastodon":{"url":"","error":""},"_links":{"self":[{"href":"https:\/\/www.europesays.com\/es\/wp-json\/wp\/v2\/posts\/115392","targetHints":{"allow":["GET"]}}],"collection":[{"href":"https:\/\/www.europesays.com\/es\/wp-json\/wp\/v2\/posts"}],"about":[{"href":"https:\/\/www.europesays.com\/es\/wp-json\/wp\/v2\/types\/post"}],"author":[{"embeddable":true,"href":"https:\/\/www.europesays.com\/es\/wp-json\/wp\/v2\/users\/2"}],"replies":[{"embeddable":true,"href":"https:\/\/www.europesays.com\/es\/wp-json\/wp\/v2\/comments?post=115392"}],"version-history":[{"count":0,"href":"https:\/\/www.europesays.com\/es\/wp-json\/wp\/v2\/posts\/115392\/revisions"}],"wp:featuredmedia":[{"embeddable":true,"href":"https:\/\/www.europesays.com\/es\/wp-json\/wp\/v2\/media\/115393"}],"wp:attachment":[{"href":"https:\/\/www.europesays.com\/es\/wp-json\/wp\/v2\/media?parent=115392"}],"wp:term":[{"taxonomy":"category","embeddable":true,"href":"https:\/\/www.europesays.com\/es\/wp-json\/wp\/v2\/categories?post=115392"},{"taxonomy":"post_tag","embeddable":true,"href":"https:\/\/www.europesays.com\/es\/wp-json\/wp\/v2\/tags?post=115392"}],"curies":[{"name":"wp","href":"https:\/\/api.w.org\/{rel}","templated":true}]}}