{"id":115422,"date":"2025-09-14T23:40:30","date_gmt":"2025-09-14T23:40:30","guid":{"rendered":"https:\/\/www.europesays.com\/es\/115422\/"},"modified":"2025-09-14T23:40:30","modified_gmt":"2025-09-14T23:40:30","slug":"rubio-visita-israel-para-reiterar-el-apoyo-de-eeuu-pese-al-ataque-a-catar","status":"publish","type":"post","link":"https:\/\/www.europesays.com\/es\/115422\/","title":{"rendered":"Rubio visita Israel para reiterar el apoyo de EEUU pese al ataque a Catar"},"content":{"rendered":"<p>    <img src=\"https:\/\/www.europesays.com\/es\/wp-content\/uploads\/2025\/09\/2025-09-14T043A573A13Z-90000407.jpg\" width=\"1024\" height=\"682\" alt=\"\" loading=\"eager\" decoding=\"sync\" fetchpriority=\"high\"\/><\/p>\n<p>            afp_tickers        <\/p>\n<p>        Este contenido fue publicado en    <\/p>\n<p>        14 septiembre 2025 &#8211; 11:39\n<\/p>\n<p>El secretario de Estado estadounidense, Marco Rubio, arranc\u00f3 este domingo una visita a Israel, tras reiterar el apoyo inquebrantable de Washington a su aliado en su guerra contra Ham\u00e1s a pesar del ataque a Catar que ha suscitado la condena internacional.<\/p>\n<p>Este viaje se produce pese a que el presidente Donald Trump se mostr\u00f3 molesto por el bombardeo israel\u00ed del martes contra l\u00edderes del movimiento islamista palestino en Catar, aliado de Washington.<\/p>\n<p>Este ataque sin precedentes ten\u00eda como objetivo a dirigentes de Ham\u00e1s reunidos en un complejo residencial en pleno centro de Doha, capital de ese Estado mediador en las negociaciones para un alto el fuego en la Franja de Gaza.<\/p>\n<p>El bombardeo \u00abno va a cambiar la naturaleza de nuestra relaci\u00f3n con Israel, pero tendremos que hablar de ello, del impacto que tendr\u00e1\u00bb, declar\u00f3 el jefe de la diplomacia estadounidense a los periodistas antes de su partida.<\/p>\n<p>Seg\u00fan el Departamento de Estado, el objetivo del viaje de Rubio es garantizar a Israel el apoyo de Estados Unidos, antes del pr\u00f3ximo reconocimiento de un Estado palestino por parte de varios pa\u00edses en la Asamblea General de la ONU.<\/p>\n<p>En Jerusal\u00e9n, Rubio tiene previsto visitar el domingo el Muro de las Lamentaciones en compa\u00f1\u00eda de Benjamin Netanyahu, seg\u00fan la oficina del primer ministro israel\u00ed. El lunes tienes previstas varias reuniones antes de su partida el martes.<\/p>\n<p>Desde el inicio de la guerra en Gaza, desencadenada por un mortal ataque de Ham\u00e1s el 7 de octubre de 2023, Israel ha diezmado a los dirigentes de ese grupo proiran\u00ed, al que jura destruir y expulsar del territorio palestino, donde hab\u00eda tomado el poder en 2007.<\/p>\n<p>\u00abLos l\u00edderes terroristas de Ham\u00e1s que viven en Catar se burlan del destino de los habitantes de Gaza. Han bloqueado todos los intentos de alto el fuego para prolongar indefinidamente la guerra\u00bb, afirm\u00f3 Netanyahu, el s\u00e1bado en la red social X.<\/p>\n<p>\u00abDeshacerse de ellos eliminar\u00eda el principal obst\u00e1culo para liberar a todos nuestros rehenes y terminar la guerra\u00bb, a\u00f1adi\u00f3.<\/p>\n<p>\u2013 Netanyahu, un \u00abobst\u00e1culo\u00bb \u2013<\/p>\n<p>Pero para el Foro de Familias de los rehenes retenidos en Gaza, la principal organizaci\u00f3n israel\u00ed que congrega a los allegados de los cautivos en Gaza, es Netanyahu quien representa un \u00abobst\u00e1culo\u00bb para el fin de la guerra.<\/p>\n<p>\u00abCada vez que se acerca un acuerdo, Netanyahu lo sabotea\u00bb, lamentaron.<\/p>\n<p>En la Franja de Gaza, azotada por la hambruna y devastada por casi dos a\u00f1os de guerra, el ej\u00e9rcito israel\u00ed contin\u00faa su ofensiva en Ciudad de Gaza, a la que presenta como uno de los \u00faltimos bastiones de Ham\u00e1s y sobre la que quiere tomar el control.<\/p>\n<p>El s\u00e1bado el ej\u00e9rcito afirm\u00f3 que m\u00e1s de 250.000 habitantes abandonaron la ciudad desde la intensificaci\u00f3n de sus bombardeos.<\/p>\n<p>El portavoz de la Defensa Civil en Gaza, Mahmud Basal, inform\u00f3 que solo 68.000 personas hab\u00edan logrado evacuar la zona.<\/p>\n<p>Seg\u00fan estimaciones recientes de la ONU, alrededor de un mill\u00f3n de palestinos viven en Ciudad de Gaza y sus alrededores, la m\u00e1s grande del territorio.<\/p>\n<p>La defensa civil local inform\u00f3 de al menos siete muertos el domingo en nuevos ataques israel\u00edes.<\/p>\n<p>Dadas las restricciones impuestas a los medios de comunicaci\u00f3n en la Franja y las dificultades de acceso sobre el terreno, la AFP no puede verificar de forma independiente la informaci\u00f3n proporcionada por las diferentes partes.<\/p>\n<p>\u2013 El sur \u00abtampoco es seguro\u00bb \u2013<\/p>\n<p>El s\u00e1bado, el ej\u00e9rcito israel\u00ed lanz\u00f3 panfletos en los que instaba a los habitantes de los barrios occidentales de Ciudad de Gaza a desalojar hacia el sur.<\/p>\n<p>Im\u00e1genes de AFP muestran una fila de veh\u00edculos y peatones que abandonan Ciudad de Gaza en direcci\u00f3n sur, junto a edificios en ruinas.<\/p>\n<p>Bakri Diab, que huy\u00f3 del oeste de Ciudad de Gaza hacia en esa direcci\u00f3n, afirma que los ataques israel\u00edes tambi\u00e9n contin\u00faan en esa \u00e1rea.<\/p>\n<p>\u00abEl sur tampoco es seguro\u00bb, dice este padre de cuatro hijos de 35 a\u00f1os.<\/p>\n<p>El conflicto con un ataque de Ham\u00e1s en Israel, que result\u00f3 en la muerte de 1.219 personas, en su mayor\u00eda civiles, seg\u00fan un balance de la AFP basado en datos israel\u00edes.\u00a0<\/p>\n<p>De las 251 personas secuestradas ese d\u00eda, 47 siguen retenidas en Gaza, de las cuales 25 han fallecido, seg\u00fan el ej\u00e9rcito israel\u00ed.<\/p>\n<p>La ofensiva de represalia de Israel deja al menos 64.756 muertos en Gaza, seg\u00fan el Ministerio de Salud bajo la autoridad de Ham\u00e1s. Tambi\u00e9n devast\u00f3 el territorio palestino y provoc\u00f3 una cat\u00e1strofe humanitaria.<\/p>\n<p>bur-roc\/arm\/meb\/pc<\/p>\n","protected":false},"excerpt":{"rendered":"afp_tickers Este contenido fue publicado en 14 septiembre 2025 &#8211; 11:39 El secretario de Estado estadounidense, Marco Rubio,&hellip;\n","protected":false},"author":2,"featured_media":115423,"comment_status":"","ping_status":"","sticky":false,"template":"","format":"standard","meta":{"footnotes":""},"categories":[5],"tags":[17,18,636,83,25,24,13,14,11,86,19,20,9,10,15,16,88,23,90,12,21,22],"class_list":{"0":"post-115422","1":"post","2":"type-post","3":"status-publish","4":"format-standard","5":"has-post-thumbnail","7":"category-titulares","8":"tag-breaking-news","9":"tag-breakingnews","10":"tag-conflict","11":"tag-diplomacy","12":"tag-es","13":"tag-espana","14":"tag-featured-news","15":"tag-featurednews","16":"tag-headlines","17":"tag-international-relations","18":"tag-latest-news","19":"tag-latestnews","20":"tag-news","21":"tag-noticias","22":"tag-noticias-destacadas","23":"tag-noticiasdestacadas","24":"tag-politics","25":"tag-spain","26":"tag-ticker","27":"tag-titulares","28":"tag-ultimas-noticias","29":"tag-ultimasnoticias"},"share_on_mastodon":{"url":"","error":""},"_links":{"self":[{"href":"https:\/\/www.europesays.com\/es\/wp-json\/wp\/v2\/posts\/115422","targetHints":{"allow":["GET"]}}],"collection":[{"href":"https:\/\/www.europesays.com\/es\/wp-json\/wp\/v2\/posts"}],"about":[{"href":"https:\/\/www.europesays.com\/es\/wp-json\/wp\/v2\/types\/post"}],"author":[{"embeddable":true,"href":"https:\/\/www.europesays.com\/es\/wp-json\/wp\/v2\/users\/2"}],"replies":[{"embeddable":true,"href":"https:\/\/www.europesays.com\/es\/wp-json\/wp\/v2\/comments?post=115422"}],"version-history":[{"count":0,"href":"https:\/\/www.europesays.com\/es\/wp-json\/wp\/v2\/posts\/115422\/revisions"}],"wp:featuredmedia":[{"embeddable":true,"href":"https:\/\/www.europesays.com\/es\/wp-json\/wp\/v2\/media\/115423"}],"wp:attachment":[{"href":"https:\/\/www.europesays.com\/es\/wp-json\/wp\/v2\/media?parent=115422"}],"wp:term":[{"taxonomy":"category","embeddable":true,"href":"https:\/\/www.europesays.com\/es\/wp-json\/wp\/v2\/categories?post=115422"},{"taxonomy":"post_tag","embeddable":true,"href":"https:\/\/www.europesays.com\/es\/wp-json\/wp\/v2\/tags?post=115422"}],"curies":[{"name":"wp","href":"https:\/\/api.w.org\/{rel}","templated":true}]}}