{"id":115430,"date":"2025-09-14T23:46:07","date_gmt":"2025-09-14T23:46:07","guid":{"rendered":"https:\/\/www.europesays.com\/es\/115430\/"},"modified":"2025-09-14T23:46:07","modified_gmt":"2025-09-14T23:46:07","slug":"le-cede-la-victoria-a-mcnulty-y-el-uae-iguala-el-record-del-htc","status":"publish","type":"post","link":"https:\/\/www.europesays.com\/es\/115430\/","title":{"rendered":"le cede la victoria a McNulty y el UAE iguala el r\u00e9cord del HTC"},"content":{"rendered":"<p data-mrf-recirculation=\"Links P\u00e1rrafos\" class=\"ue-c-article__paragraph paragraph ue-c-article--first-letter-highlighted\">Ha llegado el d\u00eda: el UAE Team Emirates acaba de igualar el <strong>r\u00e9cord <\/strong>hist\u00f3rico de victorias del <strong>Columbia HTC <\/strong>(<strong>85<\/strong>). Fue una jornada de absoluto dominio en <strong>Montreal<\/strong>, con un equipo que mostr\u00f3 su hegemon\u00eda, y un Tadej Pogacar en modo casi paternal, entregando la victoria a su gregario, <strong>Brandon McNulty.<\/strong><\/p>\n<p data-mrf-recirculation=\"Links P\u00e1rrafos\" class=\"ue-c-article__paragraph paragraph\">Juntos corrieron los <strong>\u00faltimos 16 km<\/strong>. Al llegar a meta, entre sonrisas, <strong>Pogacar se releg\u00f3 <\/strong>y permiti\u00f3 que el estadounidense cruzara la l\u00ednea de llegada en primera posici\u00f3n. Con toda seguridad, superar\u00e1n pronto el r\u00e9cord del HTC: solo necesitan una victoria m\u00e1s\u2026 y, viendo su forma, vendr\u00e1n muchas m\u00e1s.<\/p>\n<p data-mrf-recirculation=\"Links P\u00e1rrafos\" class=\"ue-c-article__paragraph paragraph\">El esloveno tiene todav\u00eda varios desaf\u00edos pendientes: el Mundial entre el 21 y el 28 de septiembre, los Europeos el 5 de octubre y Lombard\u00eda el 10 de octubre.\u00a0<\/p>\n","protected":false},"excerpt":{"rendered":"Ha llegado el d\u00eda: el UAE Team Emirates acaba de igualar el r\u00e9cord hist\u00f3rico de victorias del Columbia&hellip;\n","protected":false},"author":2,"featured_media":115431,"comment_status":"","ping_status":"","sticky":false,"template":"","format":"standard","meta":{"footnotes":""},"categories":[273],"tags":[313,312,168,25,24,23,167],"class_list":{"0":"post-115430","1":"post","2":"type-post","3":"status-publish","4":"format-standard","5":"has-post-thumbnail","7":"category-ciclismo","8":"tag-ciclismo","9":"tag-cycling","10":"tag-deportes","11":"tag-es","12":"tag-espana","13":"tag-spain","14":"tag-sports"},"share_on_mastodon":{"url":"","error":""},"_links":{"self":[{"href":"https:\/\/www.europesays.com\/es\/wp-json\/wp\/v2\/posts\/115430","targetHints":{"allow":["GET"]}}],"collection":[{"href":"https:\/\/www.europesays.com\/es\/wp-json\/wp\/v2\/posts"}],"about":[{"href":"https:\/\/www.europesays.com\/es\/wp-json\/wp\/v2\/types\/post"}],"author":[{"embeddable":true,"href":"https:\/\/www.europesays.com\/es\/wp-json\/wp\/v2\/users\/2"}],"replies":[{"embeddable":true,"href":"https:\/\/www.europesays.com\/es\/wp-json\/wp\/v2\/comments?post=115430"}],"version-history":[{"count":0,"href":"https:\/\/www.europesays.com\/es\/wp-json\/wp\/v2\/posts\/115430\/revisions"}],"wp:featuredmedia":[{"embeddable":true,"href":"https:\/\/www.europesays.com\/es\/wp-json\/wp\/v2\/media\/115431"}],"wp:attachment":[{"href":"https:\/\/www.europesays.com\/es\/wp-json\/wp\/v2\/media?parent=115430"}],"wp:term":[{"taxonomy":"category","embeddable":true,"href":"https:\/\/www.europesays.com\/es\/wp-json\/wp\/v2\/categories?post=115430"},{"taxonomy":"post_tag","embeddable":true,"href":"https:\/\/www.europesays.com\/es\/wp-json\/wp\/v2\/tags?post=115430"}],"curies":[{"name":"wp","href":"https:\/\/api.w.org\/{rel}","templated":true}]}}