{"id":115464,"date":"2025-09-15T00:08:12","date_gmt":"2025-09-15T00:08:12","guid":{"rendered":"https:\/\/www.europesays.com\/es\/115464\/"},"modified":"2025-09-15T00:08:12","modified_gmt":"2025-09-15T00:08:12","slug":"copa-davis-un-bano-sorpresa-a-luis-horna-el-si-hay-futuro-de-ignacio-buse-y-la-emocion-del-historico-jaime-yzaga-lo-que-no-se-vio-del-memorable-triunfo-de-peru-ante-portugal-para","status":"publish","type":"post","link":"https:\/\/www.europesays.com\/es\/115464\/","title":{"rendered":"Copa Davis | Un ba\u00f1o sorpresa a Luis Horna, el \u201cs\u00ed hay futuro\u201d de Ignacio Buse y la emoci\u00f3n del hist\u00f3rico Jaime Yzaga: lo que no se vio del memorable triunfo de Per\u00fa ante Portugal para avanzar en la Davis | DEPORTE-TOTAL"},"content":{"rendered":"<p itemprop=\"description\" class=\"story-contents__font-paragraph \"><b>No fue un domingo de gloria, pero s\u00ed un s\u00e1bado de gloria para el tenis peruano. El estadio Hermanos Buse del Club Lawn Tennis de Jes\u00fas Mar\u00eda alberg\u00f3 una jornada \u00e9pica, hist\u00f3rica para esta disciplina deportiva que puede ser una de las m\u00e1s hermosa del mundo, pero tambi\u00e9n la m\u00e1s cruel. No obstante, ayer, le toc\u00f3 al equipo peruano de <\/b><a itemprop=\"url\" href=\"https:\/\/elcomercio.pe\/deporte-total\/tenis\/buse-vs-borges-en-vivo-online-por-copa-davis-2025-transmision-del-partido-de-tenis-noticia\/\" target=\"_blank\" rel=\"noreferrer nofollow noopener\" title=\"https:\/\/elcomercio.pe\/deporte-total\/tenis\/buse-vs-borges-en-vivo-online-por-copa-davis-2025-transmision-del-partido-de-tenis-noticia\/\"><b>Copa Davis<\/b><\/a><b> celebrar frente a los m\u00e1s de 2.000 hinchas que se dieron cita en el recinto y en realidad ante todos los peruanos que siguieron la serie frente a Portugal a trav\u00e9s de la TV o los dispositivos m\u00f3viles. <\/b><\/p>\n<blockquote class=\"story-contents__blockquote\"><p><b>LEE: <\/b><a href=\"https:\/\/elcomercio.pe\/deporte-total\/futbol-peruano\/universitario-la-ministra-de-economia-de-la-u-quien-es-nancy-corzo-y-como-logro-que-las-finanzas-de-universitario-tambien-construyan-el-bicampeonato-tlcnota-noticia\/\" target=\"_self\" rel=\"nofollow noopener\" title=\"https:\/\/elcomercio.pe\/deporte-total\/futbol-peruano\/universitario-la-ministra-de-economia-de-la-u-quien-es-nancy-corzo-y-como-logro-que-las-finanzas-de-universitario-tambien-construyan-el-bicampeonato-tlcnota-noticia\/\"><b>\u201cLa ministra de econom\u00eda de la \u2018U\u2019\u201d: Qui\u00e9n es Nancy Corzo y c\u00f3mo logr\u00f3 que las finanzas de Universitario tambi\u00e9n construyan el bicampeonato<\/b><\/a><\/p><\/blockquote>\n<p itemprop=\"description\" class=\"story-contents__font-paragraph \">Precisamente, el ambiente, el calor de la gente, el retumbar del bombo en las gradas acompa\u00f1ado fuertemene con el \u201cPer\u00fa, Per\u00fa, Per\u00fa, Per\u00fa\u201d fue una inyecci\u00f3n de motivaci\u00f3n para los jugadores nacionales, sobre todo cuando los lusos empezaban a reaccionar y se acercaban a emparejar la serie. Primero con su triunfo en el duelo de dobles de la mano de sus dos top 100. Y es que Francisco Cabral (31\u00b0 ATP) y Nuno Borges (93\u00b0 ATP) vencieron por 7-5 y 6-3 al d\u00fao local conformado por <a itemprop=\"url\" href=\"https:\/\/elcomercio.pe\/noticias\/ignacio-buse\/\" target=\"_blank\" rel=\"noreferrer nofollow noopener\" title=\"https:\/\/elcomercio.pe\/noticias\/ignacio-buse\/\">Ignacio Buse<\/a> y Juan Pablo Varillas. De esta forma la serie pasaba a definirse en el cuarto juego, ahora con las dos primeras raquetas de ambas naciones en singles. <\/p>\n<p><img loading=\"lazy\" src=\"https:\/\/www.europesays.com\/es\/wp-content\/uploads\/2025\/09\/PGVU7IEPBFGDRGCG26NQQFDNDA.jpg\" alt=\"Ignacio Buse fue el protagonista en el cuarto punto que jugaron Per\u00fa y Portugal. (Foto: Fernando Sangama \/ GEC)\" decoding=\"async\" class=\"lazy story-contents__image w-full o-cover\" style=\"--aspect-ratio:1200\/704\" width=\"1200\" height=\"704\"\/><\/p>\n<p>Ignacio Buse fue el protagonista en el cuarto punto que jugaron Per\u00fa y Portugal. (Foto: Fernando Sangama \/ GEC)<\/p>\n<p itemprop=\"description\" class=\"story-contents__font-paragraph \">El encargado de cerrar una jornada llena de historia y m\u00edstica era Buse, en un estadio donde jug\u00f3 su abuelo y el cual lleva su apellido. Su padre, Hans Buse, ten\u00eda sentimientos encontrados, pues en ese recinto jug\u00f3 su padre, tambi\u00e9n jug\u00f3 \u00e9l y ahora su hijo estaba frente a un partido que pod\u00eda ingresar a la historia del tenis peruano. Y sucedi\u00f3 as\u00ed, aunque en un inicio Borges demostr\u00f3 porque es parte de la \u00e9lite del circuito ATP, siendo actualmente 52 del r\u00e1nking mundial en singles (su mejor posici\u00f3n fue 30 del mundo en setiembre del a\u00f1o pasado). <\/p>\n<p itemprop=\"description\" class=\"story-contents__font-paragraph \">Borges fue agresivo en el primer set, aprovech\u00f3 las dudas de \u2018Nacho\u2019 y se impuso con parciales de 6-2. No obstante, el colorado no se derrumb\u00f3. La calma, la serenidad de Lucho Horna, pero sobre todo la confianza que le transmit\u00eda desde el banquillo el capit\u00e1n del equipo peruano despertaron al tenista de 21 a\u00f1os. Tambi\u00e9n sus compa\u00f1eros de equipo con el \u201cvamos \u2018colo\u2019, vamos arriba\u201d, fueron otro impulso para que demuestre todo su repertorio, ese tenis que lo est\u00e1 llevando a ser una figura latinoamericano que est\u00e1 generando mucha expectativa en el circuito profesional. <\/p>\n<p>Una emocionante celebraci\u00f3n<\/p>\n<p itemprop=\"description\" class=\"story-contents__font-paragraph \">Ignacio Buse era consciente de que a Portugal no se le pod\u00eda dar m\u00e1s opciones despu\u00e9s de caer en el duelo de dobles y tras ceder el primer set frente a Nuno Borges. Se necesitaba de su mejor versi\u00f3n para sellar una noche hist\u00f3rica y as\u00ed, empez\u00f3 a encontrarse con su mejor performance, con esos paralelos que parecen imposibles de lograr, pidendo al p\u00fablico en cada punto a levantarse, a que su rugido en el campo tenga un eco en las gradas. <\/p>\n<p itemprop=\"description\" class=\"story-contents__font-paragraph \">El factor coraz\u00f3n, el factor emocional es siempre vital en la Copa Davis y fue tambi\u00e9n una inyecci\u00f3n en el juego del colorado, por ende tambi\u00e9n en el marcador. El tenista peruano emparej\u00f3 el \u2018match\u2019 con un 6-3 y todo se definir\u00eda en un tercer set que iba a tener de todo con rallies que invitaban al error a cualquiera de los dos tenistas. La polvo de ladrillo se levantaba cuando ambos deportistas se impulsaban en busca del punto, pero \u2018Nacho\u2019 fue decisivo en los momentos exactos, quebrando el servicio de Borges, de 28 a\u00f1os, y consiguiendo un 6-2 final que hizo que el estadio Hermanos Buse viviera una fiesta. <\/p>\n<p itemprop=\"description\" class=\"story-contents__font-paragraph \">En la arcilla, despu\u00e9s de que el portugu\u00e9s env\u00ede el bal\u00f3n fuera del campo y se consiga la clasificaci\u00f3n a la Qualifiers, todo el equipo peruano, jugadores convocados, juniors de la selecci\u00f3n, comando t\u00e9cnico, fueron a abrazar a Buse. Desde el camerino sali\u00f3 disparo, corriendo Gonzalo Bueno (209\u00b0 ATP). Su gran amigo, su promoci\u00f3n en el tenis \u2014ambos tiene 21 a\u00f1os\u2014 dej\u00f3 la concentraci\u00f3n para abrazar y celebrar con \u00e9l la \u00e9pica victoria. <\/p>\n<p itemprop=\"description\" class=\"story-contents__font-paragraph \">Ambos sienten la victoria de uno como si fuera suya, se conocen desde hace doce a\u00f1os y curiosamente, en esta serie, en el hotel de concentraci\u00f3n cada jugador ten\u00eda un cuarto personal, pero ellos pidieron estar juntos, como siempre lo han hecho cuando viajan a representar al pa\u00eds. Por eso, otra vez unidos, acompa\u00f1ados de Juan Pablo Varillas (318\u00b0 ATP), la figura que vieron ellos de peque\u00f1os batallar por Per\u00fa en la Copa Davis, y de Alexander Merino, el mejor doblista nacional que apunta ahora a ganarse un lugar fijo en esa modalidad, se dieron una vuelta por todo el recinto para agradecer a la gente, porque el triunfo, la clasificaci\u00f3n a la Qualifiers es tambi\u00e9n de ellos, del Per\u00fa y de un tenis peruano que tiene un gran presente, pero sobre todo un futuro prometedor. <\/p>\n<p itemprop=\"description\" class=\"story-contents__font-paragraph \">Otra leyenda en el recinto era Jaime Yzaga, uno de los grandes tenistas que tuvo el Per\u00fa y que fue n\u00famero 18 del r\u00e1nking mundial. Desde la parte alta de la tribuna de occidente, Yzaga observ\u00f3 con ese ojo cl\u00ednico el desempe\u00f1o de \u2018Nacho\u2019 y festej\u00f3 no solo como un hincha m\u00e1s el triunfo, sino con esa pasi\u00f3n, con ese amor por el tenis peruano que ahora est\u00e1 bien representada por una gran generaci\u00f3n. <\/p>\n<p itemprop=\"description\" class=\"story-contents__font-paragraph \">\u201cYo creo que hay futuro en el tenis peruano y sigan apoy\u00e1ndonos. Hay futuro. Hoy hemos compartido con un grupo de chicos [juniors], Gonzalo y yo tambi\u00e9n somos el presente y futuro\u201d, sostuvo Ignacio Buse en medio del campo. En la zona del banquillo todav\u00eda estaba parado, con ojos llorosos Lucho Horna, quien ya explic\u00f3 que vive las jornadas de Copa Davis como si a\u00fan fuera un jugador de tenis, con esa misma emoci\u00f3n y compromiso. As\u00ed, el triunfo, la clasificaci\u00f3n tambi\u00e9n es gracias a \u00e9l y sus jugadores lo entendieron as\u00ed, ba\u00f1\u00e1ndolo de forma sopresiva cuando se prestaba a declarar al canal nacional que transmiti\u00f3 la serie. Esa acci\u00f3n refleja el gran ambiente, el v\u00ednculo cercano entre Horna y los jugadores.<\/p>\n<p itemprop=\"description\" class=\"story-contents__font-paragraph \">Ahora, el sorteo para conocer al primera en la primera ronda de la Qualifiers de la Copa Davis que se juega en febrero del pr\u00f3ximo a\u00f1o se debe conocer en octubre, cuando la Federaci\u00f3n Internacional de Tenis (ITF) realice el sorteo en su sede de Londres. Por ahora, son d\u00edas de celebraci\u00f3n, pero Lucho Horna ya sostuvo que tiene una cuenta pendiente, la de consolidar una dupla, un d\u00fao fijo para el punto de dobles. Hay tiempo, pero sobre todo el tenis peruano cuenta con talento. <\/p>\n<p itemprop=\"description\" class=\"story-contents__font-paragraph \">**** <\/p>\n<p itemprop=\"description\" class=\"story-contents__font-paragraph \">\u00a1Tu pasi\u00f3n merece ser premiada! Accede a contenido exclusivo, sorteos, premios y m\u00e1s con la Suscripci\u00f3n del Hincha. <a itemprop=\"url\" href=\"https:\/\/elcomercio.pe\/suscripciones\/hincha-libertadores\/promo-code\/?utm_source=auto-publicidad&amp;utm_medium=redaccion-nota-interna&amp;utm_campaign=suscripcion-hincha\" target=\"_blank\" rel=\"noreferrer nofollow noopener\" title=\"https:\/\/elcomercio.pe\/suscripciones\/hincha-libertadores\/promo-code\/?utm_source=auto-publicidad&amp;utm_medium=redaccion-nota-interna&amp;utm_campaign=suscripcion-hincha\">Da click aqu\u00ed para ingresar<\/a>.<\/p>\n<p><a href=\"https:\/\/elcomercio.pe\/suscripciones\/hincha-libertadores\/promo-code\/?utm_source=auto-publicidad&amp;utm_medium=redaccion-nota-interna&amp;utm_campaign=suscripcion-hincha\" target=\"_blank\" rel=\"nofollow noopener\"><br \/>\n\t<img decoding=\"async\" src=\"https:\/\/www.europesays.com\/es\/wp-content\/uploads\/2025\/08\/IVFV74U6NNFGNCHKLXPFVE27Q4.jpg\" width=\"100%\"\/><br \/>\n<\/a>SOBRE EL AUTOR<a itemprop=\"url\" href=\"https:\/\/elcomercio.pe\/autor\/carloslazaro\/\" target=\"_blank\" rel=\"noreferrer nofollow noopener\"><img src=\"https:\/\/www.europesays.com\/es\/wp-content\/uploads\/2025\/09\/https:\/\/author-service-images-prod-us-east-1.publishing.aws.arc.pub\/elcomercio\/5b6d55cd-1052-4f18-a3.jpeg\" alt=\"Carlos L\u00e1zaro Odr\u00eda\" decoding=\"async\" class=\"lazy story-contents__about-author-image lazy\"\/><\/a><a class=\"story-contents__about-author-social-icon\" href=\"https:\/\/twitter.com\/Lazanomas\" itemprop=\"url\" rel=\"noreferrer nofollow noopener\" aria-label=\"Leer mas contenido del autor en twitter\" target=\"_blank\"><img loading=\"lazy\" decoding=\"async\" src=\"https:\/\/cdna.elcomercio.pe\/resources\/dist\/elcomercio\/images\/svgto_x_dark_op.png\" alt=\"x-twitter\" width=\"18\" height=\"18\"\/><\/a><a class=\"story-contents__about-author-social-icon\" href=\"https:\/\/www.linkedin.com\/in\/https:\/\/www.linkedin.com\/in\/crlo92\/\" itemprop=\"url\" aria-label=\"Leer mas contenido del autor en Linkedin\" rel=\"noreferrer nofollow noopener\" target=\"_blank\"><\/a><\/p>\n<p class=\"story-contents__about-author-bio\">Licenciado en Comunicaci\u00f3n y Multimedios por la Universidad Mayor de Chile. Periodista deportivo formado en ISIL. Inici\u00e9 mi carrera en el 2014, en Publimetro. He sido redactor en Zona Deportiva del Grupo El Comercio, Jefe Print Otras Marcas, Jefe de Contenido Calificado y editor del diario Depor. Hoy en Deporte Total y Mesa Central de El Comercio.<\/p>\n<p><script async src=\"https:\/\/platform.twitter.com\/widgets.js\" charset=\"utf-8\"><\/script><\/p>\n","protected":false},"excerpt":{"rendered":"No fue un domingo de gloria, pero s\u00ed un s\u00e1bado de gloria para el tenis peruano. El estadio&hellip;\n","protected":false},"author":2,"featured_media":115465,"comment_status":"","ping_status":"","sticky":false,"template":"","format":"standard","meta":{"footnotes":""},"categories":[274],"tags":[38819,38820,38821,168,25,24,38812,26625,38813,38814,38816,38815,38817,38818,23,167,327,326],"class_list":{"0":"post-115464","1":"post","2":"type-post","3":"status-publish","4":"format-standard","5":"has-post-thumbnail","7":"category-tenis","8":"tag-copa-davis-peru","9":"tag-cuando-juega-peru-las-qualifiers","10":"tag-cuando-vuelve-a-jugar-peru-en-copa-davis","11":"tag-deportes","12":"tag-es","13":"tag-espana","14":"tag-gonzalo-bueno","15":"tag-ignacio-buse","16":"tag-ignacio-buse-copa-davis","17":"tag-ignacio-buse-peru","18":"tag-ignacio-buse-tenis-peruano","19":"tag-ignacio-buse-tenista-peruano","20":"tag-lucho-horna","21":"tag-luis-horna-copa-davis","22":"tag-spain","23":"tag-sports","24":"tag-tenis","25":"tag-tennis"},"share_on_mastodon":{"url":"","error":""},"_links":{"self":[{"href":"https:\/\/www.europesays.com\/es\/wp-json\/wp\/v2\/posts\/115464","targetHints":{"allow":["GET"]}}],"collection":[{"href":"https:\/\/www.europesays.com\/es\/wp-json\/wp\/v2\/posts"}],"about":[{"href":"https:\/\/www.europesays.com\/es\/wp-json\/wp\/v2\/types\/post"}],"author":[{"embeddable":true,"href":"https:\/\/www.europesays.com\/es\/wp-json\/wp\/v2\/users\/2"}],"replies":[{"embeddable":true,"href":"https:\/\/www.europesays.com\/es\/wp-json\/wp\/v2\/comments?post=115464"}],"version-history":[{"count":0,"href":"https:\/\/www.europesays.com\/es\/wp-json\/wp\/v2\/posts\/115464\/revisions"}],"wp:featuredmedia":[{"embeddable":true,"href":"https:\/\/www.europesays.com\/es\/wp-json\/wp\/v2\/media\/115465"}],"wp:attachment":[{"href":"https:\/\/www.europesays.com\/es\/wp-json\/wp\/v2\/media?parent=115464"}],"wp:term":[{"taxonomy":"category","embeddable":true,"href":"https:\/\/www.europesays.com\/es\/wp-json\/wp\/v2\/categories?post=115464"},{"taxonomy":"post_tag","embeddable":true,"href":"https:\/\/www.europesays.com\/es\/wp-json\/wp\/v2\/tags?post=115464"}],"curies":[{"name":"wp","href":"https:\/\/api.w.org\/{rel}","templated":true}]}}