{"id":115466,"date":"2025-09-15T00:09:09","date_gmt":"2025-09-15T00:09:09","guid":{"rendered":"https:\/\/www.europesays.com\/es\/115466\/"},"modified":"2025-09-15T00:09:09","modified_gmt":"2025-09-15T00:09:09","slug":"las-protestas-propalestinas-ponen-fin-a-la-ultima-etapa-de-la-vuelta","status":"publish","type":"post","link":"https:\/\/www.europesays.com\/es\/115466\/","title":{"rendered":"las protestas propalestinas ponen fin a la \u00faltima etapa de La Vuelta"},"content":{"rendered":"<p class=\"L6-news-detail__text\">Figueres, Bilbao, Pontevedra, Navacerrada&#8230; y Madrid. Lo que ha sido la t\u00f3nica habitual de las etapas de esta edici\u00f3n de <b><a title=\"La Vuelta\" href=\"https:\/\/www.lasexta.com\/noticias\/deportes\/ciclismo\/tension-centro-madrid-espera-llegada-ciclistas-vuelta_2025091468c6ea49ca99f73feef85f5d.html\" target=\"_blank\" rel=\"nofollow noopener\">La Vuelta<\/a><\/b> se ha vuelto a repetir en el \u00faltimo d\u00eda de la competici\u00f3n con la mayor manifestaci\u00f3n propalestina hasta la fecha que ha obligado<b> a la suspensi\u00f3n de la \u00faltima etapa<\/b> (y por ende la finalizaci\u00f3n de la carrera), una acci\u00f3n que ha venido respondida con cargas por parte de la Polic\u00eda Nacional para contener las protestas.<\/p>\n<p class=\"L6-news-detail__text\">Durante toda la ronda espa\u00f1ola, la participaci\u00f3n del equipo <b><a title=\"Israel-Premier Tech\" href=\"https:\/\/www.lasexta.com\/noticias\/deportes\/ciclismo\/premier-tech-borra-palabra-israel-sus-maillots-vuelta-priorizar-seguridad-sus-ciclistas_2025090668bc256c8f77821956b4fc0f.html\" target=\"_blank\" rel=\"nofollow noopener\">Israel-Premier Tech<\/a><\/b> ha generado la protesta de miles de personas pidiendo su expulsi\u00f3n. Varios d\u00edas se ha tenido que modificar el recorrido, en ocasiones ha sido necesaria la intervenci\u00f3n policial para garantizar la continuidad de la carrera, en otras directamente se ha tenido que adelantar el final y en algunas se han dado todas esas acciones.<\/p>\n<p class=\"L6-news-detail__text\">Todo hac\u00eda indicar, a ra\u00edz de las m\u00faltiples concentraciones convocadas, que el final de la carrera en Madrid no tendr\u00eda un transcurso normal y as\u00ed ha sido. En una primera instancia, la organizaci\u00f3n de La Vuelta, con los corredores ya en marcha, <b><a title=\"ha modificado el recorrido\" href=\"https:\/\/www.lasexta.com\/noticias\/sociedad\/vuelta-cambia-recorrido-evita-paso-peloton-centro-alcobendas_2025091468c6e6c2ca99f73feef855a1.html\" target=\"_blank\" rel=\"nofollow noopener\">ha modificado el recorrido<\/a><\/b> para evitar el paso del pelot\u00f3n por el centro urbano de Alcobendas por seguridad.<\/p>\n<p class=\"L6-news-detail__text\">Pero el foco estaba en Madrid. Con los ciclistas a escasos kil\u00f3metros de entrar en la capital espa\u00f1ola, <b>un grupo de manifestantes invad\u00eda la Gran V\u00eda<\/b>, parte del circuito creado para esta \u00faltima etapa, algo que hac\u00eda saltar las alarmas de que la etapa no se podr\u00eda completar. La invasi\u00f3n, que ven\u00eda de la mano con <b>el lanzamiento de vallas<\/b>, se repiti\u00f3 en otros puntos del circuito como en Atocha o en la Plaza de Cibeles, convirtiendo en un imposible la continuidad de la carrera.<\/p>\n<p class=\"L6-news-detail__text\">Eso s\u00ed, los ciclistas siguieron su recorrido unos kil\u00f3metros m\u00e1s hasta que un peque\u00f1o <b>grupo de personas se coloc\u00f3 en medio de la carretera con un cartel propalestino<\/b>, frenando el paso de la cola del pelot\u00f3n. Incluso <b>algunos ciclistas sufrieron empujones<\/b> de estos manifestantes en su intento por pasar y continuar el trayecto.<\/p>\n<p class=\"L6-news-detail__text\">Ante toda esta situaci\u00f3n, que iba escalando con el paso de los minutos, la organizaci\u00f3n de La Vuelta paraliz\u00f3 la carrera. Mientras tanto, los agentes de la Polic\u00eda Nacional realizaban <b>la primera de las varias cargas que han tenido que realizar<\/b> este domingo para contener a los manifestantes. Finalmente, tras unos cinco minutos parados, <b>La Vuelta tom\u00f3 la decisi\u00f3n de dar por finalizada la etapa<\/b> y los ciclistas fueron acudiendo a los coches de sus respectivos equipos para abandonar la zona.<\/p>\n<p>Una sentada en la carretera<\/p>\n<p class=\"L6-news-detail__text\">Ya con la carrera suspendida, lo que iba a ser el circuito por el que pasar\u00edan los ciclistas se convirti\u00f3 en un lugar de manifestaci\u00f3n de miles de personas, con algunas de ellas destrozando el vallado preparado para el paso de la ronda espa\u00f1ola. Los agentes, ya notificados de que ni siquiera iba a haber ceremonia de entrega de premios, tuvieron que contener en varios puntos a los manifestantes. Por su parte, la concentraci\u00f3n m\u00e1s grande, en plena Castellana y a unos metros de Cibeles, realiz\u00f3 una sentada en la carretera.<\/p>\n<p class=\"L6-news-detail__text\">\u00abNo queremos adoptar aqu\u00ed a ning\u00fan equipo genocida\u00bb o \u00abnunca se debi\u00f3 permitir y estoy muy orgulloso de que se haya conseguido parar\u00bb han sido algunas de las declaraciones de los manifestantes a laSexta<b> en una concentraci\u00f3n que ha albergado a m\u00e1s de 100.000 personas<\/b> seg\u00fan la Delegaci\u00f3n del Gobierno.<\/p>\n<p class=\"L6-news-detail__text\">Tras el paso de un par de horas, los manifestantes han ido abandonando la zona en unos altercados que <b>han dejado dos detenidos<\/b>, seg\u00fan ha podido confirmar laSexta. Adem\u00e1s, la Agencia Efe recoge que <b>22 agentes de la Polic\u00eda Nacional han resultado heridos<\/b> por contusiones de diversa \u00edndole tras el lanzamiento de vallas y objetos contra ellos.<\/p>\n<p class=\"L6-support-news-video__title\">Vuelta a Espa\u00f1a<\/p>\n<p>            <a href=\"https:\/\/www.lasexta.com\/noticias\/deportes\/ciclismo\/tension-centro-madrid-espera-llegada-ciclistas-vuelta_2025091468c6ea49ca99f73feef85f5d.html\" class=\"L6-news__link\" rel=\"nofollow noopener\" target=\"_blank\"><br \/>\n                \u00daltima etapa de La Vuelta, en directo | Al menos dos detenidos y 22 polic\u00edas heridos en los incidentes durante la manifestaci\u00f3n<\/p>\n<p class=\"recirculation-video-desc\">Al menos dos personas han sido detenidas, por des\u00f3rdenes p\u00fablicos, durante los incidentes producidos este domingo donde tambi\u00e9n han resultado heridos 22 agentes de la Polic\u00eda Nacional con contusiones de diversa consideraci\u00f3n.<\/p>\n<p>            <\/a><\/p>\n","protected":false},"excerpt":{"rendered":"Figueres, Bilbao, Pontevedra, Navacerrada&#8230; y Madrid. Lo que ha sido la t\u00f3nica habitual de las etapas de esta&hellip;\n","protected":false},"author":2,"featured_media":115467,"comment_status":"","ping_status":"","sticky":false,"template":"","format":"standard","meta":{"footnotes":""},"categories":[273],"tags":[313,312,168,25,24,23,167],"class_list":{"0":"post-115466","1":"post","2":"type-post","3":"status-publish","4":"format-standard","5":"has-post-thumbnail","7":"category-ciclismo","8":"tag-ciclismo","9":"tag-cycling","10":"tag-deportes","11":"tag-es","12":"tag-espana","13":"tag-spain","14":"tag-sports"},"share_on_mastodon":{"url":"","error":""},"_links":{"self":[{"href":"https:\/\/www.europesays.com\/es\/wp-json\/wp\/v2\/posts\/115466","targetHints":{"allow":["GET"]}}],"collection":[{"href":"https:\/\/www.europesays.com\/es\/wp-json\/wp\/v2\/posts"}],"about":[{"href":"https:\/\/www.europesays.com\/es\/wp-json\/wp\/v2\/types\/post"}],"author":[{"embeddable":true,"href":"https:\/\/www.europesays.com\/es\/wp-json\/wp\/v2\/users\/2"}],"replies":[{"embeddable":true,"href":"https:\/\/www.europesays.com\/es\/wp-json\/wp\/v2\/comments?post=115466"}],"version-history":[{"count":0,"href":"https:\/\/www.europesays.com\/es\/wp-json\/wp\/v2\/posts\/115466\/revisions"}],"wp:featuredmedia":[{"embeddable":true,"href":"https:\/\/www.europesays.com\/es\/wp-json\/wp\/v2\/media\/115467"}],"wp:attachment":[{"href":"https:\/\/www.europesays.com\/es\/wp-json\/wp\/v2\/media?parent=115466"}],"wp:term":[{"taxonomy":"category","embeddable":true,"href":"https:\/\/www.europesays.com\/es\/wp-json\/wp\/v2\/categories?post=115466"},{"taxonomy":"post_tag","embeddable":true,"href":"https:\/\/www.europesays.com\/es\/wp-json\/wp\/v2\/tags?post=115466"}],"curies":[{"name":"wp","href":"https:\/\/api.w.org\/{rel}","templated":true}]}}