{"id":115468,"date":"2025-09-15T00:10:21","date_gmt":"2025-09-15T00:10:21","guid":{"rendered":"https:\/\/www.europesays.com\/es\/115468\/"},"modified":"2025-09-15T00:10:21","modified_gmt":"2025-09-15T00:10:21","slug":"el-exjefe-de-la-formula-1-bernie-ecclestone-vendera-su-coleccion-de-carros-valorada-en-cientos-de-millones","status":"publish","type":"post","link":"https:\/\/www.europesays.com\/es\/115468\/","title":{"rendered":"El exjefe de la F\u00f3rmula 1, Bernie Ecclestone, vender\u00e1 su colecci\u00f3n de carros valorada en \u00abcientos de millones\u00bb"},"content":{"rendered":"<p class=\"paragraph inline-placeholder vossi-paragraph\" data-uri=\"es.cms.cnn.com\/_components\/paragraph\/instances\/paragraph-b44d83d64e1aa267f69713b94cbd38ab@published\" data-editable=\"text\" data-component-name=\"paragraph\" data-article-gutter=\"true\">\n            <strong>(CNN) \u2013<\/strong> El exjefe de F\u00f3rmula Uno, Bernie Ecclestone, anunci\u00f3 que vender\u00e1 toda su colecci\u00f3n de carros, cuyo valor se estima en \u201ccientos de millones\u201d de d\u00f3lares.\n    <\/p>\n<p class=\"paragraph inline-placeholder vossi-paragraph\" data-uri=\"es.cms.cnn.com\/_components\/paragraph\/instances\/paragraph-4599313c2030ee3fd7a803961b0aff25@published\" data-editable=\"text\" data-component-name=\"paragraph\" data-article-gutter=\"true\">\n            La colecci\u00f3n que se compone de 69 carros, incluye los Ferrari campeones del mundo conducidos por pilotos como <a href=\"https:\/\/edition.cnn.com\/2024\/04\/19\/style\/michael-schumacher-watch-collection-auction-intl-scli\/index.html\" target=\"_blank\" rel=\"noopener nofollow\">Michael Schumacher<\/a> y <a href=\"https:\/\/edition.cnn.com\/2019\/05\/21\/sport\/niki-lauda-death-intl\/index.html\" target=\"_blank\" rel=\"noopener nofollow\">Niki Lauda<\/a>.\n    <\/p>\n<p class=\"paragraph inline-placeholder vossi-paragraph\" data-uri=\"es.cms.cnn.com\/_components\/paragraph\/instances\/paragraph-764ff0bfd38404363dc4b9485e72ab46@published\" data-editable=\"text\" data-component-name=\"paragraph\" data-article-gutter=\"true\">\n            Tambi\u00e9n se incluye el 375 F1 de Alberto Ascari que gan\u00f3 el GP de Italia y el controvertido \u201ccoche de fan\u201d Brabham BT46B , que gan\u00f3 su primera y \u00fanica carrera antes de ser retirado de la competici\u00f3n y luego prohibido la temporada siguiente.\n    <\/p>\n<p class=\"paragraph inline-placeholder vossi-paragraph\" data-uri=\"es.cms.cnn.com\/_components\/paragraph\/instances\/paragraph-61d593851dbac5c9e0d0157c42af2823@published\" data-editable=\"text\" data-component-name=\"paragraph\" data-article-gutter=\"true\">\n            La noticia llega despu\u00e9s de que Ecclestone se declarara culpable de fraude el a\u00f1o pasado, al no haber declarado m\u00e1s de 400 millones de libras (unos US$ 509 millones) de activos depositados en un fideicomiso en Singapur. El exjefe de la F1 acept\u00f3 devolver casi 653 millones de libras (unos US$ 830 millones) a la Agencia Tributaria y de Aduanas de Su Majestad, y fue condenado a 17 meses de prisi\u00f3n, con suspensi\u00f3n de dos a\u00f1os.\n    <\/p>\n<p>       <img decoding=\"async\" src=\"https:\/\/www.europesays.com\/es\/wp-content\/uploads\/2025\/09\/cnne-1789798-f1-bernie.jpg\" alt=\"Bernie Ecclestone y Tom Hartley Jr. junto a la colecci\u00f3n de autom\u00f3viles de Ecclestone.\" class=\"image__dam-img image__dam-img--loading\" onload=\"this.classList.remove('image__dam-img--loading')\" onerror=\"imageLoadError(this)\" height=\"900\" width=\"1600\" loading=\"lazy\"\/><\/p>\n<p class=\"paragraph inline-placeholder vossi-paragraph\" data-uri=\"es.cms.cnn.com\/_components\/paragraph\/instances\/paragraph-6745ce2805d0bfe3541750e3d5eae7ba@published\" data-editable=\"text\" data-component-name=\"paragraph\" data-article-gutter=\"true\">\n            \u201cAmo todos mis autos, pero ha llegado el momento de empezar a pensar en qu\u00e9 pasar\u00e1 con ellos si ya no estoy aqu\u00ed y es por eso que he decidido venderlos\u201d, dijo el hombre de 94 a\u00f1os en un comunicado.\n    <\/p>\n<p class=\"paragraph inline-placeholder vossi-paragraph\" data-uri=\"es.cms.cnn.com\/_components\/paragraph\/instances\/paragraph-aa8631a5ce9b48d0c6a50ae3d725225a@published\" data-editable=\"text\" data-component-name=\"paragraph\" data-article-gutter=\"true\">\n            \u201cDespu\u00e9s de coleccionarlos y poseerlos durante tanto tiempo me gustar\u00eda saber d\u00f3nde han ido a parar y no dejarlos para que mi esposa se ocupe de ellos si yo no estoy cerca\u201d.\n    <\/p>\n<p class=\"paragraph inline-placeholder vossi-paragraph\" data-uri=\"es.cms.cnn.com\/_components\/paragraph\/instances\/paragraph-7c670f8c87945cfbdc7e6b08b5a19d1c@published\" data-editable=\"text\" data-component-name=\"paragraph\" data-article-gutter=\"true\">\n            En lugar de venderla en una subasta, Ecclestone vender\u00e1 la colecci\u00f3n a trav\u00e9s del comerciante de autos deportivos y de carreras Tom Hartley Jr, quien la llam\u00f3 \u201cla historia de la F\u00f3rmula Uno\u201d.\n    <\/p>\n<p class=\"paragraph inline-placeholder vossi-paragraph\" data-uri=\"es.cms.cnn.com\/_components\/paragraph\/instances\/paragraph-249a9cd549e3333758f5a2f02ac72d57@published\" data-editable=\"text\" data-component-name=\"paragraph\" data-article-gutter=\"true\">\n            \u201cNunca ha habido, y probablemente nunca habr\u00e1, una colecci\u00f3n como esta puesta a la venta de nuevo\u201d, dijo Hartley . \u201cEst\u00e1 formada por los mejores coches de su \u00e9poca, muchos de los cuales no se han visto en d\u00e9cadas, y son totalmente \u00fanicos\u201d.\n    <\/p>\n<p class=\"paragraph inline-placeholder vossi-paragraph\" data-uri=\"es.cms.cnn.com\/_components\/paragraph\/instances\/paragraph-6a2b5f97524c50871b73d49f4a48ed1a@published\" data-editable=\"text\" data-component-name=\"paragraph\" data-article-gutter=\"true\">\n            \u201cHay muchos autos de ocho cifras en la colecci\u00f3n, y el valor de la colecci\u00f3n combinada asciende a cientos de millones\u201d, dijo, <a href=\"https:\/\/www.bbc.com\/sport\/formula1\/articles\/c1lglrj4gqro\" target=\"_blank\" rel=\"noopener nofollow\">seg\u00fan la BBC<\/a>.\n    <\/p>\n<p>       <img decoding=\"async\" src=\"https:\/\/www.europesays.com\/es\/wp-content\/uploads\/2025\/09\/cnne-1789800-f1.jpg\" alt=\"Ecclestone ha confiado a Hartley Jr la venta de la colecci\u00f3n.\" class=\"image__dam-img image__dam-img--loading\" onload=\"this.classList.remove('image__dam-img--loading')\" onerror=\"imageLoadError(this)\" height=\"740\" width=\"1110\" loading=\"lazy\"\/><\/p>\n<p class=\"paragraph inline-placeholder vossi-paragraph\" data-uri=\"es.cms.cnn.com\/_components\/paragraph\/instances\/paragraph-abc78c303ae7488929b83a05c0f73ab8@published\" data-editable=\"text\" data-component-name=\"paragraph\" data-article-gutter=\"true\">\n            Ecclestone prob\u00f3 suerte en las carreras en la d\u00e9cada de 1950, antes de convertirse en representante de pilotos de Stuart Lewis-Evans y Jochen Rindt, quienes murieron tr\u00e1gicamente mientras compet\u00edan.\n    <\/p>\n<p class=\"paragraph inline-placeholder vossi-paragraph\" data-uri=\"es.cms.cnn.com\/_components\/paragraph\/instances\/paragraph-5e6e11c90c0e636333f14de0f422567d@published\" data-editable=\"text\" data-component-name=\"paragraph\" data-article-gutter=\"true\">\n            El ingl\u00e9s compr\u00f3 el equipo Brabham F1 en 1971, empleando a figuras como Lauda y Nelson Piquet, antes de llevar el deporte a la era moderna cuando se convirti\u00f3 en el CEO de Formula One Group en 1987, fundando una nueva empresa, Formula One Promoters Association, m\u00e1s tarde conocida como Formula One Management, para gestionar los derechos comerciales del deporte.\n    <\/p>\n<p class=\"paragraph inline-placeholder vossi-paragraph\" data-uri=\"es.cms.cnn.com\/_components\/paragraph\/instances\/paragraph-35d1a2848536216f4a21bceab4de697c@published\" data-editable=\"text\" data-component-name=\"paragraph\" data-article-gutter=\"true\">\n            Ecclestone dej\u00f3 la F\u00f3rmula Uno en 2017 cuando Liberty Media se hizo cargo del deporte.\n    <\/p>\n","protected":false},"excerpt":{"rendered":"(CNN) \u2013 El exjefe de F\u00f3rmula Uno, Bernie Ecclestone, anunci\u00f3 que vender\u00e1 toda su colecci\u00f3n de carros, cuyo&hellip;\n","protected":false},"author":2,"featured_media":115469,"comment_status":"","ping_status":"","sticky":false,"template":"","format":"standard","meta":{"footnotes":""},"categories":[270],"tags":[168,25,24,306,271,3603,272,150,23,167],"class_list":{"0":"post-115468","1":"post","2":"type-post","3":"status-publish","4":"format-standard","5":"has-post-thumbnail","7":"category-formula-1","8":"tag-deportes","9":"tag-es","10":"tag-espana","11":"tag-f1","12":"tag-formula-1","13":"tag-formula-uno","14":"tag-formula1","15":"tag-instanoticias","16":"tag-spain","17":"tag-sports"},"share_on_mastodon":{"url":"","error":""},"_links":{"self":[{"href":"https:\/\/www.europesays.com\/es\/wp-json\/wp\/v2\/posts\/115468","targetHints":{"allow":["GET"]}}],"collection":[{"href":"https:\/\/www.europesays.com\/es\/wp-json\/wp\/v2\/posts"}],"about":[{"href":"https:\/\/www.europesays.com\/es\/wp-json\/wp\/v2\/types\/post"}],"author":[{"embeddable":true,"href":"https:\/\/www.europesays.com\/es\/wp-json\/wp\/v2\/users\/2"}],"replies":[{"embeddable":true,"href":"https:\/\/www.europesays.com\/es\/wp-json\/wp\/v2\/comments?post=115468"}],"version-history":[{"count":0,"href":"https:\/\/www.europesays.com\/es\/wp-json\/wp\/v2\/posts\/115468\/revisions"}],"wp:featuredmedia":[{"embeddable":true,"href":"https:\/\/www.europesays.com\/es\/wp-json\/wp\/v2\/media\/115469"}],"wp:attachment":[{"href":"https:\/\/www.europesays.com\/es\/wp-json\/wp\/v2\/media?parent=115468"}],"wp:term":[{"taxonomy":"category","embeddable":true,"href":"https:\/\/www.europesays.com\/es\/wp-json\/wp\/v2\/categories?post=115468"},{"taxonomy":"post_tag","embeddable":true,"href":"https:\/\/www.europesays.com\/es\/wp-json\/wp\/v2\/tags?post=115468"}],"curies":[{"name":"wp","href":"https:\/\/api.w.org\/{rel}","templated":true}]}}