{"id":115470,"date":"2025-09-15T00:11:12","date_gmt":"2025-09-15T00:11:12","guid":{"rendered":"https:\/\/www.europesays.com\/es\/115470\/"},"modified":"2025-09-15T00:11:12","modified_gmt":"2025-09-15T00:11:12","slug":"resumen-resultados-y-claves-del-dia-14-2","status":"publish","type":"post","link":"https:\/\/www.europesays.com\/es\/115470\/","title":{"rendered":"Resumen, resultados y claves del D\u00eda 14"},"content":{"rendered":"<p>\t\tQu\u00e9 ha pasado hoy, 14 de septiembre, en el Eurobasket 2025: Resumen, resultados y claves del D\u00eda 14\t<\/p>\n<p>\t\t&#13;<\/p>\n<p>\tQu\u00e9 ha pasado hoy, 14 de septiembre, en el Eurobasket 2025: Resumen, resultados y claves del D\u00eda 14<\/p>\n<p>\t\t            &#13;<\/p>\n<p>Eurobasket 2025Est\u00e1s viendo\/\/Qu\u00e9 ha pasado hoy en el Eurobasket: Resumen, resultados y claves del D\u00eda 14<\/p>\n<p>                         <img width=\"900\" height=\"520\" src=\"https:\/\/www.europesays.com\/es\/wp-content\/uploads\/2025\/09\/225-puntos-496-acierto-en-tiros-de-campo-286-de-acierto-en-triples-712-de-acierto-en-tiros-libres-73.jpeg\" class=\"attachment-full size-full wp-post-image\" alt=\"Qu\u00e9 ha pasado hoy en el Eurobasket: Resumen, resultados y claves del D\u00eda 14\" decoding=\"async\" fetchpriority=\"high\"  \/>\t\t\t\t\t<\/p>\n<p>\u00daltimo d\u00eda de <a href=\"https:\/\/www.gigantes.com\/eurobasket-2025\/\" rel=\"nofollow noopener\" target=\"_blank\">Eurobasket 2025<\/a> y eso significa la lucha por las medallas. Alemania se impuso a Turqu\u00eda en una final vibrante y Grecia domin\u00f3 ante Finlandia para terminar deparando un final de infarto entre los dos equipos.<\/p>\n<p>M\u00e1s |\u00a0<a href=\"https:\/\/www.gigantes.com\/selecciones\/eurobasket-2025-resultados-horarios-grupos-clasificacion-cuadro-formato\/\" target=\"_blank\" rel=\"noopener nofollow\">EuroBasket 2025: Resultados, horarios, grupos, clasificaci\u00f3n, cuadro y formato<\/a><br \/>\nLos resultados de hoy, 14 de septiembre en el Eurobasket 2025<\/p>\n<p data-start=\"0\" data-end=\"649\">Alemania se ha proclamado campe\u00f3n de Europa en un partido muy intenso que se termin\u00f3 decidiendo en los instantes finales. Turqu\u00eda llev\u00f3 el mando del encuentro durante buena parte del mismo aunque sin lograr rentas elevadas y Alemania acab\u00f3 yendo a m\u00e1s en la recta final y supo gestionar mejor los momentos m\u00e1s delicados. Franz Wagner fue el mejor en la primera parte, Isaac Bonga fue el mejor de Alemania en el encuentro y Dennis Schroder apareci\u00f3 en las \u00faltimas jugadas para anotar la canasta que termin\u00f3 siendo decisiva. El base fue elegido MVP del torneo. Sengun y Osman, los mejores en Turqu\u00eda.<\/p>\n<blockquote class=\"twitter-tweet\" wp_automatic_readability=\"4.986301369863\">\n<p dir=\"ltr\" lang=\"es\">\ud83c\udfc6\ud83c\udde9\ud83c\uddea \u00a1Alemania levanta el t\u00edtulo del <a href=\"https:\/\/twitter.com\/hashtag\/Eurobasket?src=hash&amp;ref_src=twsrc%5Etfw\" rel=\"nofollow noopener\" target=\"_blank\">#Eurobasket<\/a>!<a href=\"https:\/\/t.co\/JAKaQgVCqc\" rel=\"nofollow\">pic.twitter.com\/JAKaQgVCqc<\/a><\/p>\n<p>\u2014 Gigantes del Basket (@GIGANTESbasket) <a href=\"https:\/\/twitter.com\/GIGANTESbasket\/status\/1967323231276482658?ref_src=twsrc%5Etfw\" rel=\"nofollow noopener\" target=\"_blank\">September 14, 2025<\/a><\/p>\n<\/blockquote>\n<p style=\"text-align: right;\">Foto: FIBA<\/p>\n<p><img decoding=\"async\" src=\"https:\/\/www.europesays.com\/es\/wp-content\/uploads\/2025\/08\/1754901488_721_mtracking.gif\" alt=\"Etiquetas de Mautic\" style=\"display:none;\"\/><\/p>\n<p><a href=\"https:\/\/www.gigantes.com\/tienda\/hemeroteca\/guia-de-la-liga-endesa-2025-26-no-1-560-septiembre-2025\/\" rel=\"nofollow noopener\" target=\"_blank\"><img loading=\"lazy\" decoding=\"async\" class=\"alignnone size-large wp-image-756436\" src=\"https:\/\/www.europesays.com\/es\/wp-content\/uploads\/2025\/09\/1757096050_733_WhatsApp-Image-2025-09-01-at-17.56.05-1024x1024.jpeg.webp.webp\" alt=\"\" width=\"680\" height=\"680\"  \/><\/a><\/p>\n<p>\t\t\t\t\t<img loading=\"lazy\" decoding=\"async\" src=\"https:\/\/www.europesays.com\/es\/wp-content\/uploads\/2025\/09\/1757096050_248_mano.png\" width=\"60\" height=\"60\" alt=\"Deliza hacia abajo\"\/>Sigue deslizando hacia abajo para ver m\u00e1s contenidos<\/p>\n<p>\t\t\t\t\t<img loading=\"lazy\" decoding=\"async\" src=\"https:\/\/www.europesays.com\/es\/wp-content\/uploads\/2025\/09\/1757096050_248_mano.png\" width=\"60\" height=\"60\" alt=\"Desliza hacia abajo\"\/>Sigue deslizando hacia abajo para ver m\u00e1s contenidos<\/p>\n<p><b>Cargando el siguiente contenido<\/b>Espera un momento por favor \ud83d\ude42<\/p>\n<p>(C) 2013 Copyright Skoon Magazine By Promola<\/p>\n<p>Para ofrecer las mejores experiencias, nosotros y nuestros socios utilizamos tecnolog\u00edas como cookies para almacenar y\/o acceder a la informaci\u00f3n del dispositivo. La aceptaci\u00f3n de estas tecnolog\u00edas nos permitir\u00e1 a nosotros y a nuestros socios procesar datos personales como el comportamiento de navegaci\u00f3n o identificaciones \u00fanicas (IDs) en este sitio y mostrar anuncios (no-) personalizados. No consentir o retirar el consentimiento, puede afectar negativamente a ciertas caracter\u00edsticas y funciones.<\/p>\n<p>Haz clic a continuaci\u00f3n para aceptar lo anterior o realizar elecciones m\u00e1s detalladas.\u00a0Tus elecciones se aplicar\u00e1n solo en este sitio.\u00a0Puedes cambiar tus ajustes en cualquier momento, incluso retirar tu consentimiento, utilizando los botones de la Pol\u00edtica de cookies o haciendo clic en el icono de Privacidad situado en la parte inferior de la pantalla.<\/p>\n<p>\n\t\t\t\t\tEl almacenamiento o acceso t\u00e9cnico es estrictamente necesario para el prop\u00f3sito leg\u00edtimo de permitir el uso de un servicio espec\u00edfico expl\u00edcitamente solicitado por el abonado o usuario, o con el \u00fanico prop\u00f3sito de llevar a cabo la transmisi\u00f3n de una comunicaci\u00f3n a trav\u00e9s de una red de comunicaciones electr\u00f3nicas.\n\t\t\t\t<\/p>\n<p>\n\t\t\t\t\tEl almacenamiento o acceso t\u00e9cnico es necesario para la finalidad leg\u00edtima de almacenar preferencias no solicitadas por el abonado o usuario.\n\t\t\t\t<\/p>\n<p>\n\t\t\t\t\tEl almacenamiento o acceso t\u00e9cnico que es utilizado exclusivamente con fines estad\u00edsticos.<br \/>\n\t\t\t\t\tEl almacenamiento o acceso t\u00e9cnico que se utiliza exclusivamente con fines estad\u00edsticos an\u00f3nimos. Sin un requerimiento, el cumplimiento voluntario por parte de tu Proveedor de servicios de Internet, o los registros adicionales de un tercero, la informaci\u00f3n almacenada o recuperada s\u00f3lo para este prop\u00f3sito no se puede utilizar para identificarte.\n\t\t\t\t<\/p>\n<p>\n\t\t\t\t\tEl almacenamiento o acceso t\u00e9cnico es necesario para crear perfiles de usuario para enviar publicidad, o para rastrear al usuario en una web o en varias web con fines de marketing similares.\n\t\t\t\t<\/p>\n<p>Cookies<\/p>\n<p>            &#13;<\/p>\n<p><script async src=\"https:\/\/platform.twitter.com\/widgets.js\" charset=\"utf-8\"><\/script><\/p>\n","protected":false},"excerpt":{"rendered":"Qu\u00e9 ha pasado hoy, 14 de septiembre, en el Eurobasket 2025: Resumen, resultados y claves del D\u00eda 14&hellip;\n","protected":false},"author":2,"featured_media":114786,"comment_status":"","ping_status":"","sticky":false,"template":"","format":"standard","meta":{"footnotes":""},"categories":[269],"tags":[299,298,168,25,24,301,23,167],"class_list":{"0":"post-115470","1":"post","2":"type-post","3":"status-publish","4":"format-standard","5":"has-post-thumbnail","7":"category-baloncesto","8":"tag-baloncesto","9":"tag-basketball","10":"tag-deportes","11":"tag-es","12":"tag-espana","13":"tag-eurobasket","14":"tag-spain","15":"tag-sports"},"share_on_mastodon":{"url":"","error":""},"_links":{"self":[{"href":"https:\/\/www.europesays.com\/es\/wp-json\/wp\/v2\/posts\/115470","targetHints":{"allow":["GET"]}}],"collection":[{"href":"https:\/\/www.europesays.com\/es\/wp-json\/wp\/v2\/posts"}],"about":[{"href":"https:\/\/www.europesays.com\/es\/wp-json\/wp\/v2\/types\/post"}],"author":[{"embeddable":true,"href":"https:\/\/www.europesays.com\/es\/wp-json\/wp\/v2\/users\/2"}],"replies":[{"embeddable":true,"href":"https:\/\/www.europesays.com\/es\/wp-json\/wp\/v2\/comments?post=115470"}],"version-history":[{"count":0,"href":"https:\/\/www.europesays.com\/es\/wp-json\/wp\/v2\/posts\/115470\/revisions"}],"wp:featuredmedia":[{"embeddable":true,"href":"https:\/\/www.europesays.com\/es\/wp-json\/wp\/v2\/media\/114786"}],"wp:attachment":[{"href":"https:\/\/www.europesays.com\/es\/wp-json\/wp\/v2\/media?parent=115470"}],"wp:term":[{"taxonomy":"category","embeddable":true,"href":"https:\/\/www.europesays.com\/es\/wp-json\/wp\/v2\/categories?post=115470"},{"taxonomy":"post_tag","embeddable":true,"href":"https:\/\/www.europesays.com\/es\/wp-json\/wp\/v2\/tags?post=115470"}],"curies":[{"name":"wp","href":"https:\/\/api.w.org\/{rel}","templated":true}]}}