{"id":115492,"date":"2025-09-15T00:26:14","date_gmt":"2025-09-15T00:26:14","guid":{"rendered":"https:\/\/www.europesays.com\/es\/115492\/"},"modified":"2025-09-15T00:26:14","modified_gmt":"2025-09-15T00:26:14","slug":"alberto-nunez-feijoo-es-el-lider-mejor-valorado-por-los-espanoles-y-alvise-perez-el-peor","status":"publish","type":"post","link":"https:\/\/www.europesays.com\/es\/115492\/","title":{"rendered":"Alberto N\u00fa\u00f1ez Feij\u00f3o es el l\u00edder mejor valorado por los espa\u00f1oles y Alvise P\u00e9rez, el peor"},"content":{"rendered":"<p><img decoding=\"async\" class=\"voc-author__img\" src=\"https:\/\/www.europesays.com\/es\/wp-content\/uploads\/2025\/09\/autor-7304-foto-15.jpeg\" alt=\"Joan Guirado\"\/><\/p>\n<p>14\/09\/2025<br \/>\n<br \/><strong><br \/>\nActualizado a las 22:58h.<br \/>\n<\/strong><\/p>\n<p class=\"voc-p\" style=\"\">El actual presidente del Gobierno y secretario general del PSOE, <strong>Pedro S\u00e1nchez<\/strong>, es el \u00fanico de los principales l\u00edderes pol\u00edticos de nuestro pa\u00eds que <a href=\"https:\/\/www.abc.es\/espana\/tres-diez-socialistas-ven-capacitado-seguir-frente-20250914125243-nt.html\" target=\"_self\" data-voc-vtm-id=\"in-text-traffic\" title=\"retrocede en valoraci\u00f3n por parte de los ciudadanos\" rel=\"nofollow noopener\">retrocede en valoraci\u00f3n por parte de los ciudadanos<\/a>. S\u00e1nchez, cercado por los m\u00faltiples casos de corrupci\u00f3n que afectan a su familia y a su partido, pasa del 3,3 que obtuvo en junio de 2025 al 3,2 que obtiene en esta ocasi\u00f3n. Con un 99 por ciento de grado de conocimiento, como <strong>Alberto N\u00fa\u00f1ez Feij\u00f3o<\/strong> y <strong>Santiago Abascal<\/strong>, el presidente es uno de los rostros m\u00e1s conocidos e identificables por parte de los votantes.<\/p>\n<p class=\"voc-p\" style=\"\">En contraposici\u00f3n al l\u00edder socialista, el presidente del Partido Popular (PP) y <strong>principal rival en las urnas de S\u00e1nchez<\/strong>, N\u00fa\u00f1ez Feij\u00f3o, sigue siendo el l\u00edder con mejor valoraci\u00f3n, un 3,9. Es la misma cifra que ya obtuvo en junio de 2025 y ligeramente mejor que la que obtuvo en enero de este mismo a\u00f1o (3,8).<\/p>\n<p class=\"voc-p\" style=\"\">La vicepresidenta segunda del Gobierno, ministra de Trabajo y candidata de Sumar en los \u00faltimos comicios,<strong> Yolanda D\u00edaz<\/strong>, sigue siendo la segunda preferida por los espa\u00f1oles. Como en el caso de Feij\u00f3o, D\u00edaz mantiene la cifra de valoraci\u00f3n respecto al \u00faltimo sondeo, un 3,3, un 0,1 m\u00e1s que en la nota obtenida el pasado mes de enero, por lo que su popularidad est\u00e1 al alza, pese a haber sufrido por culpa de Junts una de las mayores derrotas parlamentarias justo en los mismos d\u00edas en los que se realizaba esta encuesta. A D\u00edaz, que gracias a su cargo en el Ejecutivo tiene una mayor proyecci\u00f3n medi\u00e1tica, la conocen el 98 por ciento de los espa\u00f1oles.<\/p>\n<p class=\"voc-p\" style=\"\">Santiago Abascal se sit\u00faa en cuarta posici\u00f3n respecto a la valoraci\u00f3n de los l\u00edderes, con un 3. Se da la circunstancia que el l\u00edder de Vox es el que m\u00e1s mejora su resultado, una tendencia que se refleja tambi\u00e9n en la intenci\u00f3n de voto a su formaci\u00f3n, ya que en la <a href=\"https:\/\/www.abc.es\/espana\/opinan-sanchez-debe-elecciones-presupuestos-20250914130219-nt.html\" target=\"_self\" data-voc-vtm-id=\"in-text-traffic\" title=\"\u00faltima entrega del sondeo de ABC realizado por GAD3\" rel=\"nofollow noopener\">\u00faltima entrega del sondeo de ABC realizado por GAD3<\/a> obtuvo un 2,7. Su rostro tambi\u00e9n sigue siendo uno de los m\u00e1s reconocibles por el 99 por ciento de los ciudadanos.<\/p>\n<p><img decoding=\"async\" id=\"g-gad3-lideres-sept-25-size-S-img\" class=\"g-gad3-lideres-sept-size-S-img g-aiImg\" alt=\"\" src=\"https:\/\/www.europesays.com\/es\/wp-content\/uploads\/2025\/09\/gad3-lideres-sept-25-size-S.jpg\"\/><\/p>\n<p><img decoding=\"async\" id=\"g-gad3-lideres-sept-25-size-M-img\" class=\"g-gad3-lideres-sept-size-M-img g-aiImg\" alt=\"\" src=\"https:\/\/www.europesays.com\/es\/wp-content\/uploads\/2025\/09\/gad3-lideres-sept-25-size-M.jpg\"\/><\/p>\n<p class=\"voc-p\" style=\"\">Con un 2,4, la misma valoraci\u00f3n que hace tres meses, la l\u00edder de Podemos, <strong>Ione Belarra<\/strong>, sigue siendo la quinta en valoraci\u00f3n por parte de los espa\u00f1oles. La conocen el 85 por ciento de los encuestados. En este caso, sin embargo, cabe recordar que los espa\u00f1oles no podr\u00e1n elegir una papeleta en la que figure como n\u00famero uno la exministra de Derechos Sociales y Agenda 2030, ya que pese a ostentar el mayor cargo org\u00e1nico en la formaci\u00f3n morada, la presidenciable podemita es actual eurodiputada.<\/p>\n<p>Ficha t\u00e9cnica<\/p>\n<p class=\"voc-p\">\u00c1mbito: nacional, mayores de edad<\/p>\n<p class=\"voc-p\">Tama\u00f1o muestra: 1.001 entrevistas<\/p>\n<p class=\"voc-p\">Procedimiento: entrevista telef\u00f3nica asistida por ordenador<\/p>\n<p class=\"voc-p\">Trabajo de campo: 5-11 septiembre<\/p>\n<p class=\"voc-p\">Error muestral: +-3,2% para un grado de confianza del 95,5%<\/p>\n<p class=\"voc-p\">Duraci\u00f3n de la entrevista: 4 min.<\/p>\n<p class=\"voc-p\">Cuestionario: elaborado por GAD3 y validado por el cliente<\/p>\n<p class=\"voc-p\" style=\"\">El fundador y l\u00edder de <strong>Se Acab\u00f3 la Fiesta<\/strong> (SALF), <strong>Alvise P\u00e9rez<\/strong>, es el \u00faltimo de los l\u00edderes pol\u00edticos en valoraci\u00f3n por parte de los ciudadanos. P\u00e9rez, que tras un a\u00f1o en el Parlamento Europeo ha ido perdiendo visibilidad, obtiene un 2 en valoraci\u00f3n. Sin embargo el pol\u00edtico populista, como Abascal, mejora su nota, ya que en el sondeo de junio obtuvo un 1,8. A Alvise le conocen el 81 por ciento de los que han respondido al sondeo que <strong>publica este lunes ABC<\/strong>.<\/p>\n<p>Reportar un error<\/p>\n","protected":false},"excerpt":{"rendered":"14\/09\/2025 Actualizado a las 22:58h. El actual presidente del Gobierno y secretario general del PSOE, Pedro S\u00e1nchez, es&hellip;\n","protected":false},"author":2,"featured_media":115493,"comment_status":"","ping_status":"","sticky":false,"template":"","format":"standard","meta":{"footnotes":""},"categories":[5],"tags":[9125,19898,14649,17,18,25,24,11907,13,14,9860,11,19,20,5564,9,10,15,16,2855,738,23,12,21,22,38825],"class_list":{"0":"post-115492","1":"post","2":"type-post","3":"status-publish","4":"format-standard","5":"has-post-thumbnail","7":"category-titulares","8":"tag-alberto","9":"tag-alvise","10":"tag-bien","11":"tag-breaking-news","12":"tag-breakingnews","13":"tag-es","14":"tag-espana","15":"tag-espanoles","16":"tag-featured-news","17":"tag-featurednews","18":"tag-feijoo","19":"tag-headlines","20":"tag-latest-news","21":"tag-latestnews","22":"tag-lider","23":"tag-news","24":"tag-noticias","25":"tag-noticias-destacadas","26":"tag-noticiasdestacadas","27":"tag-nunez","28":"tag-perez","29":"tag-spain","30":"tag-titulares","31":"tag-ultimas-noticias","32":"tag-ultimasnoticias","33":"tag-valorado"},"share_on_mastodon":{"url":"","error":""},"_links":{"self":[{"href":"https:\/\/www.europesays.com\/es\/wp-json\/wp\/v2\/posts\/115492","targetHints":{"allow":["GET"]}}],"collection":[{"href":"https:\/\/www.europesays.com\/es\/wp-json\/wp\/v2\/posts"}],"about":[{"href":"https:\/\/www.europesays.com\/es\/wp-json\/wp\/v2\/types\/post"}],"author":[{"embeddable":true,"href":"https:\/\/www.europesays.com\/es\/wp-json\/wp\/v2\/users\/2"}],"replies":[{"embeddable":true,"href":"https:\/\/www.europesays.com\/es\/wp-json\/wp\/v2\/comments?post=115492"}],"version-history":[{"count":0,"href":"https:\/\/www.europesays.com\/es\/wp-json\/wp\/v2\/posts\/115492\/revisions"}],"wp:featuredmedia":[{"embeddable":true,"href":"https:\/\/www.europesays.com\/es\/wp-json\/wp\/v2\/media\/115493"}],"wp:attachment":[{"href":"https:\/\/www.europesays.com\/es\/wp-json\/wp\/v2\/media?parent=115492"}],"wp:term":[{"taxonomy":"category","embeddable":true,"href":"https:\/\/www.europesays.com\/es\/wp-json\/wp\/v2\/categories?post=115492"},{"taxonomy":"post_tag","embeddable":true,"href":"https:\/\/www.europesays.com\/es\/wp-json\/wp\/v2\/tags?post=115492"}],"curies":[{"name":"wp","href":"https:\/\/api.w.org\/{rel}","templated":true}]}}