{"id":115496,"date":"2025-09-15T00:28:08","date_gmt":"2025-09-15T00:28:08","guid":{"rendered":"https:\/\/www.europesays.com\/es\/115496\/"},"modified":"2025-09-15T00:28:08","modified_gmt":"2025-09-15T00:28:08","slug":"ser-figura-y-parecerlo-todo-un-reto-salamancartv-al-dia","status":"publish","type":"post","link":"https:\/\/www.europesays.com\/es\/115496\/","title":{"rendered":"Ser figura y parecerlo (Todo un reto) &#8211; SALAMANCArtv AL D\u00cdA"},"content":{"rendered":"<p class=\"prip\">Cuando se es una figura del toreo, e<strong>l adornado con tal t\u00edtulo sabe que hay un p\u00fablico \u00e1vido de admirar su arte<\/strong>, que acude all\u00ed donde \u00e9l torea. Debe saber tambi\u00e9n que ha creado unas expectativas, una ilusi\u00f3n, un fervor popular que tendr\u00e1 un reflejo considerable en la taquilla. Si se quiere conservar tan <strong>elevada categor\u00eda<\/strong> y disfrutar de los favores que a esa categor\u00eda le corresponden, por lo menos hay que demostrar deseos y buena voluntad, poniendo a contribuci\u00f3n, el valor, los recursos del arte y todo el caudal de afici\u00f3n que lleve dentro. <strong>Ser figura, liderar los primeros puestos del escalaf\u00f3n, es tambi\u00e9n aceptar una buena dosis de responsabilidad<\/strong>, de respeto tanto a, los aficionados y p\u00fablicos, como a todos los que forman parte del escalaf\u00f3n de matadores y, por supuesto al toro. Es, y debe ser una exigencia personal y absoluta convicci\u00f3n.<\/p>\n<p>Lo que <strong>no debe hacer es conformarse<\/strong>, torear con desgana, mostrar indiferencia, desanimo, y ponerse a la defensiva mostrando un mar de dudas, dando una impresi\u00f3n de estafa. Por eso un primer espada, debe cargar sobre sus espaldas ese pesado fardo, y adem\u00e1s soportarlo calladamente. &#8211; En una profesi\u00f3n tan exigente, en la que se expone la vida, una primera figura, no puede, no debe arrastrar su nombre con el \u00fanico prop\u00f3sito de cumplir aliviarse y llevarse los dineros, debe tener dignidad, \u00e9tica profesional y verg\u00fcenza torera, y; de la otra. -Claro que, en estos tiempos donde prima tanto el mezquino inter\u00e9s-. Bien saben ustedes, que las cosas son de \u2013aquella manera-. <strong>Hoy trenzaban el pase\u00edllo en la Glorieta el primer cartel de figuras, al menos tanto Juan Ortega como el cicl\u00f3n Roca Rey,<\/strong> encajan en esa vitola, lo de Emilio de Justo es otra cosa, encaja en cualquier cartel, y con cualquier corrida, se aleja un tanto de ese escaparate- y hace bien-. <strong>La corrida de Garcigrande<\/strong>, en principio una garant\u00eda de \u00e9xito. Pues ocurri\u00f3 que as\u00ed fue, un verdadero manicomio, con la petici\u00f3n del indulto del toro \u201cBuenasuerte\u201d, que hizo honor a su nombre, un animal que en los primeros tercios dejo que desear, pero que en la muleta del extreme\u00f1o De Justo, fue un dechado de virtudes, humillando y embistiendo sin parar, con pases de todas las marcas que le aplico el torero, desde el comienzo de hinojos hasta aplicarle una sobresaliente tauromaquia, que la muleta sin ayuda, manejo con cadencia y temple el extreme\u00f1o, exquisito en el trazo y siempre colocado y encajado, el animal con una clase superior, hizo tras las dudas pertinentes, que el ganadero decidiera salvar la vida del animal y asi sucedi\u00f3 asomo el pa\u00f1uelo naranja; y \u201cBuenasuerte \u201c volver\u00e1 al campo, y Emilio paseo con el ganadero dos orejas y rabo simb\u00f3licos. En su primero hab\u00eda sorteado a un toro sososte al que hubo que provocarlo mucho. <strong>De Justo le puso chispa<\/strong>, ante la apagada embestida, pero no termino de salir de cierta vulgaridad, y adem\u00e1s, no se puede estar tanto tiempo con una estocada, esperar que doble un toro ag\u00f3nico, y esto as\u00ed no es, el descabello es un riesgo que hay que asumir, su ovaci\u00f3n recibida tras un aviso sobraba.<\/p>\n<p>Se espera con mucho inter\u00e9s a <strong>Juan Ortega<\/strong>, y lo cierto es que no desencanto, un torero de elegancia may\u00fascula, que maneja el capote con suavidad casi musical, en su primero lo paro con elegancia y media ver\u00f3nica de cartel, en banderillas el peonaje estuvo a la deriva, el toro mansea, brindo al publico y sorteo una faena al ralent\u00ed, con un derechazo y un natural eternos de exquisito trazo, ante la docilidad y nobleza empalagosa del animal, pero claro hay que tener esas mu\u00f1ecas, esa sensibilidad que atesora el sevillano, para llevar con temple absoluto a una faena, que le sobro el final, mato de entera un tanto ca\u00edda y tras aviso cobro una oreja. En su segundo sin apenas picar, como toda la corrida, y otro desastre en banderillas, Ortega lo saco toreado a los medios derechazos de exquisito temple y limpieza, muy encajado al natural, le administra un par de series de mucho empaque y bien reunido, el animal desclasado puntea a la defensiva, y tras pinchazo y entera delantera, se fue ovacionado y con buen sabor a la afici\u00f3n.<\/p>\n<p>Tambi\u00e9n toreaba Roca Rey, pero perm\u00edtanme, este torero ha bajado el diapas\u00f3n, con un torero despegado y vulgar, sin apenas poner esa dosis de riesgo y emoci\u00f3n de otras tardes, parece como atorado y aburrido, dos faenas que no pasaron del mont\u00f3n de la discreci\u00f3n, remates sin fuste, lo cierto es que en mi opini\u00f3n Roca, que siempre fue un cicl\u00f3n parece conformarse, dio muchos pases por ambos lados en sus dos faenas, pero sinceramente ligera petici\u00f3n sin convencer en el primero y silenciada su labor en el segundo, no paso de discreto, sin sentimiento alguno, sin hondura, sin firmeza y la contundencia y el animo que este torero a demostrado muchas tardes en las plazas. En fin, espero que descanse, y recapacite. Es figura o no\u2026<\/p>\n<p>Aqu\u00ed termino la primera entrega de esta feria en dos plazos, volvemos el pr\u00f3ximo \u201cfinde\u201d.<\/p>\n<p><strong>Ficha del festejo toros de Gracigrande<\/strong>, flojos y nobles aplaudidos en el arrastre 1\u00ba, 2\u00ba, 3\u00ba silenciado, indultado el 4\u00ba y 6\u00ba aplaudido.<\/p>\n<p><strong>Emilio de Justo<\/strong>&#8211; ovaci\u00f3n y dos orejas y rabo del toro indultado sali\u00f3 a hombros<\/p>\n<p><strong>Juan Ortega<\/strong> oreja y ovaci\u00f3n<\/p>\n<p><strong>Roca Rey<\/strong>, ovaci\u00f3n y silencio<\/p>\n<p>Se desmonteraron Viruta y Chac\u00f3n<\/p>\n<p>La Glorieta registro \u00be de entrada en tarde de sol y calor. &#8211;<\/p>\n<p>Ferm\u00edn Gonz\u00e1lez salamancartvaldia.es<\/p>\n","protected":false},"excerpt":{"rendered":"Cuando se es una figura del toreo, el adornado con tal t\u00edtulo sabe que hay un p\u00fablico \u00e1vido&hellip;\n","protected":false},"author":2,"featured_media":115497,"comment_status":"","ping_status":"","sticky":false,"template":"","format":"standard","meta":{"footnotes":""},"categories":[277],"tags":[373,168,1819,1639,25,24,10,4069,3614,23,167,374,444],"class_list":{"0":"post-115496","1":"post","2":"type-post","3":"status-publish","4":"format-standard","5":"has-post-thumbnail","7":"category-toreo","8":"tag-bullfighting","9":"tag-deportes","10":"tag-diario","11":"tag-digital","12":"tag-es","13":"tag-espana","14":"tag-noticias","15":"tag-periodico","16":"tag-salamanca","17":"tag-spain","18":"tag-sports","19":"tag-toreo","20":"tag-toros"},"share_on_mastodon":{"url":"","error":""},"_links":{"self":[{"href":"https:\/\/www.europesays.com\/es\/wp-json\/wp\/v2\/posts\/115496","targetHints":{"allow":["GET"]}}],"collection":[{"href":"https:\/\/www.europesays.com\/es\/wp-json\/wp\/v2\/posts"}],"about":[{"href":"https:\/\/www.europesays.com\/es\/wp-json\/wp\/v2\/types\/post"}],"author":[{"embeddable":true,"href":"https:\/\/www.europesays.com\/es\/wp-json\/wp\/v2\/users\/2"}],"replies":[{"embeddable":true,"href":"https:\/\/www.europesays.com\/es\/wp-json\/wp\/v2\/comments?post=115496"}],"version-history":[{"count":0,"href":"https:\/\/www.europesays.com\/es\/wp-json\/wp\/v2\/posts\/115496\/revisions"}],"wp:featuredmedia":[{"embeddable":true,"href":"https:\/\/www.europesays.com\/es\/wp-json\/wp\/v2\/media\/115497"}],"wp:attachment":[{"href":"https:\/\/www.europesays.com\/es\/wp-json\/wp\/v2\/media?parent=115496"}],"wp:term":[{"taxonomy":"category","embeddable":true,"href":"https:\/\/www.europesays.com\/es\/wp-json\/wp\/v2\/categories?post=115496"},{"taxonomy":"post_tag","embeddable":true,"href":"https:\/\/www.europesays.com\/es\/wp-json\/wp\/v2\/tags?post=115496"}],"curies":[{"name":"wp","href":"https:\/\/api.w.org\/{rel}","templated":true}]}}