{"id":115500,"date":"2025-09-15T00:32:12","date_gmt":"2025-09-15T00:32:12","guid":{"rendered":"https:\/\/www.europesays.com\/es\/115500\/"},"modified":"2025-09-15T00:32:12","modified_gmt":"2025-09-15T00:32:12","slug":"isaac-del-toro-vence-en-el-trofeo-matt","status":"publish","type":"post","link":"https:\/\/www.europesays.com\/es\/115500\/","title":{"rendered":"Isaac del Toro vence en el Trofeo Matt&#8230;"},"content":{"rendered":"<p>                    El joven corredor mexicano contin\u00faa sumando galardones en esta magn\u00edfica temporada con un nuevo triunfo tras batir a Rui Costa (EF Education &#8211; EasyPost), segundo, y a Pau Miquel (Kern Pharma), tercero.<\/p>\n<p class=\"c-news-list__author\">Ciclismoafondo.es. Foto: Massimo Fulgenzi\/SprintCyclingAgency<\/p>\n<p class=\"c-mainarticle__date\">\n<p>                    14 de septiembre de 2025 (20:28 CET)<\/p>\n<p>                                                                                                                                        <img fetchpriority=\"high\" decoding=\"async\" src=\"https:\/\/www.europesays.com\/es\/wp-content\/uploads\/2025\/09\/sprintcyclingagency-9089196-1-originali.jpeg\" alt=\"Sin calificativos: Isaac del Toro vence en el Trofeo Matteotti \" title=\"Sin calificativos: Isaac del Toro vence en el Trofeo Matteotti \" class=\"c-mainarticle__img\" loading=\"eager\" width=\"790\" height=\"454\"\/><\/p>\n<p>                    Sin calificativos: Isaac del Toro vence en el Trofeo Matteotti <\/p>\n<p>Isaac del Toro (UAE Emirates &#8211; XRG) quiere recoger el testigo de los m\u00e1s grandes y se ha empe\u00f1ado en conseguirlo. Victoria tras victoria est\u00e1 convirti\u00e9ndose en un corredor al cual hay que temer.<strong> Esta tarde ha logrado levantar los brazos\u00a0en el Torfeo Matteotti, y parece que es f\u00e1cil, pero nada m\u00e1s cerca de la realidad. Acumula 16 triunfos en su carrera, de los que 13 son en la presente temporada<\/strong>. Los calificativos se terminan, mientras su proyecci\u00f3n se descontrola a niveles insospechados. Tras atacar en el \u00faltimo tramo de la carrera, logr\u00f3 cruzar la l\u00ednea de meta en primera posici\u00f3n superando a\u00a0Rui Costa (EF Education &#8211; EasyPost), segundo, y a Pau Miquel (Kern Pharma), tercero, en un sprint final reducido.\u00a0<\/p>\n<blockquote class=\"twitter-tweet\" data-media-max-width=\"560\"><p>&#13;<\/p>\n<p dir=\"ltr\" lang=\"en\">\ud83d\udd25\ud83c\udfc6\ud83d\udc4c <a href=\"https:\/\/twitter.com\/ISAACDELTOROx1?ref_src=twsrc%5Etfw\" rel=\"nofollow noopener\" target=\"_blank\">@ISAACDELTOROx1<\/a> delivers once again! His 16th pro triumph adds to our tally, bringing the team to 84 victories this season! <a href=\"https:\/\/twitter.com\/hashtag\/WeAreUAE?src=hash&amp;ref_src=twsrc%5Etfw\" rel=\"nofollow noopener\" target=\"_blank\">#WeAreUAE<\/a> <a href=\"https:\/\/t.co\/okr984lB3S\" rel=\"nofollow\">pic.twitter.com\/okr984lB3S<\/a><\/p>\n<p>&#13;<br \/>\n\u2014 @UAE-TeamEmirates (@TeamEmiratesUAE) <a href=\"https:\/\/twitter.com\/TeamEmiratesUAE\/status\/1967256780003737718?ref_src=twsrc%5Etfw\" rel=\"nofollow noopener\" target=\"_blank\">September 14, 2025<\/a>\n<\/p><\/blockquote>\n<p>Con unas temperaturas agradables y un clima id\u00f3neo para celebrar una gran jornada de ciclismo, el pelot\u00f3n comenz\u00f3 los 195 kil\u00f3metros y m\u00e1s de 2.800 metros de desnivel del Trofeo Matteotti con salida y llegada en la localidad italiana de Pescara. <strong>El escenario ol\u00eda a espect\u00e1culo y los equipos no quisieron ser menos. Desde los primeros compases de la carrera, los corredores se mostraron activos y se lanzaron a por la escapada<\/strong>. Sin embargo, no fue hasta la segunda mitad del trazado cuando se comenzaron a observar las primeras diferencias.<\/p>\n<p>El pelot\u00f3n se rompi\u00f3 definitivamente a falta de 15 kil\u00f3metros, cuando un grupo numeroso de varios corredores se distanci\u00f3 y tom\u00f3 la cabeza de carrera. Ante la amenaza, las grandes figuras de la carrera, como <strong>Isaac del Toro o Richard Carapaz (EF Education &#8211; EasyPost), ambos presentes en el p\u00f3dium del Giro de Italia 2025, se unieron a la avanzadilla en busca de la victoria<\/strong>. Y en el \u00faltimo tramo de la carrera, el mexicano de UAE Emirates &#8211; XRG lanz\u00f3 su ataque decisivo para asaltar el triunfo abriendo una ligera y suficiente brecha con respecto a los perseguidores.\u00a0<\/p>\n<p>En la recta final, Del Toro hizo gala de su talento y su superioridad para rematar con potencia y velocidad en los metros finales e imponerse a Rui Costa y a un luchado<strong>r Pau Miquel, qui\u00e9n firm\u00f3 un valioso y meritorio tercer puesto ante grandes representantes del World Tour<\/strong>.\u00a0<\/p>\n<p>Clasificaciones\u00a0<\/p>\n<p>\u00ab&gt;<\/p>\n<p>Results powered by <a href=\"https:\/\/firstcycling.com\/race.php?r=205&amp;y=2025\" title=\"FirstCycling.com\" rel=\"nofollow noopener\" target=\"_blank\">FirstCycling.com<\/a><\/p>\n<p><script async src=\"https:\/\/platform.twitter.com\/widgets.js\" charset=\"utf-8\"><\/script><\/p>\n","protected":false},"excerpt":{"rendered":"El joven corredor mexicano contin\u00faa sumando galardones en esta magn\u00edfica temporada con un nuevo triunfo tras batir a&hellip;\n","protected":false},"author":2,"featured_media":115501,"comment_status":"","ping_status":"","sticky":false,"template":"","format":"standard","meta":{"footnotes":""},"categories":[273],"tags":[313,312,168,25,24,23,167],"class_list":{"0":"post-115500","1":"post","2":"type-post","3":"status-publish","4":"format-standard","5":"has-post-thumbnail","7":"category-ciclismo","8":"tag-ciclismo","9":"tag-cycling","10":"tag-deportes","11":"tag-es","12":"tag-espana","13":"tag-spain","14":"tag-sports"},"share_on_mastodon":{"url":"","error":""},"_links":{"self":[{"href":"https:\/\/www.europesays.com\/es\/wp-json\/wp\/v2\/posts\/115500","targetHints":{"allow":["GET"]}}],"collection":[{"href":"https:\/\/www.europesays.com\/es\/wp-json\/wp\/v2\/posts"}],"about":[{"href":"https:\/\/www.europesays.com\/es\/wp-json\/wp\/v2\/types\/post"}],"author":[{"embeddable":true,"href":"https:\/\/www.europesays.com\/es\/wp-json\/wp\/v2\/users\/2"}],"replies":[{"embeddable":true,"href":"https:\/\/www.europesays.com\/es\/wp-json\/wp\/v2\/comments?post=115500"}],"version-history":[{"count":0,"href":"https:\/\/www.europesays.com\/es\/wp-json\/wp\/v2\/posts\/115500\/revisions"}],"wp:featuredmedia":[{"embeddable":true,"href":"https:\/\/www.europesays.com\/es\/wp-json\/wp\/v2\/media\/115501"}],"wp:attachment":[{"href":"https:\/\/www.europesays.com\/es\/wp-json\/wp\/v2\/media?parent=115500"}],"wp:term":[{"taxonomy":"category","embeddable":true,"href":"https:\/\/www.europesays.com\/es\/wp-json\/wp\/v2\/categories?post=115500"},{"taxonomy":"post_tag","embeddable":true,"href":"https:\/\/www.europesays.com\/es\/wp-json\/wp\/v2\/tags?post=115500"}],"curies":[{"name":"wp","href":"https:\/\/api.w.org\/{rel}","templated":true}]}}