{"id":11551,"date":"2025-07-29T11:37:09","date_gmt":"2025-07-29T11:37:09","guid":{"rendered":"https:\/\/www.europesays.com\/es\/11551\/"},"modified":"2025-07-29T11:37:09","modified_gmt":"2025-07-29T11:37:09","slug":"del-toro-oconnor-y-hirschi-las-estrellas-de-una-clasica-sin-evenepoel","status":"publish","type":"post","link":"https:\/\/www.europesays.com\/es\/11551\/","title":{"rendered":"Del Toro, O&#8217;Connor y Hirschi, las estrellas de una Cl\u00e1sica sin Evenepoel"},"content":{"rendered":"<p>Del Toro, O&#8217;Connor y Hirschi figuran como los grandes nombres de la Cl\u00e1sica San Sebasti\u00e1n de este s\u00e1bado en la que no estar\u00e1 Remco  &#8230; Evenepoel. A pesar de que su nombre figura en la lista oficiosa ofrecida por la organizaci\u00f3n en la presentaci\u00f3n de la prueba celebrada este martes en el Ayuntamiento de San Sebasti\u00e1n, seg\u00fan ha podido saber este peri\u00f3dico el belga no viajar\u00e1 a Gipuzkoa y continuar\u00e1 su recuperaci\u00f3n tras abandonar el Tour en los Pirineos.<\/p>\n<p class=\"v-p\">El tres veces ganador de la Cl\u00e1sica (2019, 2022 y 2023) se retir\u00f3 del Tour aquejado de una lesi\u00f3n en una costilla y su presencia en esta prueba de la Copa del Mundo est\u00e1 descartada, un anuncio que el Soudal-Quick Step realizar\u00e1 pr\u00f3ximamente.<\/p>\n<p class=\"v-p\">Por delante, 211 kil\u00f3metros, con seis puertos y 4.150 metros de desnivel. Entre las novedades, el regreso de Murgil, en Igeldo, donde previsiblemente se romper\u00e1 la carrera. <\/p>\n<p><img decoding=\"async\" loading=\"lazy\" src=\"https:\/\/www.europesays.com\/es\/wp-content\/uploads\/2025\/07\/clasica-2-k4-U23025089549003DG-650x455@Diario Vasco.jpg\" class=\"v-a-img\" width=\"650\" height=\"455\" alt=\"Presentaci\u00f3n de la Cl\u00e1sica San Sebasti\u00e1n\" data-voc-vtm-id=\"in-text-traffic\"\/><\/p>\n<p>Presentaci\u00f3n de la Cl\u00e1sica San Sebasti\u00e1n<\/p>\n<p>Royo<\/p>\n<p><img loading=\"lazy\" decoding=\"async\" src=\"https:\/\/www.europesays.com\/es\/wp-content\/uploads\/2025\/07\/clasica-2-k4-U2302508954900Sv-1920x1344@Diario Vasco.jpg\" class=\"v-mdl__img-z\" width=\"1920\" height=\"1344\" alt=\"\"\/><\/p>\n<p class=\"v-p\">Los que s\u00ed estar\u00e1n son el ganador en la pasada edici\u00f3n, Marc Hirschi; uno de los ciclistas m\u00e1s en forma del pelot\u00f3n, el mexicano Isaac del Toro; el australiano Ben O&#8217;Connor, que viene de ganar la etapa reina del Tour, en el col de la Loze y que fue el gran animador de la \u00faltima Vuelta a Espa\u00f1a, en la que disput\u00f3 el triunfo a Roglic, conform\u00e1ndose con la segunda posici\u00f3n. <\/p>\n<p class=\"v-p\">De los ciclistas de casa, el ezkiotarra \u00c1lex Aramburu y el navarro Igor Arrieta, que viene de ganar en Ordizia su primera carrera profesional. <\/p>\n","protected":false},"excerpt":{"rendered":"Del Toro, O&#8217;Connor y Hirschi figuran como los grandes nombres de la Cl\u00e1sica San Sebasti\u00e1n de este s\u00e1bado&hellip;\n","protected":false},"author":2,"featured_media":11552,"comment_status":"","ping_status":"","sticky":false,"template":"","format":"standard","meta":{"footnotes":""},"categories":[273],"tags":[313,8225,312,8226,168,25,24,2680,8228,8227,23,167],"class_list":{"0":"post-11551","1":"post","2":"type-post","3":"status-publish","4":"format-standard","5":"has-post-thumbnail","7":"category-ciclismo","8":"tag-ciclismo","9":"tag-clasica-san-sebastian","10":"tag-cycling","11":"tag-del-toro","12":"tag-deportes","13":"tag-es","14":"tag-espana","15":"tag-evenepoel","16":"tag-hirschi","17":"tag-o-connor","18":"tag-spain","19":"tag-sports"},"share_on_mastodon":{"url":"","error":""},"_links":{"self":[{"href":"https:\/\/www.europesays.com\/es\/wp-json\/wp\/v2\/posts\/11551","targetHints":{"allow":["GET"]}}],"collection":[{"href":"https:\/\/www.europesays.com\/es\/wp-json\/wp\/v2\/posts"}],"about":[{"href":"https:\/\/www.europesays.com\/es\/wp-json\/wp\/v2\/types\/post"}],"author":[{"embeddable":true,"href":"https:\/\/www.europesays.com\/es\/wp-json\/wp\/v2\/users\/2"}],"replies":[{"embeddable":true,"href":"https:\/\/www.europesays.com\/es\/wp-json\/wp\/v2\/comments?post=11551"}],"version-history":[{"count":0,"href":"https:\/\/www.europesays.com\/es\/wp-json\/wp\/v2\/posts\/11551\/revisions"}],"wp:featuredmedia":[{"embeddable":true,"href":"https:\/\/www.europesays.com\/es\/wp-json\/wp\/v2\/media\/11552"}],"wp:attachment":[{"href":"https:\/\/www.europesays.com\/es\/wp-json\/wp\/v2\/media?parent=11551"}],"wp:term":[{"taxonomy":"category","embeddable":true,"href":"https:\/\/www.europesays.com\/es\/wp-json\/wp\/v2\/categories?post=11551"},{"taxonomy":"post_tag","embeddable":true,"href":"https:\/\/www.europesays.com\/es\/wp-json\/wp\/v2\/tags?post=11551"}],"curies":[{"name":"wp","href":"https:\/\/api.w.org\/{rel}","templated":true}]}}