{"id":115513,"date":"2025-09-15T00:41:19","date_gmt":"2025-09-15T00:41:19","guid":{"rendered":"https:\/\/www.europesays.com\/es\/115513\/"},"modified":"2025-09-15T00:41:19","modified_gmt":"2025-09-15T00:41:19","slug":"america-tiene-miedo-de-si-misma-%e2%98%85%e2%98%85%e2%98%85","status":"publish","type":"post","link":"https:\/\/www.europesays.com\/es\/115513\/","title":{"rendered":"Am\u00e9rica tiene miedo (de s\u00ed misma) \u2605\u2605\u2605"},"content":{"rendered":"<p>\u201cEddington\u201d ser\u00eda la pel\u00edcula pand\u00e9mica que el Robert Altman de \u201cNashville\u201d, imbuido de esa conciencia pol\u00edtica apocal\u00edptica t\u00edpica de la era post-Nixon, habr\u00eda dirigido con ganas de tocar las narices a republicanos y dem\u00f3cratas. Ari Aster a\u00fan no es capaz, como lo hac\u00eda Altman, de generar distintos huracanes simult\u00e1neos sin que tengamos la sensaci\u00f3n de que est\u00e1 perdiendo el control del viento, pero quiz\u00e1s de eso se trata, de retratar un pa\u00eds (Eddington=Am\u00e9rica) que est\u00e1 fuera de control.<\/p>\n<p>La pel\u00edcula tiene una sinopsis corta -la rivalidad del sheriff local (Phoenix) contra el alcalde (Pascal) para ser elegidos en las pr\u00f3ximas elecciones municipales-, y una largu\u00edsima, en la que se superponen secundarios y convidados de piedra en un palimpsesto de tramas que alude al COVID-19, el confinamiento, las teor\u00edas de la conspiraci\u00f3n de la extrema derecha trumpista, las \u2018fake news\u2019, el auge de la ideolog\u00eda \u2018woke\u2019, el terrorismo dom\u00e9stico, la violencia policial, la colonizaci\u00f3n de las corporaciones tecnol\u00f3gicas, las sectas y el escrutinio totalitarista de las redes sociales. <b>Ergo, la contemporaneidad en toda su proteica, l\u00e1bil mutabilidad. <\/b><\/p>\n<p>Uno de los problemas de \u201cEddington\u201d, que ya estaba presente en parte en \u201cBeau tiene miedo\u201d, es que Ari Aster parece tener demasiadas cosas que decir, y sus ideas se pisan unas a otras, no se tienen el suficiente respeto como para crear un espacio de resistencia coherente. Lo que queda, al menos pol\u00edticamente, es una pel\u00edcula equidistante. Es lo que tiene el cinismo, o el nihilismo: para Aster, que, como demostr\u00f3 en \u201cMidsommar\u201d, <b>desconf\u00eda en la bondad de las comunidades<\/b>, la locura es lo \u00fanico que queda tras el naufragio.<\/p>\n<p>Es, por otro lado, admirable que exista un filme tan desconcertante en su mezcla de tonos y registros, en sus derivas violentas -del western pasamos al noir de filiaci\u00f3n coeniana-, en su manifiesta hostilidad contra el espectador de multisalas. Aster ha tenido m\u00e1s suerte que el Richard Kelly de \u201cSouthland Tales\u201d, cl\u00e1sico de culto que fue condenada al ostracismo en Cannes del 2006 por vaticinar, en clave pop, <b>la Am\u00e9rica dist\u00f3pica que \u201cEddington\u201d retrata fiel a una realidad que supera toda (ciencia)ficci\u00f3n<\/b>. El descaro y la ambici\u00f3n de la pel\u00edcula, apoyada en un rosario de interpretaciones notables -en especial, las de Phoenix y Austin Butler como el guer\u00fa de una secta-, la salvan de sus excesos, aunque sus logros sean m\u00e1s coyunturales de lo que le gustar\u00eda admitir.<\/p>\n<p><b>Lo mejor: <\/b><\/p>\n<p>Es una pel\u00edcula ideal para explicar el asesinato del trumpista Charlie Kirk, ese es su poder de vidente.<\/p>\n<p><b>Lo peor: <\/b><\/p>\n<p>Es irregular, dispersa, rugosa, demasiado larga, y a veces da la impresi\u00f3n de que sus dardos cambian constantemente de objetivo.<\/p>\n","protected":false},"excerpt":{"rendered":"\u201cEddington\u201d ser\u00eda la pel\u00edcula pand\u00e9mica que el Robert Altman de \u201cNashville\u201d, imbuido de esa conciencia pol\u00edtica apocal\u00edptica t\u00edpica&hellip;\n","protected":false},"author":2,"featured_media":115514,"comment_status":"","ping_status":"","sticky":false,"template":"","format":"standard","meta":{"footnotes":""},"categories":[169],"tags":[177,146,147,25,24,176,175,23],"class_list":{"0":"post-115513","1":"post","2":"type-post","3":"status-publish","4":"format-standard","5":"has-post-thumbnail","7":"category-cine","8":"tag-cine","9":"tag-entertainment","10":"tag-entretenimiento","11":"tag-es","12":"tag-espana","13":"tag-film","14":"tag-movies","15":"tag-spain"},"share_on_mastodon":{"url":"","error":""},"_links":{"self":[{"href":"https:\/\/www.europesays.com\/es\/wp-json\/wp\/v2\/posts\/115513","targetHints":{"allow":["GET"]}}],"collection":[{"href":"https:\/\/www.europesays.com\/es\/wp-json\/wp\/v2\/posts"}],"about":[{"href":"https:\/\/www.europesays.com\/es\/wp-json\/wp\/v2\/types\/post"}],"author":[{"embeddable":true,"href":"https:\/\/www.europesays.com\/es\/wp-json\/wp\/v2\/users\/2"}],"replies":[{"embeddable":true,"href":"https:\/\/www.europesays.com\/es\/wp-json\/wp\/v2\/comments?post=115513"}],"version-history":[{"count":0,"href":"https:\/\/www.europesays.com\/es\/wp-json\/wp\/v2\/posts\/115513\/revisions"}],"wp:featuredmedia":[{"embeddable":true,"href":"https:\/\/www.europesays.com\/es\/wp-json\/wp\/v2\/media\/115514"}],"wp:attachment":[{"href":"https:\/\/www.europesays.com\/es\/wp-json\/wp\/v2\/media?parent=115513"}],"wp:term":[{"taxonomy":"category","embeddable":true,"href":"https:\/\/www.europesays.com\/es\/wp-json\/wp\/v2\/categories?post=115513"},{"taxonomy":"post_tag","embeddable":true,"href":"https:\/\/www.europesays.com\/es\/wp-json\/wp\/v2\/tags?post=115513"}],"curies":[{"name":"wp","href":"https:\/\/api.w.org\/{rel}","templated":true}]}}