{"id":115516,"date":"2025-09-15T00:43:14","date_gmt":"2025-09-15T00:43:14","guid":{"rendered":"https:\/\/www.europesays.com\/es\/115516\/"},"modified":"2025-09-15T00:43:14","modified_gmt":"2025-09-15T00:43:14","slug":"desde-2010-descendio-el-numero-de-muertes-por-enfermedades-cronicas-en-argentina-y-el-mundo","status":"publish","type":"post","link":"https:\/\/www.europesays.com\/es\/115516\/","title":{"rendered":"Desde 2010, descendi\u00f3 el n\u00famero de muertes por enfermedades cr\u00f3nicas en Argentina y el mundo"},"content":{"rendered":"<p><strong>Las muertes provocadas por enfermedades cr\u00f3nicas disminuyeron en la mayor\u00eda de los pa\u00edses durante la \u00faltima d\u00e9cada<\/strong>, aunque el ritmo de mejora se ha ralentizado. As\u00ed lo se\u00f1ala una investigaci\u00f3n internacional liderada por el <strong><a href=\"https:\/\/www.imperial.ac.uk\/news\/268357\/chronic-disease-deaths-decline-globally-progress\/\" target=\"_self\" title=\"Imperial College de Londres\" alt=\"Imperial College de Londres\" rel=\"nofollow noopener\">Imperial College de Londres<\/a><\/strong> y difundida en la revista <strong><a href=\"https:\/\/www.thelancet.com\/action\/showPdf?pii=S0140-6736%2825%2901388-1\" target=\"_self\" title=\"The Lancet\" alt=\"The Lancet\" rel=\"nofollow noopener\">The Lancet<\/a><\/strong>, que analiz\u00f3 la evoluci\u00f3n entre 2010 y 2019.<\/p>\n<p>El trabajo revel\u00f3 que, en ese per\u00edodo, el riesgo de morir antes de los 80 a\u00f1os por dolencias como c\u00e1ncer, problemas card\u00edacos o accidentes cerebrovasculares baj\u00f3 en 152 pa\u00edses en el caso de las mujeres y en 147 en los hombres.<\/p>\n<p><img decoding=\"async\" src=\"https:\/\/www.europesays.com\/es\/wp-content\/uploads\/2025\/09\/cqeQSPE22_870x580__1.jpg\" alt=\"Probabilidad de morir de una ENT antes de los 80 a\u00f1os en 2019 y cambio en la probabilidad de 2010 a 2019. Fuente: The Lancet\" width=\"870\" height=\"580\" class=\"styles_cover-image__pRCD1\" loading=\"lazy\"\/>Probabilidad comparativa de morir de una ENT antes de los 80, antes y despu\u00e9s de 2010. The Lancet<\/p>\n<p><strong>\u201cAl inicio del milenio vimos una fuerte ca\u00edda en las tasas de mortalidad, pero en la \u00faltima d\u00e9cada ese descenso perdi\u00f3 fuerza, a pesar de la atenci\u00f3n pol\u00edtica que recibi\u00f3 el tema\u201d,<\/strong> explic\u00f3 Majid Ezzati, coautor del informe.<\/p>\n<p>Diferencias regionales<\/p>\n<p>En 2019, las mujeres de Jap\u00f3n y Corea del Sur y los hombres de Singapur y Suiza fueron quienes mostraron el menor riesgo de morir por estas patolog\u00edas. En el extremo opuesto, Afganist\u00e1n, Lesoto, Esuatini y Kiribati presentaron los peores indicadores.<\/p>\n<p>A nivel global, los mayores progresos se dieron en Qatar, Azerbaiy\u00e1n y Uzbekist\u00e1n. En cambio, el estudio se\u00f1al\u00f3 aumentos preocupantes en Sud\u00e1n del Sur, Antigua y Barbuda, y San Vicente y las Granadinas en mujeres, y en Cabo Verde, Honduras y Jamaica en varones.<\/p>\n<p>Entre los pa\u00edses industrializados, Alemania registr\u00f3 uno de los retrocesos m\u00e1s notorios, con apenas una leve mejora. Estados Unidos, en tanto, mostr\u00f3 la reducci\u00f3n m\u00e1s baja dentro del grupo de econom\u00edas de altos ingresos.<\/p>\n<p style=\"margin: 12px auto 6px auto; font-family: Helvetica,Arial,Sans-serif; font-size: 14px; line-height: normal; display: block;\"> <a title=\"View Evaluaci\u00f3n comparativa del progreso en enfermedades no transmisibles: un an\u00e1lisis global de la mortalidad por causas espec\u00edficas de 2001 a 2019 on Scribd\" href=\"https:\/\/www.scribd.com\/document\/915690635\/Evaluacion-comparativa-del-progreso-en-enfermedades-no-transmisibles-un-analisis-global-de-la-mortalidad-por-causas-especificas-de-2001-a-2019#from_embed\" style=\"color: #098642; text-decoration: underline;\" rel=\"nofollow noopener\" target=\"_blank\"> Evaluaci\u00f3n comparativa del progreso en enfermedades no transmisibles: un an\u00e1lisis global de la mortalidad p&#8230; <\/a><\/p>\n<p>En Am\u00e9rica Latina y el Caribe los datos fueron, en general, m\u00e1s alentadores. <strong>Chile y Colombia<\/strong> destacaron por haber acelerado el descenso de la mortalidad tanto en mujeres como en hombres.<\/p>\n<p>El caso de Argentina<\/p>\n<p>Por su parte, <strong><a href=\"https:\/\/www.ellitoral.com\/tags\/argentina\" target=\"_self\" title=\"Argentina\" alt=\"Argentina\" rel=\"nofollow noopener\">Argentina<\/a><\/strong> redujo de manera sostenida la mortalidad por enfermedades no transmisibles (ENT) \u2014como c\u00e1ncer, diabetes, males cardiovasculares y respiratorios cr\u00f3nicos\u2014 entre 2001 y 2019. Sin embargo, el ritmo de mejora fue m\u00e1s lento en la \u00faltima d\u00e9cada, seg\u00fan revel\u00f3 la investigaci\u00f3n,.<\/p>\n<p>De acuerdo con los datos, la probabilidad de morir por una ENT antes de los 80 a\u00f1os en nuestro pa\u00eds pas\u00f3 del 41,2% en 2001 al 33,5% en 2019. El estudio muestra que entre 2001 y 2010 la reducci\u00f3n fue de \u20134,7 puntos porcentuales, mientras que entre 2010 y 2019 la baja fue de \u20133 puntos.<\/p>\n<p>En comparaci\u00f3n, los investigadores subrayan que la disminuci\u00f3n en gran parte del mundo tambi\u00e9n se ralentiz\u00f3 en el \u00faltimo per\u00edodo, debido a descensos m\u00e1s peque\u00f1os en causas clave como enfermedades cardiovasculares y ciertos tipos de c\u00e1ncer.<\/p>\n<p>El informe, elaborado por el consorcio internacional NCD Countdown 2030 y financiado por el UK Medical Research Council y la NCD Alliance, analiz\u00f3 la evoluci\u00f3n de la mortalidad por ENT en 185 pa\u00edses y territorios. El trabajo resalta que, aunque cuatro de cada cinco naciones registraron mejoras, los avances fueron m\u00e1s marcados en la primera d\u00e9cada del milenio que en la segunda.<\/p>\n<p>En el caso de Argentina, los resultados confirman que el pa\u00eds sigue la tendencia global: mejoras sostenidas en la mortalidad por enfermedades cr\u00f3nicas, pero con una velocidad de reducci\u00f3n cada vez menor.<\/p>\n<p>Qu\u00e9 enfermedades influyeron m\u00e1s<\/p>\n<p>La investigaci\u00f3n subraya que -a nivel global- <strong>la baja en las muertes por afecciones cardiovasculares fue la principal responsable del avance, seguida por la reducci\u00f3n en varios tipos de c\u00e1ncer (est\u00f3mago, colorrectal, cuello uterino, mama, pulm\u00f3n y pr\u00f3stata).<\/strong><\/p>\n<p><img decoding=\"async\" src=\"https:\/\/www.europesays.com\/es\/wp-content\/uploads\/2025\/09\/kkCFXyVmh_870x580__1.jpg\" alt=\"A nivel global- la baja en las muertes por afecciones cardiovasculares fue la principal responsable del avance.\" width=\"870\" height=\"580\" class=\"styles_cover-image__pRCD1\" loading=\"lazy\"\/>La baja global en las muertes por afecciones cardiovasculares fue la principal responsable del avance.<\/p>\n<p>No obstante, este progreso se vio contrarrestado por el incremento de decesos vinculados a la demencia, a trastornos neuropsiqui\u00e1tricos como el consumo problem\u00e1tico de alcohol y a ciertos c\u00e1nceres, entre ellos los de p\u00e1ncreas e h\u00edgado.<\/p>\n<p>Llamado a reforzar pol\u00edticas de salud<\/p>\n<p>Los especialistas remarcaron que, pese a los logros alcanzados, el estancamiento en el ritmo de mejora deja en evidencia la necesidad de fortalecer las <a href=\"https:\/\/www.ellitoral.com\/seccion\/salud\" target=\"_self\" title=\"pol\u00edticas sanitarias\" alt=\"pol\u00edticas sanitarias\" rel=\"nofollow noopener\">pol\u00edticas sanitarias<\/a> en todo el mundo.<\/p>\n<p>Entre las prioridades mencionaron garantizar el acceso a medicaci\u00f3n preventiva, promover la detecci\u00f3n temprana de patolog\u00edas como el c\u00e1ncer y ampliar los servicios de tratamiento y apoyo para enfermedades cr\u00f3nicas \u2014como la diabetes\u2014 y episodios agudos, como infartos y ACV.<\/p>\n","protected":false},"excerpt":{"rendered":"Las muertes provocadas por enfermedades cr\u00f3nicas disminuyeron en la mayor\u00eda de los pa\u00edses durante la \u00faltima d\u00e9cada, aunque&hellip;\n","protected":false},"author":2,"featured_media":115517,"comment_status":"","ping_status":"","sticky":false,"template":"","format":"standard","meta":{"footnotes":""},"categories":[92],"tags":[10051,1660,283,2047,1803,2111,25,24,629,165,2444,166,23],"class_list":{"0":"post-115516","1":"post","2":"type-post","3":"status-publish","4":"format-standard","5":"has-post-thumbnail","7":"category-salud","8":"tag-afganistan","9":"tag-alemania","10":"tag-argentina","11":"tag-chile","12":"tag-colombia","13":"tag-corea-del-sur","14":"tag-es","15":"tag-espana","16":"tag-estados-unidos","17":"tag-health","18":"tag-reino-unido","19":"tag-salud","20":"tag-spain"},"share_on_mastodon":{"url":"","error":""},"_links":{"self":[{"href":"https:\/\/www.europesays.com\/es\/wp-json\/wp\/v2\/posts\/115516","targetHints":{"allow":["GET"]}}],"collection":[{"href":"https:\/\/www.europesays.com\/es\/wp-json\/wp\/v2\/posts"}],"about":[{"href":"https:\/\/www.europesays.com\/es\/wp-json\/wp\/v2\/types\/post"}],"author":[{"embeddable":true,"href":"https:\/\/www.europesays.com\/es\/wp-json\/wp\/v2\/users\/2"}],"replies":[{"embeddable":true,"href":"https:\/\/www.europesays.com\/es\/wp-json\/wp\/v2\/comments?post=115516"}],"version-history":[{"count":0,"href":"https:\/\/www.europesays.com\/es\/wp-json\/wp\/v2\/posts\/115516\/revisions"}],"wp:featuredmedia":[{"embeddable":true,"href":"https:\/\/www.europesays.com\/es\/wp-json\/wp\/v2\/media\/115517"}],"wp:attachment":[{"href":"https:\/\/www.europesays.com\/es\/wp-json\/wp\/v2\/media?parent=115516"}],"wp:term":[{"taxonomy":"category","embeddable":true,"href":"https:\/\/www.europesays.com\/es\/wp-json\/wp\/v2\/categories?post=115516"},{"taxonomy":"post_tag","embeddable":true,"href":"https:\/\/www.europesays.com\/es\/wp-json\/wp\/v2\/tags?post=115516"}],"curies":[{"name":"wp","href":"https:\/\/api.w.org\/{rel}","templated":true}]}}