{"id":115518,"date":"2025-09-15T00:44:15","date_gmt":"2025-09-15T00:44:15","guid":{"rendered":"https:\/\/www.europesays.com\/es\/115518\/"},"modified":"2025-09-15T00:44:15","modified_gmt":"2025-09-15T00:44:15","slug":"lola-indigo-anuncia-su-retirada-temporal-de-la-musica","status":"publish","type":"post","link":"https:\/\/www.europesays.com\/es\/115518\/","title":{"rendered":"Lola Indigo anuncia su retirada temporal de la m\u00fasica"},"content":{"rendered":"<p class=\"v-mdl-ath__p v-mdl-ath__p--6\">\nDomingo, 14 de septiembre 2025, 15:42<\/p>\n<p>| Actualizado 16:09h.<\/p>\n<p class=\"v-p\">Lola Indigo se retira del foco p\u00fablico temporalmente. La cantante granadina, en mitad de su actuaci\u00f3n en el Coca Cola Music Experience 2025, anunciaba su retirada temporal de la m\u00fasica asegurando que \u00abha sido un a\u00f1o muy chungo y se han complicado muchas cosas, pero al final siempre todo se soluciona\u00bb. \u00abLlevo siete a\u00f1os trabajando sin parar, estoy agotada mentalmente. Este es el sue\u00f1o de mi vida y para estar aqu\u00ed como Dios manda necesito un &#8216;break&#8217; (descanso)\u00bb, explic\u00f3 al p\u00fablico, al que agradeci\u00f3 haberla \u00abaguantado\u00bb.<\/p>\n<p class=\"v-p\">La noticia corri\u00f3 como la p\u00f3lvora en redes sociales, donde circulaban numerosos v\u00eddeos del momento del anuncio, lo que provoc\u00f3 una oleada de mensajes de apoyo a la cantante granadina, que se dio a conocer en &#8216;Operaci\u00f3n Triunfo&#8217; en el a\u00f1o 2017, siendo en la actualidad una de las artistas m\u00e1s importantes del panorama musical espa\u00f1ol. <\/p>\n<p>Comenta<\/p>\n<p>Reporta un error<\/p>\n","protected":false},"excerpt":{"rendered":"Domingo, 14 de septiembre 2025, 15:42 | Actualizado 16:09h. Lola Indigo se retira del foco p\u00fablico temporalmente. La&hellip;\n","protected":false},"author":2,"featured_media":115519,"comment_status":"","ping_status":"","sticky":false,"template":"","format":"standard","meta":{"footnotes":""},"categories":[91],"tags":[4187,146,147,25,24,15727,15726,185,1367,23,19255],"class_list":{"0":"post-115518","1":"post","2":"type-post","3":"status-publish","4":"format-standard","5":"has-post-thumbnail","7":"category-entretenimiento","8":"tag-anuncia","9":"tag-entertainment","10":"tag-entretenimiento","11":"tag-es","12":"tag-espana","13":"tag-indigo","14":"tag-lola","15":"tag-musica","16":"tag-retirada","17":"tag-spain","18":"tag-temporal"},"share_on_mastodon":{"url":"","error":""},"_links":{"self":[{"href":"https:\/\/www.europesays.com\/es\/wp-json\/wp\/v2\/posts\/115518","targetHints":{"allow":["GET"]}}],"collection":[{"href":"https:\/\/www.europesays.com\/es\/wp-json\/wp\/v2\/posts"}],"about":[{"href":"https:\/\/www.europesays.com\/es\/wp-json\/wp\/v2\/types\/post"}],"author":[{"embeddable":true,"href":"https:\/\/www.europesays.com\/es\/wp-json\/wp\/v2\/users\/2"}],"replies":[{"embeddable":true,"href":"https:\/\/www.europesays.com\/es\/wp-json\/wp\/v2\/comments?post=115518"}],"version-history":[{"count":0,"href":"https:\/\/www.europesays.com\/es\/wp-json\/wp\/v2\/posts\/115518\/revisions"}],"wp:featuredmedia":[{"embeddable":true,"href":"https:\/\/www.europesays.com\/es\/wp-json\/wp\/v2\/media\/115519"}],"wp:attachment":[{"href":"https:\/\/www.europesays.com\/es\/wp-json\/wp\/v2\/media?parent=115518"}],"wp:term":[{"taxonomy":"category","embeddable":true,"href":"https:\/\/www.europesays.com\/es\/wp-json\/wp\/v2\/categories?post=115518"},{"taxonomy":"post_tag","embeddable":true,"href":"https:\/\/www.europesays.com\/es\/wp-json\/wp\/v2\/tags?post=115518"}],"curies":[{"name":"wp","href":"https:\/\/api.w.org\/{rel}","templated":true}]}}