{"id":115523,"date":"2025-09-15T00:48:09","date_gmt":"2025-09-15T00:48:09","guid":{"rendered":"https:\/\/www.europesays.com\/es\/115523\/"},"modified":"2025-09-15T00:48:09","modified_gmt":"2025-09-15T00:48:09","slug":"irene-urdangarin-la-ultima-incorporacion-a-la-corte-gallega-del-rey-juan-carlos-una-cena-en-alta-mar-su-complicidad-con-la-infanta-elena-y-tarde-de-regatas-con-simoneta-gomez-ace","status":"publish","type":"post","link":"https:\/\/www.europesays.com\/es\/115523\/","title":{"rendered":"Irene Urdangarin, la \u00faltima incorporaci\u00f3n a la \u2018corte gallega\u2019 del rey Juan Carlos: una cena en alta mar, su complicidad con la infanta Elena, y tarde de regatas con Simoneta G\u00f3mez-Acebo"},"content":{"rendered":"<p>La corte del <a href=\"https:\/\/www.revistavanityfair.es\/articulos\/todo-falso-laurence-debray-autora-de-las-memorias-del-rey-juan-carlos-suspension\" rel=\"nofollow noopener\" target=\"_blank\">rey don Juan Carlos<\/a> en Sanxenxo cada vez es m\u00e1s numerosa. Este fin de semana, tambi\u00e9n se ha desplazado hasta all\u00ed a visitarle <a href=\"https:\/\/www.revistavanityfair.es\/articulos\/pablo-urdangarin-a-la-aparicion-televisiva-de-victoria-federica-y-el-nuevo-hogar-de-leonor-y-sofia\" rel=\"nofollow noopener\" target=\"_blank\">Irene Urdangarin<\/a>, quien se ha convertido as\u00ed en la primera de los nietos del exmonarca en acompa\u00f1arle en una de estas estancias en Galicia.<\/p>\n<p>La joven dio la sorpresa al aparecer ayer por la tarde en el puerto, donde se la vio saludar a su abuelo a su regreso de una de las regatas en las que se encuentra participando con su equipo.<\/p>\n<p>Irene Urdangar\u00edn con la infanta Elena y Simoneta G\u00f3mez-Acebo<\/p>\n<p>Xana<\/p>\n<p>Tal y como muestran las fotograf\u00edas, con ella se encontraban tanto la <a href=\"https:\/\/www.revistavanityfair.es\/articulos\/rey-juan-carlos-galicia-reencuentro-infanta-elena-leonor\" rel=\"nofollow noopener\" target=\"_blank\">infanta Elena<\/a> (hasta ahora el familiar que m\u00e1s veces le ha acompa\u00f1ado en estas visitas a las regatas) como <strong>Simoneta G\u00f3mez-Acebo<\/strong>, quien el a\u00f1o pasado tambi\u00e9n <a href=\"https:\/\/www.revistavanityfair.es\/articulos\/rey-juan-carlos-sanxenxo-simoneta-gomez-acebo\" rel=\"nofollow noopener\" target=\"_blank\">empez\u00f3 a sumarse a estas reuniones familiares<\/a> que provoca cada regreso a Espa\u00f1a de su t\u00edo y suele turnarse con su prima <strong>Mar\u00eda Zurita<\/strong> y la <a href=\"https:\/\/www.revistavanityfair.es\/articulos\/rey-juan-infanta-margarita-sanxenxo-acto-conciliacion-miguel-angel-revilla\" rel=\"nofollow noopener\" target=\"_blank\">infanta Margarita.<\/a><\/p>\n<p>Las tres mujeres regresaron luego al puerto para embarcar junto a don Juan Carlos y otras personas del entorno del rey como <a href=\"https:\/\/www.revistavanityfair.es\/realeza\/articulos\/juan-carlos-ultima-noche-espana-sanxenxo-pedro-campos\/46197\" rel=\"nofollow noopener\" target=\"_blank\">Pedro Campos<\/a> y su mujer en un barco gr\u00faa, donde como se puede ver tambi\u00e9n en las fotos disfrutaron de una animada cena en el mar.<\/p>\n<p>La cena tuvo lugar en un barco<\/p>\n<p>Xana<\/p>\n<p>Que se sepa, es la primera vez que Irene Urdangarin visita a su abuelo en Galicia, una novedad a tener en cuenta si se considera que hasta ahora no ha trascendido que ning\u00fan otro de los nietos de don Juan Carlos haya ido all\u00ed a visitarle y lo poco dada que es Irene a dejarse ver en p\u00fablico.<\/p>\n<p>La hija de la infanta Cristina se encuentra cursando el segundo curso del grado de Gesti\u00f3n de Hosteler\u00eda, Turismo y Eventos en\u00a0<strong>Oxford<\/strong> y lleva una vida tan discreta como la de sus hermanos, aunque recientemente dio que hablar por una noticia sobre su vida sentimental: seg\u00fan \u00a1Hola!, Irene Urdangarin <a data-offer-url=\"https:\/\/www.hola.com\/actualidad\/20250827852087\/irene-urdangarin-victoria-marichalar-rompen-parejas-caminos-separados\/\" class=\"external-link\" data-event-click=\"{&quot;element&quot;:&quot;ExternalLink&quot;,&quot;outgoingURL&quot;:&quot;https:\/\/www.hola.com\/actualidad\/20250827852087\/irene-urdangarin-victoria-marichalar-rompen-parejas-caminos-separados\/&quot;}\" href=\"https:\/\/www.hola.com\/actualidad\/20250827852087\/irene-urdangarin-victoria-marichalar-rompen-parejas-caminos-separados\/\" rel=\"nofollow noopener\" target=\"_blank\">ha roto su noviazgo con Juan Urquijo<\/a> (cu\u00f1ado del alcalde de Madrid).<\/p>\n<p>El verano se sabe que lo ha pasado con su familia en Bidart y en Grecia, donde suele disfrutar de la isla preferida de la familia real griega. A principios de este mes, tambi\u00e9n se dej\u00f3 ver con su madre en Barcelona para asistir a uno de los partidos de balonmano de su hermano, <a href=\"https:\/\/www.revistavanityfair.es\/articulos\/pablo-urdangarin-hijo-infanta-cristina-renovacion-balonmano-novia-johanna-zott\" rel=\"nofollow noopener\" target=\"_blank\">Pablo Urdangarin<\/a>, pero lo cierto es que fuera de las gradas\u00a0 no es com\u00fan verla aparecer en p\u00fablico.<\/p>\n","protected":false},"excerpt":{"rendered":"La corte del rey don Juan Carlos en Sanxenxo cada vez es m\u00e1s numerosa. Este fin de semana,&hellip;\n","protected":false},"author":2,"featured_media":115524,"comment_status":"","ping_status":"","sticky":false,"template":"","format":"standard","meta":{"footnotes":""},"categories":[8],"tags":[17,18,36019,25,24,13,14,11,14971,38833,19,20,9,10,15,16,38278,23,12,21,22],"class_list":{"0":"post-115523","1":"post","2":"type-post","3":"status-publish","4":"format-standard","5":"has-post-thumbnail","7":"category-espana","8":"tag-breaking-news","9":"tag-breakingnews","10":"tag-elena-de-borbon-infanta-elena","11":"tag-es","12":"tag-espana","13":"tag-featured-news","14":"tag-featurednews","15":"tag-headlines","16":"tag-irene-urdangarin","17":"tag-juan-carlos-de-borbon","18":"tag-latest-news","19":"tag-latestnews","20":"tag-news","21":"tag-noticias","22":"tag-noticias-destacadas","23":"tag-noticiasdestacadas","24":"tag-simoneta-gomez-acebo","25":"tag-spain","26":"tag-titulares","27":"tag-ultimas-noticias","28":"tag-ultimasnoticias"},"share_on_mastodon":{"url":"","error":""},"_links":{"self":[{"href":"https:\/\/www.europesays.com\/es\/wp-json\/wp\/v2\/posts\/115523","targetHints":{"allow":["GET"]}}],"collection":[{"href":"https:\/\/www.europesays.com\/es\/wp-json\/wp\/v2\/posts"}],"about":[{"href":"https:\/\/www.europesays.com\/es\/wp-json\/wp\/v2\/types\/post"}],"author":[{"embeddable":true,"href":"https:\/\/www.europesays.com\/es\/wp-json\/wp\/v2\/users\/2"}],"replies":[{"embeddable":true,"href":"https:\/\/www.europesays.com\/es\/wp-json\/wp\/v2\/comments?post=115523"}],"version-history":[{"count":0,"href":"https:\/\/www.europesays.com\/es\/wp-json\/wp\/v2\/posts\/115523\/revisions"}],"wp:featuredmedia":[{"embeddable":true,"href":"https:\/\/www.europesays.com\/es\/wp-json\/wp\/v2\/media\/115524"}],"wp:attachment":[{"href":"https:\/\/www.europesays.com\/es\/wp-json\/wp\/v2\/media?parent=115523"}],"wp:term":[{"taxonomy":"category","embeddable":true,"href":"https:\/\/www.europesays.com\/es\/wp-json\/wp\/v2\/categories?post=115523"},{"taxonomy":"post_tag","embeddable":true,"href":"https:\/\/www.europesays.com\/es\/wp-json\/wp\/v2\/tags?post=115523"}],"curies":[{"name":"wp","href":"https:\/\/api.w.org\/{rel}","templated":true}]}}