{"id":115525,"date":"2025-09-15T00:49:12","date_gmt":"2025-09-15T00:49:12","guid":{"rendered":"https:\/\/www.europesays.com\/es\/115525\/"},"modified":"2025-09-15T00:49:12","modified_gmt":"2025-09-15T00:49:12","slug":"la-extrema-derecha-de-afd-triplica-sus-resultados-en-la-region-alemana-de-renania-del-norte-westfalia","status":"publish","type":"post","link":"https:\/\/www.europesays.com\/es\/115525\/","title":{"rendered":"La extrema derecha de AfD triplica sus resultados en la regi\u00f3n alemana de Renania del Norte-Westfalia"},"content":{"rendered":"<p style=\"\"><a href=\"https:\/\/www.abc.es\/economia\/alemania-declara-insostenible-actual-estado-bienestar-20250901180306-nt.html\" title=\"www.abc.es\" data-voc-vtm-id=\"in-text-traffic\" data-mrf-link=\"www.abc.es\" rel=\"nofollow noopener\" target=\"_blank\">La Uni\u00f3n Cristianodem\u00f3crata (CDU)<\/a>, el partido conservador liderado a escala federal por el canciller <strong>Friedrich Merz<\/strong>, sigue siendo la primera fuerza indiscutible en las elecciones locales celebradas ayer en el estado de Renania del Norte-Westfalia (NRW), con el 33,3% de los  &#8230; votos seg\u00fan los resultados provisionales. Ha quedado ampliamente por delante del Partido Socialdem\u00f3crata (SPD), la segunda fuerza con el 22,1%.<\/p>\n<p class=\"voc-p\" style=\"\">La derrota ha llevado a la l\u00edder del SPD regional y ministra federal de Trabajo, B\u00e4rbel Bas, a \u00abhacer un examen de conciencia\u00bb y a considerar que la tarea del SPD es \u00abvolver a hacer las pol\u00edticas que muevan a los trabajadores\u00bb. Con miras al gobierno de Berl\u00edn, exigi\u00f3 que las inversiones acordadas se implementen r\u00e1pidamente.<\/p>\n<p class=\"voc-p\" style=\"\">Los sondeos hab\u00edan pronosticado un serio aumento del partido de extrema derecha, <a href=\"https:\/\/www.abc.es\/internacional\/paises-europeos-plantean-recuperar-mili-ante-amenaza-20250830195721-nt.html\" title=\"www.abc.es\" data-voc-vtm-id=\"in-text-traffic\" data-mrf-link=\"www.abc.es\" rel=\"nofollow noopener\" target=\"_blank\">antieuropeo y prorruso<\/a>, Alternativa para Alemania (AfD), que finalmente avanza hasta el 14,6%, lo que supone que triplica su anterior resultado y queda incluso por delante de Los Verdes, que sufren grandes p\u00e9rdidas y quedan en el 13,4. En las anteriores elecciones, en 2020, Los Verdes superaron el 20%. Una excepci\u00f3n es la alcald\u00eda de Colonia, que consiguen con el 26,5%.<\/p>\n<p class=\"voc-p\" style=\"\">Buena parte del ascenso de AfD se lo debe el partido al magnate de Tesla,<strong> Elon Musk<\/strong>, quien ha vuelto a hacer campa\u00f1a a su favor. Musk dispar\u00f3 su \u00faltima salva de ayuda en la \u00faltima jornada de campa\u00f1a, publicando en su cuenta de X que \u00abs\u00f3lo la AfD puede salvar a Alemania\u00bb. En otras ocasiones, ha descrito al partido como la \u00ab\u00faltima chispa de esperanza\u00bb para Alemania. Su conversaci\u00f3n con la l\u00edder de AfD, <strong>Alice Weidel<\/strong>, de 75 minutos de duraci\u00f3n y retransmitida en directo, escenificando una charla entre amigos, fue seguida por cientos de miles de espectadores.<\/p>\n<p class=\"voc-p\" style=\"\">El presidente regional <strong>Hendrik W\u00fcst <\/strong>reaccion\u00f3 con satisfacci\u00f3n por su propia victoria, pero tambi\u00e9n con preocupaci\u00f3n por los fuertes avances de AfD: \u00abEste resultado debe hacernos reflexionar, y no puede dejarnos dormir tranquilos. Ni siquiera a mi partido, que ha ganado tan claramente\u00bb.<\/p>\n<p class=\"voc-p\" style=\"\">Las elecciones en el estado m\u00e1s poblado de Alemania, con m\u00e1s de 13,7 millones de votantes, confirman la debacle de los liberales del FDP, que formaron parte de la anterior coalici\u00f3n de gobierno, encabezada por el socialdem\u00f3crata <strong>Olaf Scholz<\/strong>, y que ahora obtienen apenas del el 3,5 por ciento.<\/p>\n<p class=\"voc-p\" style=\"\">La votaci\u00f3n se considera la primera prueba de estado de \u00e1nimo pol\u00edtico hacia el Gobierno federal, en el que Merz ha formado una gran coalici\u00f3n con el SPD tras las elecciones anticipadas de febrero. Estos porcentajes demuestran que ha superado la prueba.<\/p>\n<p class=\"voc-p\" style=\"\">Renania del Norte-Westfalia tiene m\u00e1s votantes elegibles que todos los estados del este de Alemania juntos y sus resultados resultan extrapolables.<\/p>\n<p class=\"voc-p\" style=\"\">De acuerdo a estos resultados, se adjudicar\u00e1n alrededor de 20.000 mandatos en los consejos de 396 ciudades y municipios, los 31 consejos de distrito y en el Parlamento regional del Ruhr. Tambi\u00e9n se eligen alcaldes y administradores de distrito. En la mayor\u00eda de las ciudades, es probable que haya una segunda ronda de votaci\u00f3n para los puestos de alcalde, programada para el 28 de septiembre, en caso de que ning\u00fan candidato logre el 50%. Incluso donde haya ganado AfD, es probable que los candidatos del centro pol\u00edtico hagan campa\u00f1a para evitar que logre cargos relevantes.<\/p>\n<p class=\"voc-p\" style=\"\">Aun as\u00ed, los resultados suponen un toque de atenci\u00f3n para <strong>Freidrich Merz<\/strong>, que hab\u00eda aplazado la serie de recortes de su &#8216;Oto\u00f1o de las reformas&#8217; para no perjudicar este resultado electoral y ha perdido varios puntos, antes incluso de comenzar a anunciar modificaciones a la baja en <a href=\"https:\/\/www.abc.es\/economia\/alemania-planea-recortar-subsidio-paro-larga-duracion-20250904170906-nt.html\" title=\"www.abc.es\" data-voc-vtm-id=\"in-text-traffic\" data-mrf-link=\"www.abc.es\" rel=\"nofollow noopener\" target=\"_blank\">los subsidios de paro de larga duraci\u00f3n <\/a>y atenci\u00f3n a los refugiados. En vista de la lentitud de la econom\u00eda, el aumento del desempleo y las brechas presupuestarias a partir de 2027, aumenta la presi\u00f3n sobre la coalici\u00f3n de Berl\u00edn para lanzar un importante paquete de reformas.<\/p>\n","protected":false},"excerpt":{"rendered":"La Uni\u00f3n Cristianodem\u00f3crata (CDU), el partido conservador liderado a escala federal por el canciller Friedrich Merz, sigue siendo&hellip;\n","protected":false},"author":2,"featured_media":115526,"comment_status":"","ping_status":"","sticky":false,"template":"","format":"standard","meta":{"footnotes":""},"categories":[5],"tags":[38834,17,18,25,24,13,14,11,19,20,6412,9,38837,10,15,16,38836,885,23,12,38835,21,22],"class_list":{"0":"post-115525","1":"post","2":"type-post","3":"status-publish","4":"format-standard","5":"has-post-thumbnail","7":"category-titulares","8":"tag-afd","9":"tag-breaking-news","10":"tag-breakingnews","11":"tag-es","12":"tag-espana","13":"tag-featured-news","14":"tag-featurednews","15":"tag-headlines","16":"tag-latest-news","17":"tag-latestnews","18":"tag-municipales","19":"tag-news","20":"tag-nortewestfalia","21":"tag-noticias","22":"tag-noticias-destacadas","23":"tag-noticiasdestacadas","24":"tag-renania","25":"tag-resultados","26":"tag-spain","27":"tag-titulares","28":"tag-triplica","29":"tag-ultimas-noticias","30":"tag-ultimasnoticias"},"share_on_mastodon":{"url":"","error":""},"_links":{"self":[{"href":"https:\/\/www.europesays.com\/es\/wp-json\/wp\/v2\/posts\/115525","targetHints":{"allow":["GET"]}}],"collection":[{"href":"https:\/\/www.europesays.com\/es\/wp-json\/wp\/v2\/posts"}],"about":[{"href":"https:\/\/www.europesays.com\/es\/wp-json\/wp\/v2\/types\/post"}],"author":[{"embeddable":true,"href":"https:\/\/www.europesays.com\/es\/wp-json\/wp\/v2\/users\/2"}],"replies":[{"embeddable":true,"href":"https:\/\/www.europesays.com\/es\/wp-json\/wp\/v2\/comments?post=115525"}],"version-history":[{"count":0,"href":"https:\/\/www.europesays.com\/es\/wp-json\/wp\/v2\/posts\/115525\/revisions"}],"wp:featuredmedia":[{"embeddable":true,"href":"https:\/\/www.europesays.com\/es\/wp-json\/wp\/v2\/media\/115526"}],"wp:attachment":[{"href":"https:\/\/www.europesays.com\/es\/wp-json\/wp\/v2\/media?parent=115525"}],"wp:term":[{"taxonomy":"category","embeddable":true,"href":"https:\/\/www.europesays.com\/es\/wp-json\/wp\/v2\/categories?post=115525"},{"taxonomy":"post_tag","embeddable":true,"href":"https:\/\/www.europesays.com\/es\/wp-json\/wp\/v2\/tags?post=115525"}],"curies":[{"name":"wp","href":"https:\/\/api.w.org\/{rel}","templated":true}]}}