{"id":115529,"date":"2025-09-15T00:51:13","date_gmt":"2025-09-15T00:51:13","guid":{"rendered":"https:\/\/www.europesays.com\/es\/115529\/"},"modified":"2025-09-15T00:51:13","modified_gmt":"2025-09-15T00:51:13","slug":"la-feria-de-murcia-arranca-esta-tarde-con-la-novillada-con-picadores-dos-de-ellos-de-la-region","status":"publish","type":"post","link":"https:\/\/www.europesays.com\/es\/115529\/","title":{"rendered":"La Feria de Murcia arranca esta tarde con la novillada con picadores, dos de ellos de la Regi\u00f3n"},"content":{"rendered":"<p class=\"v-mdl-ath__p v-mdl-ath__p--6\">\nDomingo, 14 de septiembre 2025, 08:29<\/p>\n<p class=\"v-p\"> La Feria de Murcia 2025 arranca este domingo con una novillada con picadores en la que vuelven a La Condomina los novillos de Fuente Ymbro, que facilitaron el a\u00f1o pasado el triunfo de los diestros.<\/p>\n<p class=\"v-p\">El cartel cuenta con dos novilleros de la Regi\u00f3n de Murcia, que se medir\u00e1n a una de las figuras del escalaf\u00f3n.<\/p>\n<p class=\"v-p\">Abre plaza el murciano Crist\u00f3bal Ramos &#8216;Parrita&#8217; en la que ser\u00e1 su primera novillada del a\u00f1o. Siempre fue un torero de pellizco que en sus inicios despert\u00f3 much\u00edsima ilusi\u00f3n en los aficionados de Murcia. La de hoy es una buena oportunidad para demostrar que tiene cosas que decir, como ya se vieron en su etapa de novillero sin picadores, como alumno de las Escuelas de Murcia y de la Fundaci\u00f3n El Juli. El a\u00f1o pasado sali\u00f3 a hombros en la plaza de toros de Ceheg\u00edn.<\/p>\n<p class=\"v-p\">El novillero de Torre Pacheco V\u00edctor Acebo regresa a Murcia tras salir a hombros en la novillada del a\u00f1o pasado. Novillero de buen gusto, forjado en la Escuela Taurina de Almer\u00eda, este a\u00f1o lleva toreadas tres novilladas en las que ha cortado siete orejas, adem\u00e1s de alg\u00fan festival que le han permitido madurar en su toreo.<\/p>\n<p class=\"v-p\">El sevillano Javier Zulueta, uno de los novilleros punteros del escalaf\u00f3n, se presenta en Murcia a poco de tomar la alternativa en la pr\u00f3xima feria de San Miguel de Sevilla, donde tendr\u00e1 como padrino a Morante de la Puebla. Atesora un toreo muy est\u00e9tico. Ocupa el segundo lugar en el escalaf\u00f3n de novilleros. Lleva toreadas veinticinco novilladas esta temporada, con treinta y dos orejas cortadas, actuando ocho tardes en plazas de primera.<\/p>\n<p class=\"v-p\">El festejo dar\u00e1 comienzo a las 18.30 horas. Las taquillas de la plaza estar\u00e1n abiertas desde las 10 de la ma\u00f1ana.<\/p>\n<p>Comenta<\/p>\n<p>Reporta un error<\/p>\n","protected":false},"excerpt":{"rendered":"Domingo, 14 de septiembre 2025, 08:29 La Feria de Murcia 2025 arranca este domingo con una novillada con&hellip;\n","protected":false},"author":2,"featured_media":115530,"comment_status":"","ping_status":"","sticky":false,"template":"","format":"standard","meta":{"footnotes":""},"categories":[277],"tags":[5881,373,168,1563,25,24,599,1478,4494,34567,6192,23,167,11054,374],"class_list":{"0":"post-115529","1":"post","2":"type-post","3":"status-publish","4":"format-standard","5":"has-post-thumbnail","7":"category-toreo","8":"tag-arranca","9":"tag-bullfighting","10":"tag-deportes","11":"tag-dos","12":"tag-es","13":"tag-espana","14":"tag-feria","15":"tag-murcia","16":"tag-novillada","17":"tag-picadores","18":"tag-region","19":"tag-spain","20":"tag-sports","21":"tag-tarde","22":"tag-toreo"},"share_on_mastodon":{"url":"","error":""},"_links":{"self":[{"href":"https:\/\/www.europesays.com\/es\/wp-json\/wp\/v2\/posts\/115529","targetHints":{"allow":["GET"]}}],"collection":[{"href":"https:\/\/www.europesays.com\/es\/wp-json\/wp\/v2\/posts"}],"about":[{"href":"https:\/\/www.europesays.com\/es\/wp-json\/wp\/v2\/types\/post"}],"author":[{"embeddable":true,"href":"https:\/\/www.europesays.com\/es\/wp-json\/wp\/v2\/users\/2"}],"replies":[{"embeddable":true,"href":"https:\/\/www.europesays.com\/es\/wp-json\/wp\/v2\/comments?post=115529"}],"version-history":[{"count":0,"href":"https:\/\/www.europesays.com\/es\/wp-json\/wp\/v2\/posts\/115529\/revisions"}],"wp:featuredmedia":[{"embeddable":true,"href":"https:\/\/www.europesays.com\/es\/wp-json\/wp\/v2\/media\/115530"}],"wp:attachment":[{"href":"https:\/\/www.europesays.com\/es\/wp-json\/wp\/v2\/media?parent=115529"}],"wp:term":[{"taxonomy":"category","embeddable":true,"href":"https:\/\/www.europesays.com\/es\/wp-json\/wp\/v2\/categories?post=115529"},{"taxonomy":"post_tag","embeddable":true,"href":"https:\/\/www.europesays.com\/es\/wp-json\/wp\/v2\/tags?post=115529"}],"curies":[{"name":"wp","href":"https:\/\/api.w.org\/{rel}","templated":true}]}}