{"id":115531,"date":"2025-09-15T00:54:07","date_gmt":"2025-09-15T00:54:07","guid":{"rendered":"https:\/\/www.europesays.com\/es\/115531\/"},"modified":"2025-09-15T00:54:07","modified_gmt":"2025-09-15T00:54:07","slug":"laver-cup-equipos-fechas-historia-y-todo-lo-que-tenes-que-saber-atp-tour","status":"publish","type":"post","link":"https:\/\/www.europesays.com\/es\/115531\/","title":{"rendered":"Laver Cup: Equipos, Fechas, HIstoria y Todo Lo Que Tenes Que Saber | ATP Tour"},"content":{"rendered":"<p>        ATP Tour<br \/>\n    Laver Cup: Equipos, Fechas, HIstoria y Todo Lo Que Tenes Que Saber<\/p>\n<p>Descubra todo sobre la edici\u00f3n de este a\u00f1o en San Francisco, California<\/p>\n<p>September 14, 2025<\/p>\n<p>            <img decoding=\"async\" src=\"https:\/\/www.europesays.com\/es\/wp-content\/uploads\/2025\/09\/laver-cup-resource-page-2025-september.jpg\" alt=\"\"\/><\/p>\n<p>Luciano Lima\/Getty Images for Laver Cup<\/p>\n<p>        By Redacci\u00f3n ATP <\/p>\n<p>La <a href=\"https:\/\/www.atptour.com\/es\/tournaments\/laver-cup\/9210\/overview\" rel=\"nofollow noopener\" target=\"_blank\">Laver Cup<\/a> es una competici\u00f3n por equipos de tres d\u00edas, donde seis jugadores europeos compiten contra seis de resto del mundo. La sede cambia cada a\u00f1o. Este a\u00f1o, el evento se celebrar\u00e1 en el Chase Center de San Francisco, California, del 19 al 21 de septiembre. Entre los participantes estar\u00e1n las estrellas del Top 10, <a href=\"https:\/\/www.atptour.com\/es\/players\/carlos-alcaraz\/a0e2\/overview\" rel=\"nofollow noopener\" target=\"_blank\">Carlos Alcaraz<\/a> y <a href=\"https:\/\/www.atptour.com\/es\/players\/alexander-zverev\/z355\/overview\" rel=\"nofollow noopener\" target=\"_blank\">Alexander Zverev<\/a>, representando al Team Europa, y <a href=\"https:\/\/www.atptour.com\/es\/players\/taylor-fritz\/fb98\/overview\" rel=\"nofollow noopener\" target=\"_blank\">Taylor Fritz<\/a> y Alex de Mi\u00f1aur, representando al Team World.<\/p>\n<p>Aqu\u00ed tienes todo lo que necesitas saber sobre la octava edici\u00f3n de la <a href=\"https:\/\/www.atptour.com\/es\/tournaments\/laver-cup\/9210\/overview\" rel=\"nofollow noopener\" target=\"_blank\">Laver Cup<\/a><\/p>\n<p>\u00bfCu\u00e1ndo es la <a href=\"https:\/\/www.atptour.com\/es\/tournaments\/laver-cup\/9210\/overview\" rel=\"nofollow noopener\" target=\"_blank\">Laver Cup<\/a>?<\/p>\n<p>\u00a0<\/p>\n<p>La <a href=\"https:\/\/www.atptour.com\/es\/tournaments\/laver-cup\/9210\/overview\" rel=\"nofollow noopener\" target=\"_blank\">Laver Cup<\/a> se celebrar\u00e1 durante tres d\u00edas, del viernes 19 al domingo 21 de septiembre, en el Chase Center de San Francisco, California, sede de los Golden State Warriors, siete veces campeones de la NBA, y de las Golden State Valkyries de la WNBA. La edici\u00f3n inaugural de la <a href=\"https:\/\/www.atptour.com\/es\/tournaments\/laver-cup\/9210\/overview\" rel=\"nofollow noopener\" target=\"_blank\">Laver Cup<\/a> se disput\u00f3 en Praga, Rep\u00fablica Checa, en 2017.<\/p>\n<p>\u00bfQui\u00e9n juega la <a href=\"https:\/\/www.atptour.com\/es\/tournaments\/laver-cup\/9210\/overview\" rel=\"nofollow noopener\" target=\"_blank\">Laver Cup<\/a>?<\/p>\n<p>Los siguientes jugadores est\u00e1n programados para competir en la <a href=\"https:\/\/www.atptour.com\/es\/tournaments\/laver-cup\/9210\/overview\" rel=\"nofollow noopener\" target=\"_blank\">Laver Cup<\/a> de este a\u00f1o:<br \/><strong>Team Europe:<\/strong> <a href=\"https:\/\/www.atptour.com\/es\/players\/carlos-alcaraz\/a0e2\/overview\" rel=\"nofollow noopener\" target=\"_blank\">Carlos Alcaraz<\/a>, <a href=\"https:\/\/www.atptour.com\/es\/players\/alexander-zverev\/z355\/overview\" rel=\"nofollow noopener\" target=\"_blank\">Alexander Zverev<\/a>, <a href=\"https:\/\/www.atptour.com\/es\/players\/holger-rune\/r0dg\/overview\" rel=\"nofollow noopener\" target=\"_blank\">Holger Rune<\/a>, <a href=\"https:\/\/www.atptour.com\/es\/players\/casper-ruud\/rh16\/overview\" rel=\"nofollow noopener\" target=\"_blank\">Casper Ruud<\/a>, <a href=\"https:\/\/www.atptour.com\/es\/players\/jakub-mensik\/m0ni\/overview\" rel=\"nofollow noopener\" target=\"_blank\">Jakub Mensik<\/a> y <a href=\"https:\/\/www.atptour.com\/es\/players\/flavio-cobolli\/c0e9\/overview\" rel=\"nofollow noopener\" target=\"_blank\">Flavio Cobolli<\/a><br \/><strong>Team World:<\/strong> <a href=\"https:\/\/www.atptour.com\/es\/players\/taylor-fritz\/fb98\/overview\" rel=\"nofollow noopener\" target=\"_blank\">Taylor Fritz<\/a>, Alex de Mi\u00f1aur, Francisco Cer\u00fandolo, <a href=\"https:\/\/www.atptour.com\/es\/players\/joao-fonseca\/f0fv\/overview\" rel=\"nofollow noopener\" target=\"_blank\">Joao Fonseca<\/a>, <a href=\"https:\/\/www.atptour.com\/es\/players\/alex-michelsen\/m0qi\/overview\" rel=\"nofollow noopener\" target=\"_blank\">Alex Michelsen<\/a> y <a href=\"https:\/\/www.atptour.com\/es\/players\/reilly-opelka\/o522\/overview\" rel=\"nofollow noopener\" target=\"_blank\">Reilly Opelka<\/a><\/p>\n<p>\u00bfQui\u00e9nes son los capitantes y vice de los equipos este a\u00f1o en la <a href=\"https:\/\/www.atptour.com\/es\/tournaments\/laver-cup\/9210\/overview\" rel=\"nofollow noopener\" target=\"_blank\">Laver Cup<\/a>? <\/p>\n<p>A partir de este a\u00f1o, <a href=\"https:\/\/www.atptour.com\/es\/players\/yannick-noah\/n022\/overview\" rel=\"nofollow noopener\" target=\"_blank\">Yannick Noah<\/a>, quien reemplaz\u00f3 a <a href=\"https:\/\/www.atptour.com\/es\/players\/bjorn-borg\/b058\/overview\" rel=\"nofollow noopener\" target=\"_blank\">Bjorn Borg<\/a>, ser\u00e1 el capit\u00e1n del Team Europe, y <a href=\"https:\/\/www.atptour.com\/es\/players\/tim-henman\/h336\/overview\" rel=\"nofollow noopener\" target=\"_blank\">Tim Henman<\/a> es el vicecapit\u00e1n . <a href=\"https:\/\/www.atptour.com\/es\/players\/andre-agassi\/a092\/overview\" rel=\"nofollow noopener\" target=\"_blank\">Andre Agassi<\/a> reemplaz\u00f3 a <a href=\"https:\/\/www.atptour.com\/es\/players\/john-mcenroe\/m047\/overview\" rel=\"nofollow noopener\" target=\"_blank\">John McEnroe<\/a> y liderar\u00e1 el Team World. <a href=\"https:\/\/www.atptour.com\/es\/players\/patrick-rafter\/r255\/overview\" rel=\"nofollow noopener\" target=\"_blank\">Patrick Rafter<\/a> es el vicecapit\u00e1n.<\/p>\n<p>\u00bfCu\u00e1l es el formato de laLaver Cup?<\/p>\n<p>El evento consta de cinco sesiones que se juegan durante tres d\u00edas. El primer equipo que consiga 13 puntos (de un total de 24) se alza con el trofeo. Si el marcador sigue empatado despu\u00e9s de 12 partidos, se jugar\u00e1 una final de dobles para determinar el ganador.<\/p>\n<p>Los partidos del d\u00eda 1 valen un punto cada uno, los del d\u00eda 2 valen dos puntos cada uno y los del d\u00eda 3 valen tres puntos cada uno.<\/p>\n<p>\u00bfCu\u00e1l es la agenda de la <a href=\"https:\/\/www.atptour.com\/es\/tournaments\/laver-cup\/9210\/overview\" rel=\"nofollow noopener\" target=\"_blank\">Laver Cup<\/a>?<\/p>\n<p>Viernes, 19 de Septiembre: Sesi\u00f3n de D\u00eda- Partido 1 (Singles) desde la 1 p.m. PT, seguido del Partido\u00a02 (Singles). Noche- Partido 3 (Singles) desde las 7 p.m. PT, seguido del Partido 4 (Dobles).<\/p>\n<p>S\u00e1bado, 20 de Septiembre: Sesi\u00f3n de D\u00eda-Partido 5 (Singles) desdee la 1 p.m. PT, seguido del Partido 6 (Singles). Noche- Partido 7 (Singles) desde las 7 p.m. PT, seguido del Partido 8 (Dobles).<\/p>\n<p>Domingo, 21 de Septiembre:\u00a0Day Session-Sesi\u00f3n de D\u00eda-Partido 9 (Dobles) desde las 12 p.m. PT, seguido de tres partidos de singles, Partido 10, 11 y 12, si es ncesario<\/p>\n<p><strong><a rel=\"noopener noreferrer nofollow\" href=\"https:\/\/lavercup.com\/\" target=\"_blank\">Ver la Web Oficial<\/a><\/strong><\/p>\n<p>\u00bfC\u00f3mo puedo ver la <a href=\"https:\/\/www.atptour.com\/es\/tournaments\/laver-cup\/9210\/overview\" rel=\"nofollow noopener\" target=\"_blank\">Laver Cup<\/a>?<\/p>\n<p>Encuentre info de las se\u00f1ales\u00a0<a rel=\"noopener noreferrer nofollow\" href=\"https:\/\/lavercup.com\/how-to-watch-the-laver-cup\" target=\"_blank\">ac\u00e1<\/a>.<\/p>\n<p><a rel=\"noopener noreferrer nofollow\" href=\"https:\/\/www.atptour.com\/en\/news\/it-all-adds-up-hub\" target=\"_blank\"><img decoding=\"async\" alt=\"It All Adds Up\" style=\"width:100%;\" src=\"https:\/\/www.europesays.com\/es\/wp-content\/uploads\/2025\/09\/1757897647_768_it-all-adds-up-banner.jpg\"\/><\/a><\/p>\n<p>\u00bfC\u00f3mo puedo seguir la <a href=\"https:\/\/www.atptour.com\/es\/tournaments\/laver-cup\/9210\/overview\" rel=\"nofollow noopener\" target=\"_blank\">Laver Cup<\/a>?<\/p>\n<p>Facebook: <a rel=\"noopener noreferrer nofollow\" href=\"https:\/\/www.facebook.com\/LaverCup\" target=\"_blank\">Laver Cup<\/a><br \/>Instagram: <a rel=\"noopener noreferrer nofollow\" href=\"https:\/\/www.instagram.com\/lavercup\" target=\"_blank\">lavercup<\/a><br \/>TikTok: <a rel=\"noopener noreferrer nofollow\" href=\"https:\/\/www.tiktok.com\/@lavercup\" target=\"_blank\">@lavercup<\/a><br \/>X: <a rel=\"noopener noreferrer nofollow\" href=\"https:\/\/x.com\/LaverCup\" target=\"_blank\">@LaverCup<\/a><br \/>YouTube: <a rel=\"noopener noreferrer nofollow\" href=\"https:\/\/www.youtube.com\/channel\/UC759rBUss3b39R0j6u_ECPA\" target=\"_blank\">LaverCup<\/a><\/p>\n<p>\u00bfQui\u00e9n gan\u00f3 la <a href=\"https:\/\/www.atptour.com\/es\/tournaments\/laver-cup\/9210\/overview\" rel=\"nofollow noopener\" target=\"_blank\">Laver Cup<\/a> en 2024?<\/p>\n<p>Team Europa gan\u00f3 la <a href=\"https:\/\/www.atptour.com\/es\/tournaments\/laver-cup\/9210\/overview\" rel=\"nofollow noopener\" target=\"_blank\">Laver Cup<\/a> en 2024 en Berlin. Alcaraz venci\u00f3 a Fritz 6-2, 7-5 en el singles decisivo para el 13-11 sobre el Team Europea. Fue la primera victoria del\u00a0Team Europe desde 2021 luego de que el Team World firmara victorias consecutivas en 2022 y 2023.<\/p>\n<p>\u00bfQu\u00e9 ciudades han sido sede de la <a href=\"https:\/\/www.atptour.com\/es\/tournaments\/laver-cup\/9210\/overview\" rel=\"nofollow noopener\" target=\"_blank\">Laver Cup<\/a>?<\/p>\n<p>Praga, Chequia, en 2017<br \/>Chicago, EE.UU., en 2018<br \/>Ginebra, Suiza, en 2019<br \/>Boston, EE.UU., en 2021<br \/>London, Gran Breta\u00f1a, en 2022<br \/>Vancouver, Canad\u00e1, en 2023<br \/>Berlin, Alemania, en 2024<\/p>\n<p><script async src=\"\/\/www.instagram.com\/embed.js\"><\/script><script async src=\"\/\/www.tiktok.com\/embed.js\"><\/script><\/p>\n","protected":false},"excerpt":{"rendered":"ATP Tour Laver Cup: Equipos, Fechas, HIstoria y Todo Lo Que Tenes Que Saber Descubra todo sobre la&hellip;\n","protected":false},"author":2,"featured_media":115532,"comment_status":"","ping_status":"","sticky":false,"template":"","format":"standard","meta":{"footnotes":""},"categories":[274],"tags":[168,25,24,23,167,327,326],"class_list":{"0":"post-115531","1":"post","2":"type-post","3":"status-publish","4":"format-standard","5":"has-post-thumbnail","7":"category-tenis","8":"tag-deportes","9":"tag-es","10":"tag-espana","11":"tag-spain","12":"tag-sports","13":"tag-tenis","14":"tag-tennis"},"share_on_mastodon":{"url":"","error":""},"_links":{"self":[{"href":"https:\/\/www.europesays.com\/es\/wp-json\/wp\/v2\/posts\/115531","targetHints":{"allow":["GET"]}}],"collection":[{"href":"https:\/\/www.europesays.com\/es\/wp-json\/wp\/v2\/posts"}],"about":[{"href":"https:\/\/www.europesays.com\/es\/wp-json\/wp\/v2\/types\/post"}],"author":[{"embeddable":true,"href":"https:\/\/www.europesays.com\/es\/wp-json\/wp\/v2\/users\/2"}],"replies":[{"embeddable":true,"href":"https:\/\/www.europesays.com\/es\/wp-json\/wp\/v2\/comments?post=115531"}],"version-history":[{"count":0,"href":"https:\/\/www.europesays.com\/es\/wp-json\/wp\/v2\/posts\/115531\/revisions"}],"wp:featuredmedia":[{"embeddable":true,"href":"https:\/\/www.europesays.com\/es\/wp-json\/wp\/v2\/media\/115532"}],"wp:attachment":[{"href":"https:\/\/www.europesays.com\/es\/wp-json\/wp\/v2\/media?parent=115531"}],"wp:term":[{"taxonomy":"category","embeddable":true,"href":"https:\/\/www.europesays.com\/es\/wp-json\/wp\/v2\/categories?post=115531"},{"taxonomy":"post_tag","embeddable":true,"href":"https:\/\/www.europesays.com\/es\/wp-json\/wp\/v2\/tags?post=115531"}],"curies":[{"name":"wp","href":"https:\/\/api.w.org\/{rel}","templated":true}]}}