{"id":115539,"date":"2025-09-15T00:59:11","date_gmt":"2025-09-15T00:59:11","guid":{"rendered":"https:\/\/www.europesays.com\/es\/115539\/"},"modified":"2025-09-15T00:59:11","modified_gmt":"2025-09-15T00:59:11","slug":"samuel-l-jackson-repite-pizzeria-en-gran-canaria","status":"publish","type":"post","link":"https:\/\/www.europesays.com\/es\/115539\/","title":{"rendered":"Samuel L. Jackson repite pizzer\u00eda en Gran Canaria"},"content":{"rendered":"<p><img loading=\"lazy\" decoding=\"async\" class=\"v-a-img v-a-img--ph\" src=\"https:\/\/www.europesays.com\/es\/wp-content\/uploads\/2025\/09\/samuel-l-jackson-gran-canaria-2-kYRC-U2302928660231p2B-758x531@Canarias7.jpeg\" alt=\"El actor Samuel L. Jackson posa junto al resto de comensales.\" style=\"\" data-voc-video-player-container-img=\"\" width=\"758\" height=\"531\"\/><\/p>\n<p>El actor Samuel L. Jackson posa junto al resto de comensales.        C7      <\/p>\n<p>El actor, que rod\u00f3 en la isla hace menos de un a\u00f1o, se ha dejado ver de nuevo por sus lugares favoritos<\/p>\n<p><a class=\"v-mdl-ath__fig-a\" href=\"https:\/\/www.canarias7.es\/autor\/canarias7-6545.html\" title=\"CANARIAS7\" rel=\"nofollow noopener\" target=\"_blank\"><br \/>\n<img decoding=\"async\" class=\"v-mdl-ath__img\" src=\"https:\/\/www.europesays.com\/es\/wp-content\/uploads\/2025\/08\/1754689268_701_autor-6545-foto-1.png\" alt=\"CANARIAS7\"\/><br \/>\n<\/a><\/p>\n<p class=\"v-mdl-ath__p v-mdl-ath__p--6\">\nDomingo, 14 de septiembre 2025, 22:58<\/p>\n<p class=\"v-p\">El c\u00e9lebre actor Samuel L. Jackson parece ser un hombre de costumbres. Hace poco menos de un a\u00f1o, en noviembre del 2024, el tambi\u00e9n productor pas\u00f3 unos d\u00edas en Gran Canaria por el rodaje de la pel\u00edcula de acci\u00f3n &#8216;The Beast&#8217; (&#8216;La Bestia&#8217;, en espa\u00f1ol) y <a href=\"https:\/\/www.canarias7.es\/cultura\/cine\/samuel-jackson-cena-conocida-pizzeria-palmas-gran-20241123110748-nt.html\" title=\"www.canarias7.es\" data-voc-vtm-id=\"in-text-traffic\" data-mrf-link=\"www.canarias7.es\" rel=\"nofollow noopener\" target=\"_blank\">se dej\u00f3 ver por algunos de los restaurantes de la capital<\/a>. Uno de ellos fue la <a href=\"https:\/\/servicios.canarias7.es\/empresas\/trattoria-pizzeria-calabre-palmas.html\" title=\"Trattoria Pizzer\u00eda Calabr\u00e9\" data-voc-vtm-id=\"in-text-traffic\" data-mrf-link=\"servicios.canarias7.es\" rel=\"nofollow noopener\" target=\"_blank\">Trattoria Pizzer\u00eda Calabr\u00e9<\/a>, en la calle General Vives, un local especializado en recetas napolitanas al que Jackson ha decidido regresar en su nueva visita a la isla redonda.<\/p>\n<p class=\"v-p\">Con m\u00e1s de 150 pel\u00edculas a sus espaldas y una voz inconfundible, Jackson no pas\u00f3 desapercibido entre los clientes del local que, al percatarse de su presencia, se acercaron a saludarle y pedir una foto, a lo que accedi\u00f3 encantado.<\/p>\n<p class=\"v-p\">El plato estrella elegido por el int\u00e9rprete estadounidense fue la lasa\u00f1a, aunque el men\u00fa servido en su mesa incluy\u00f3 tambi\u00e9n ensalada de r\u00facula, alb\u00f3ndigas de carne, rigatoni a la bolo\u00f1esa, burrata, carpaccio de bresaola, ensalada caprese, raviol\u00f3n con mantequilla y salvia, fritura de calamar y pizza Margherita, todo ello regado con un vino italiano Chianti.<\/p>\n<p><a href=\"http:\/\/www.canarias7.es\/cultura\/cine\/samuel-jackson-cena-conocida-pizzeria-palmas-gran-20241123110748-nt.html#vtm_modulosEngag=mod-rel:gastronomia-c7:noticia:1:cmp:2-not\" class=\"v-a-link\" title=\"Samuel L. Jackson cena en una conocida pizzer\u00eda de Las Palmas de Gran Canaria\" rel=\"nofollow noopener\" target=\"_blank\"><br \/>\n<img decoding=\"async\" loading=\"lazy\" class=\"v-a-img\" src=\"https:\/\/www.europesays.com\/es\/wp-content\/uploads\/2025\/09\/pizzeria2-kUXE--366x256@Canarias7.jpg\" alt=\"Samuel L. Jackson cena en una conocida pizzer\u00eda de Las Palmas de Gran Canaria\"\/><br \/>\n<\/a><\/p>\n<p><a href=\"http:\/\/www.canarias7.es\/gastronomia-c7\/restaurantes\/trattoria-pizzeria-calabre-pizza-enamora-palmas-gran-20240525230842-nt.html#vtm_modulosEngag=mod-rel:gastronomia-c7:noticia:2:cmp:2-not\" class=\"v-a-link\" title=\"Trattoria Pizzer\u00eda Calabr\u00e9: la pizza que enamora en Las Palmas de Gran Canaria\" rel=\"nofollow noopener\" target=\"_blank\"><br \/>\n<img decoding=\"async\" loading=\"lazy\" class=\"v-a-img\" src=\"https:\/\/www.europesays.com\/es\/wp-content\/uploads\/2025\/09\/1200x840 (8)-kNHC--366x256@Canarias7.jpg\" alt=\"Trattoria Pizzer\u00eda Calabr\u00e9: la pizza que enamora en Las Palmas de Gran Canaria\"\/><br \/>\n<\/a><\/p>\n<p>Comenta<\/p>\n<p>Reporta un error<\/p>\n","protected":false},"excerpt":{"rendered":"El actor Samuel L. Jackson posa junto al resto de comensales. C7 El actor, que rod\u00f3 en la&hellip;\n","protected":false},"author":2,"featured_media":115540,"comment_status":"","ping_status":"","sticky":false,"template":"","format":"standard","meta":{"footnotes":""},"categories":[174],"tags":[7221,255,146,147,25,24,256,3956,2515,38839,6610,21640,23],"class_list":{"0":"post-115539","1":"post","2":"type-post","3":"status-publish","4":"format-standard","5":"has-post-thumbnail","7":"category-famosos","8":"tag-canaria","9":"tag-celebrities","10":"tag-entertainment","11":"tag-entretenimiento","12":"tag-es","13":"tag-espana","14":"tag-famosos","15":"tag-gran","16":"tag-jackson","17":"tag-pizzeria","18":"tag-repite","19":"tag-samuel","20":"tag-spain"},"share_on_mastodon":{"url":"","error":""},"_links":{"self":[{"href":"https:\/\/www.europesays.com\/es\/wp-json\/wp\/v2\/posts\/115539","targetHints":{"allow":["GET"]}}],"collection":[{"href":"https:\/\/www.europesays.com\/es\/wp-json\/wp\/v2\/posts"}],"about":[{"href":"https:\/\/www.europesays.com\/es\/wp-json\/wp\/v2\/types\/post"}],"author":[{"embeddable":true,"href":"https:\/\/www.europesays.com\/es\/wp-json\/wp\/v2\/users\/2"}],"replies":[{"embeddable":true,"href":"https:\/\/www.europesays.com\/es\/wp-json\/wp\/v2\/comments?post=115539"}],"version-history":[{"count":0,"href":"https:\/\/www.europesays.com\/es\/wp-json\/wp\/v2\/posts\/115539\/revisions"}],"wp:featuredmedia":[{"embeddable":true,"href":"https:\/\/www.europesays.com\/es\/wp-json\/wp\/v2\/media\/115540"}],"wp:attachment":[{"href":"https:\/\/www.europesays.com\/es\/wp-json\/wp\/v2\/media?parent=115539"}],"wp:term":[{"taxonomy":"category","embeddable":true,"href":"https:\/\/www.europesays.com\/es\/wp-json\/wp\/v2\/categories?post=115539"},{"taxonomy":"post_tag","embeddable":true,"href":"https:\/\/www.europesays.com\/es\/wp-json\/wp\/v2\/tags?post=115539"}],"curies":[{"name":"wp","href":"https:\/\/api.w.org\/{rel}","templated":true}]}}