{"id":115557,"date":"2025-09-15T01:10:11","date_gmt":"2025-09-15T01:10:11","guid":{"rendered":"https:\/\/www.europesays.com\/es\/115557\/"},"modified":"2025-09-15T01:10:11","modified_gmt":"2025-09-15T01:10:11","slug":"guerra-ucrania-rusia-ultima-hora-en-directo-ucrania-dice-haber-golpeado-el-centro-de-comunicaciones-de-la-flota-rusa-en-el-mar-negro","status":"publish","type":"post","link":"https:\/\/www.europesays.com\/es\/115557\/","title":{"rendered":"Guerra Ucrania-Rusia, \u00faltima hora en directo | Ucrania dice haber golpeado el centro de comunicaciones de la Flota rusa en el mar Negro"},"content":{"rendered":"<p><a href=\"https:\/\/www.elmundo.es\/autor\/noelia-marin.html\" aria-hidden=\"true\" rel=\"nofollow noopener\" target=\"_blank\"><img loading=\"lazy\" decoding=\"async\" width=\"80\" height=\"80\" class=\"ue-c-author-profile__photo-img\" alt=\"NOELIA MAR\u00cdN\" src=\"https:\/\/e01-phantom-elmundo.uecdn.es\/8793c37341bd2c46e2abbd1155d0872c\/f\/image\/jpeg\/16ec3d87585c4a399782316c3aa13e35\/resize\/600\/assets\/multimedia\/imagenes\/2024\/03\/07\/17098036856610.jpg\"\/><\/a><a href=\"https:\/\/www.elmundo.es\/autor\/ismael-poveda.html\" aria-hidden=\"true\" rel=\"nofollow noopener\" target=\"_blank\"><img loading=\"lazy\" decoding=\"async\" width=\"80\" height=\"80\" class=\"ue-c-author-profile__photo-img\" alt=\"Ismael Poveda\" src=\"https:\/\/e01-phantom-elmundo.uecdn.es\/0aebd75a2d81618fc5184b7fcbb7e0cd\/crop\/911x94\/2270x1453\/f\/image\/jpeg\/b6e2bc98970ea78af263801b48cdd879\/crop\/911x94\/2270x1453\/resize\/600\/assets\/multimedia\/imagenes\/2024\/03\/05\/17096435233688.jpg\"\/><\/a><\/p>\n<p> Domingo,<br \/>\n14<br \/>\nseptiembre<br \/>\n2025<br \/>\n&#8211;<br \/>\n18:40<\/p>\n<p class=\"ue-c-article__paragraph\">Durante esta noche, en un <strong>nuevo ataque en la guerra entre Rusia y Ucrania<\/strong>, drones ucranianos han atacado la refiner\u00eda de petr\u00f3leo de <strong>Kirishi<\/strong>, al noroeste de Rusia. Se trata de una de las refiner\u00edas m\u00e1s grandes del pa\u00eds y el ataque ha provocado un incendio con la ca\u00edda de los restos del dron derribado, seg\u00fan informan funcionarios rusos este domingo.<\/p>\n<p class=\"ue-c-article__paragraph\">Adem\u00e1s, Ucrania ha informado este domingo del ataque al centro de comunicaciones ruso en la pen\u00ednsula de Crimea anexionada por Rusia que garantizaba el control de las unidades de la Flota rusa del Mar Negro.<\/p>\n<p class=\"ue-c-article__paragraph\">El comando de drones de Ucrania ha confirmado haber atacado la refiner\u00eda y asegura que ha \u00abllevado a cabo un ataque exitoso\u00bb.<\/p>\n<p class=\"ue-c-article__paragraph\">Los ataques con drones est\u00e1n a la orden del d\u00eda y esta semana han provocado todav\u00eda m\u00e1s conflicto de lo que suele ser habitual. Y es que tras la incursi\u00f3n de unos drones rusos en territorio polaco hace unos d\u00edas, ayer pas\u00f3 algo similar en Ruman\u00eda, donde han denunciado que <a href=\"https:\/\/www.elmundo.es\/internacional\/2025\/09\/13\/68c5b1a6e4d4d8a27f8b4594.html\" target=\"_blank\" rel=\"nofollow noopener\">un dron ha violado el espacio a\u00e9reo rumano durante un ataque ruso.<\/a><\/p>\n","protected":false},"excerpt":{"rendered":"Domingo, 14 septiembre 2025 &#8211; 18:40 Durante esta noche, en un nuevo ataque en la guerra entre Rusia&hellip;\n","protected":false},"author":2,"featured_media":115558,"comment_status":"","ping_status":"","sticky":false,"template":"","format":"standard","meta":{"footnotes":""},"categories":[42],"tags":[25546,17,18,13,14,11,61,62,63,64,19,20,9,10,15,16,1614,12,7081,21,22,65,66,67],"class_list":{"0":"post-115557","1":"post","2":"type-post","3":"status-publish","4":"format-standard","5":"has-post-thumbnail","7":"category-internacional","8":"tag-articulos-noelia-marin","9":"tag-breaking-news","10":"tag-breakingnews","11":"tag-featured-news","12":"tag-featurednews","13":"tag-headlines","14":"tag-internacional","15":"tag-international","16":"tag-international-news","17":"tag-internationalnews","18":"tag-latest-news","19":"tag-latestnews","20":"tag-news","21":"tag-noticias","22":"tag-noticias-destacadas","23":"tag-noticiasdestacadas","24":"tag-rusia","25":"tag-titulares","26":"tag-ucrania","27":"tag-ultimas-noticias","28":"tag-ultimasnoticias","29":"tag-world","30":"tag-world-news","31":"tag-worldnews"},"share_on_mastodon":{"url":"","error":""},"_links":{"self":[{"href":"https:\/\/www.europesays.com\/es\/wp-json\/wp\/v2\/posts\/115557","targetHints":{"allow":["GET"]}}],"collection":[{"href":"https:\/\/www.europesays.com\/es\/wp-json\/wp\/v2\/posts"}],"about":[{"href":"https:\/\/www.europesays.com\/es\/wp-json\/wp\/v2\/types\/post"}],"author":[{"embeddable":true,"href":"https:\/\/www.europesays.com\/es\/wp-json\/wp\/v2\/users\/2"}],"replies":[{"embeddable":true,"href":"https:\/\/www.europesays.com\/es\/wp-json\/wp\/v2\/comments?post=115557"}],"version-history":[{"count":0,"href":"https:\/\/www.europesays.com\/es\/wp-json\/wp\/v2\/posts\/115557\/revisions"}],"wp:featuredmedia":[{"embeddable":true,"href":"https:\/\/www.europesays.com\/es\/wp-json\/wp\/v2\/media\/115558"}],"wp:attachment":[{"href":"https:\/\/www.europesays.com\/es\/wp-json\/wp\/v2\/media?parent=115557"}],"wp:term":[{"taxonomy":"category","embeddable":true,"href":"https:\/\/www.europesays.com\/es\/wp-json\/wp\/v2\/categories?post=115557"},{"taxonomy":"post_tag","embeddable":true,"href":"https:\/\/www.europesays.com\/es\/wp-json\/wp\/v2\/tags?post=115557"}],"curies":[{"name":"wp","href":"https:\/\/api.w.org\/{rel}","templated":true}]}}