{"id":115561,"date":"2025-09-15T01:13:11","date_gmt":"2025-09-15T01:13:11","guid":{"rendered":"https:\/\/www.europesays.com\/es\/115561\/"},"modified":"2025-09-15T01:13:11","modified_gmt":"2025-09-15T01:13:11","slug":"tropiezo-de-la-ud-lanzarote-en-la-palma-ante-la-sd-tenisca-2-0","status":"publish","type":"post","link":"https:\/\/www.europesays.com\/es\/115561\/","title":{"rendered":"Tropiezo de la UD Lanzarote en La Palma ante la SD Tenisca (2-0)"},"content":{"rendered":"<p><a class=\"gofollow\" data-track=\"MTYsNCw2MA==\" href=\"https:\/\/www.facebook.com\/graciplus\/?locale=es_ES\" target=\"_blank\" rel=\"nofollow noopener\"><img loading=\"lazy\" decoding=\"async\" src=\"https:\/\/www.europesays.com\/es\/wp-content\/uploads\/2025\/09\/graciplus_banner_superior.jpg\" width=\"500\" height=\"75\"\/><\/a><\/p>\n<p class=\"has-text-align-left\"><strong>LanzaroteDeportiva.com \/ Foto: Jos\u00e9 Carlos Mart\u00edn<\/strong><\/p>\n<p>La UD Lanzarote sufri\u00f3 este domingo la primera derrota de la temporada, cayendo por 2 a 0 ante la SD Tenisca. Tras una primera parte bastante igualada y sin ocasiones, los rojillos dieron un paso al frente en la segunda mitad e incluso anotaron dos goles, pero ambos tantos fueron anulados por parte del colegiado. Agoney adelant\u00f3 a los palmeros y Amai sentenci\u00f3 para dejar los tres puntos en el Virgen de las Nieves.<\/p>\n<p>El comienzo del encuentro estuvo marcado por las precauciones de los dos equipos, no queriendo asumir riesgos innecesarios en estos primeros minutos del choque. La UD Lanzarote tuvo el control del juego en la parcela ancha, aunque se limitaba a circular el bal\u00f3n y teniendo enfrente a una SD Tenisca bien plantada sobre el campo. As\u00ed fue como se desarroll\u00f3 una primera parte aburrida y sin apenas ocasiones de peligro en ninguna de las dos porter\u00edas.<\/p>\n<p>Cambi\u00f3 un poco el partido en los primeros minutos de la segunda parte, con una SD Tenisca que segu\u00eda bien replegado en zona defensiva y tratando de salir al contragolpe. Por su parte, la UD Lanzarote parec\u00eda que daba un paso al frente, teniendo a Nadjib como el jugador m\u00e1s peligroso que se acerc\u00f3 en varias ocasiones al \u00e1rea del rival.<\/p>\n<p>Los palmeros tambi\u00e9n dispusieron de sus ocasiones en estos primeros minutos, mostr\u00e1ndose Ruym\u00e1n bastante seguro bajo palos. No tard\u00f3 en llegar la primera acci\u00f3n pol\u00e9mica del encuentro, cuando el colegiado no dio validez a un tanto anotado por Adri\u00e1n Mach\u00edn, se\u00f1alando como falta un bal\u00f3n rebotado que toc\u00f3 en la mano de Nadjib, y dejando seguir la acci\u00f3n durante varios segundos. Y solo dos minutos m\u00e1s tarde, se le anul\u00f3 un gol a Alex Cruz por fuera de juego.<\/p>\n<p>Cuando parec\u00eda que estaba m\u00e1s cerca el gol de la UD Lanzarote, fue la SD Tenisca la que se adelant\u00f3 en el marcador en el minuto 74. Agoney caz\u00f3 un bal\u00f3n suelto en el interior del \u00e1rea, tras un buen centro de N\u00e9stor desde uno de los laterales.<\/p>\n<p>La UD Lanzarote se volc\u00f3 en los minutos que restaban para el final en busca del gol del empate, teniendo enfrente a un rival que esperaba para hacer da\u00f1o al contragolpe. Y de esta manera lleg\u00f3 la sentencia en el minuto 90, cuando Jorge G\u00f3mez recogi\u00f3 un bal\u00f3n en largo y cedi\u00f3 para que Amai batiera de nuevo a Ruym\u00e1n.<\/p>\n<p>Derrota de la UD Lanzarote en su visita a la SD Tenisca, cayendo por 2 a 0 y sufriendo su primer tropiezo de la temporada cuando solo han transcurrido dos jornadas. Los rojillos reciben el pr\u00f3ximo domingo al CD Mensajero, partido que se jugar\u00e1 a partir de las 12:30 horas en la Ciudad Deportiva Lanzarote.<\/p>\n<p class=\"has-text-align-center\"><strong>Ficha T\u00e9cnica<\/strong><\/p>\n<p><strong>SD Tenisca (2):<\/strong> Kylian, Mateo, Antonio Samuel, Dioni, Truyol, Amai, Jorge G\u00f3mez, Agoney, Adil y Christian (N\u00e9stor 68). Entrenador: Ceire Vargas<\/p>\n<p><strong>UD Lanzarote (2):<\/strong> Ruym\u00e1n, Nacho Forlino (Pablo 78), Miguel Gopar (Traor\u00e9 68), Javi Mart\u00edn, Nadjib, Dani Gonz\u00e1lez, Adri\u00e1n Mach\u00edn, Ra\u00fal, Loukou (Yeray Tav\u00edo 78), Alex Cruz, Lisandro (Mario Rom\u00e1n 14). Entrenador: \u00c1ngel L\u00f3pez<\/p>\n<p><strong>Goles:<\/strong><\/p>\n<p><strong>1-0: <\/strong>minuto 74, Agoney<br \/><strong>2-0: <\/strong>minuto 90, Amai<\/p>\n<p><strong>\u00c1rbitro: <\/strong>Daniel Asensio Fern\u00e1ndez, asistido en las bandas por Samuel Jes\u00fas P\u00e9rez Rodr\u00edguez y Kevin Mart\u00edn Rodr\u00edguez. Amonest\u00f3 a Adil, Amai y Agoney por parte de la SD Tenisca y a Miguel Gopar, Traor\u00e9 y Javi Mart\u00edn.<\/p>\n<p><strong>Incidencias:<\/strong> Virgen de las Nieves, unos 600 espectadores. Partido correspondiente a la segunda jornada del grupo XII de la Tercera Federaci\u00f3n. Terreno de juego de hierba natural en mal estado.<\/p>\n","protected":false},"excerpt":{"rendered":"LanzaroteDeportiva.com \/ Foto: Jos\u00e9 Carlos Mart\u00edn La UD Lanzarote sufri\u00f3 este domingo la primera derrota de la temporada,&hellip;\n","protected":false},"author":2,"featured_media":115562,"comment_status":"","ping_status":"","sticky":false,"template":"","format":"standard","meta":{"footnotes":""},"categories":[278],"tags":[376,168,4007,25,24,375,23,167,38843],"class_list":{"0":"post-115561","1":"post","2":"type-post","3":"status-publish","4":"format-standard","5":"has-post-thumbnail","7":"category-balonmano","8":"tag-balonmano","9":"tag-deportes","10":"tag-destacado","11":"tag-es","12":"tag-espana","13":"tag-handball","14":"tag-spain","15":"tag-sports","16":"tag-ud-lanzarote"},"share_on_mastodon":{"url":"","error":""},"_links":{"self":[{"href":"https:\/\/www.europesays.com\/es\/wp-json\/wp\/v2\/posts\/115561","targetHints":{"allow":["GET"]}}],"collection":[{"href":"https:\/\/www.europesays.com\/es\/wp-json\/wp\/v2\/posts"}],"about":[{"href":"https:\/\/www.europesays.com\/es\/wp-json\/wp\/v2\/types\/post"}],"author":[{"embeddable":true,"href":"https:\/\/www.europesays.com\/es\/wp-json\/wp\/v2\/users\/2"}],"replies":[{"embeddable":true,"href":"https:\/\/www.europesays.com\/es\/wp-json\/wp\/v2\/comments?post=115561"}],"version-history":[{"count":0,"href":"https:\/\/www.europesays.com\/es\/wp-json\/wp\/v2\/posts\/115561\/revisions"}],"wp:featuredmedia":[{"embeddable":true,"href":"https:\/\/www.europesays.com\/es\/wp-json\/wp\/v2\/media\/115562"}],"wp:attachment":[{"href":"https:\/\/www.europesays.com\/es\/wp-json\/wp\/v2\/media?parent=115561"}],"wp:term":[{"taxonomy":"category","embeddable":true,"href":"https:\/\/www.europesays.com\/es\/wp-json\/wp\/v2\/categories?post=115561"},{"taxonomy":"post_tag","embeddable":true,"href":"https:\/\/www.europesays.com\/es\/wp-json\/wp\/v2\/tags?post=115561"}],"curies":[{"name":"wp","href":"https:\/\/api.w.org\/{rel}","templated":true}]}}