{"id":115563,"date":"2025-09-15T01:14:09","date_gmt":"2025-09-15T01:14:09","guid":{"rendered":"https:\/\/www.europesays.com\/es\/115563\/"},"modified":"2025-09-15T01:14:09","modified_gmt":"2025-09-15T01:14:09","slug":"galeria-de-imagenes-entre-arena-tendidos-y-un-panuelo-rojo-en-la-tercera-de-feria-en-la-glorieta","status":"publish","type":"post","link":"https:\/\/www.europesays.com\/es\/115563\/","title":{"rendered":"Galer\u00eda de im\u00e1genes: Entre arena, tendidos y un pa\u00f1uelo rojo en la tercera de Feria en La Glorieta"},"content":{"rendered":"<p data-start=\"314\" data-end=\"890\">Hay corridas hist\u00f3ricas que quedan reflejadas en las cr\u00f3nicas y el indulto de &#8216;Buenasuerte&#8217; convirti\u00f3 a la tercera de Feria en una de ellas pero eso lo narran las cr\u00f3nicas y m\u00e1s all\u00e1 hay <strong>gestos que sostienen\u00a0una corrida<\/strong> como si fueran pilares invisibles: el <strong>pase\u00edllo<\/strong> que abre la tarde, la <strong>montera<\/strong> que toca la arena, el<strong> capote que se dobla con paciencia<\/strong>, la <strong>muleta que se ofrece<\/strong> al toro como un puente.<\/p>\n<p data-start=\"314\" data-end=\"890\">En Salamanca, en la tercera corrida de la feria, esos rituales se repitieron con toros de Garcigrande y tres toreros distintos en su manera de interpretarlos: <strong data-start=\"691\" data-end=\"710\">Emilio de Justo<\/strong>, con la seriedad de quien busca la pureza y que desde ah\u00ed consigui\u00f3 encender la Plaza como nunca hasta ahora en esta Feria; <strong data-start=\"754\" data-end=\"769\">Juan Ortega<\/strong>, due\u00f1o de la lentitud y la gracia; y <strong data-start=\"807\" data-end=\"819\">Roca Rey<\/strong>, con la electricidad que sacude hasta el \u00faltimo asiento del tendido.<\/p>\n<p data-start=\"892\" data-end=\"1461\">Pero<strong> la liturgia no est\u00e1 solo en el ruedo. Tambi\u00e9n habita en los tendidos,<\/strong> donde cada generaci\u00f3n reconoce esos gestos a su manera. <strong>El ni\u00f1o<\/strong> que pregunta qu\u00e9 significa que la montera se quede boca arriba. <strong>El joven<\/strong> que aguarda el muletazo lento para atraparlo con el m\u00f3vil. <strong>El veterano<\/strong> que, sin necesidad de palabras, asiente porque sabe que ah\u00ed est\u00e1 el toreo de siempre. Alrededor, abanicos que se abren al un\u00edsono, manos que aplauden con fuerza, pa\u00f1uelos que brotan blancos para pedir la oreja: toda una <strong>coreograf\u00eda popular<\/strong> que acompa\u00f1a la lidia como un eco constante.<\/p>\n<p data-start=\"1463\" data-end=\"1768\"><strong>As\u00ed se fue tejiendo la tarde<\/strong>: con los gestos solemnes de los protagonistas y con los gestos cotidianos de quienes los miran. La corrida se vivi\u00f3 en el ruedo, pero tambi\u00e9n en los tendidos, donde cada edad a\u00f1adi\u00f3 su propia lectura al rito. Entre arena y piedra, Salamanca volvi\u00f3 a reconocerse en su feria y tambi\u00e9n en los asientos con\u00a0muchas caras an\u00f3nimas y otras reconocibles para el &#8216;mundillo&#8217; como <strong>Schuster,<\/strong> que acudi\u00f3 junto a su mujer, <strong>Javier Valverde, Silvestre y Modesto S\u00e1nchez. Tampoco faltaron Gonzalo Send\u00edn al que Roca Rey dedic\u00f3 el sexto, Carlos Garc\u00eda Carbayo con su mujer siempre atenta a cualquiera que la salude o le pida la foto, Eloy Ruiz o el mism\u00edsimo Miquel Barcel\u00f3.\u00a0<\/strong><\/p>\n","protected":false},"excerpt":{"rendered":"Hay corridas hist\u00f3ricas que quedan reflejadas en las cr\u00f3nicas y el indulto de &#8216;Buenasuerte&#8217; convirti\u00f3 a la tercera&hellip;\n","protected":false},"author":2,"featured_media":115564,"comment_status":"","ping_status":"","sticky":false,"template":"","format":"standard","meta":{"footnotes":""},"categories":[277],"tags":[373,168,25,24,23,167,374],"class_list":{"0":"post-115563","1":"post","2":"type-post","3":"status-publish","4":"format-standard","5":"has-post-thumbnail","7":"category-toreo","8":"tag-bullfighting","9":"tag-deportes","10":"tag-es","11":"tag-espana","12":"tag-spain","13":"tag-sports","14":"tag-toreo"},"share_on_mastodon":{"url":"","error":""},"_links":{"self":[{"href":"https:\/\/www.europesays.com\/es\/wp-json\/wp\/v2\/posts\/115563","targetHints":{"allow":["GET"]}}],"collection":[{"href":"https:\/\/www.europesays.com\/es\/wp-json\/wp\/v2\/posts"}],"about":[{"href":"https:\/\/www.europesays.com\/es\/wp-json\/wp\/v2\/types\/post"}],"author":[{"embeddable":true,"href":"https:\/\/www.europesays.com\/es\/wp-json\/wp\/v2\/users\/2"}],"replies":[{"embeddable":true,"href":"https:\/\/www.europesays.com\/es\/wp-json\/wp\/v2\/comments?post=115563"}],"version-history":[{"count":0,"href":"https:\/\/www.europesays.com\/es\/wp-json\/wp\/v2\/posts\/115563\/revisions"}],"wp:featuredmedia":[{"embeddable":true,"href":"https:\/\/www.europesays.com\/es\/wp-json\/wp\/v2\/media\/115564"}],"wp:attachment":[{"href":"https:\/\/www.europesays.com\/es\/wp-json\/wp\/v2\/media?parent=115563"}],"wp:term":[{"taxonomy":"category","embeddable":true,"href":"https:\/\/www.europesays.com\/es\/wp-json\/wp\/v2\/categories?post=115563"},{"taxonomy":"post_tag","embeddable":true,"href":"https:\/\/www.europesays.com\/es\/wp-json\/wp\/v2\/tags?post=115563"}],"curies":[{"name":"wp","href":"https:\/\/api.w.org\/{rel}","templated":true}]}}