{"id":115567,"date":"2025-09-15T01:18:07","date_gmt":"2025-09-15T01:18:07","guid":{"rendered":"https:\/\/www.europesays.com\/es\/115567\/"},"modified":"2025-09-15T01:18:07","modified_gmt":"2025-09-15T01:18:07","slug":"la-protesta-civica-contra-el-genocidio-en-gaza-logra-cancelar-el-final-de-la-vuelta-ciclista-a-espana","status":"publish","type":"post","link":"https:\/\/www.europesays.com\/es\/115567\/","title":{"rendered":"La protesta c\u00edvica contra el genocidio en Gaza logra cancelar el final de La Vuelta Ciclista a Espa\u00f1a"},"content":{"rendered":"<p class=\"article-text\">\n        Las movilizaciones propalestinas, en las que participaci\u00f3n m\u00e1s de 100.000 activistas, <strong>han impedido que la Vuelta Ciclista a Espa\u00f1a llegara a la meta<\/strong> en Cibeles durante su 21.\u00aa y \u00faltima etapa en Madrid. La tensi\u00f3n acumulada desde el inicio del boicot ha culminado en la jornada final de la competici\u00f3n, cuando el pelot\u00f3n entraba en la capital para concluir la carrera. Sin embargo, los activistas <strong>han derribado las vallas que delimitaban el recorrido<\/strong> y han tomado las calles del circuito, desafiando la presencia de los antidisturbios. Primero en Callao y, m\u00e1s tarde, en el Paseo del Prado.\n    <\/p>\n<p class=\"article-text\">\n        En Cibeles, un grupo de manifestantes <strong>organiz\u00f3 una sentada en la calzada<\/strong> para impedir la llegada de los ciclistas a la meta. Los efectivos de seguridad no lograron disolver a los propalestinos que bloqueaban el recorrido y, finalmente, la etapa fue cancelada.\n    <\/p>\n<p class=\"article-text\">\n        Los antidisturbios emplearon <strong>gases lacrim\u00f3genos y disparos disuasorios, lo que provoc\u00f3 huidas masivas<\/strong> entre los activistas. Adem\u00e1s, desplegaron al menos un helic\u00f3ptero y una tanqueta. La jornada concluy\u00f3 con 22 polic\u00edas heridos y dos detenidos, mientras que el n\u00famero de civiles afectados se desconoce.\n    <\/p>\n<p class=\"article-text\">\n        La 80.\u00aa edici\u00f3n de la Vuelta Ciclista a Espa\u00f1a quedar\u00e1 como la primera victoria de la ronda espa\u00f1ola de Jonas Vingegaard (Visma\u2013Lease a Bike). En otro a\u00f1o o en un contexto diferente, las calles madrile\u00f1as habr\u00edan coreado su nombre multitudinariamente. Sin embargo, esta vez el ciclista <strong>ni siquiera pudo llegar a la meta en Cibeles<\/strong> y, en lugar de gritos de \u00e1nimo, recibi\u00f3 en su breve recorrido por la capital abucheos al grito de: \u201c\u00a1Verg\u00fcenza!\u201d.\n    <\/p>\n<blockquote class=\"twitter-tweet\" data-lang=\"es\"><p><a href=\"https:\/\/twitter.com\/X\/status\/1967274043649954248?ref_src=twsrc%5Etfw\" rel=\"nofollow noopener\" target=\"_blank\"><\/p><\/blockquote>\n<p class=\"article-text\">\n        El <strong>conflicto palestino-israel\u00ed <\/strong>ha terminado con la vida de <a href=\"https:\/\/www.infolibre.es\/politica\/genocidio-manos-israel-deja-62-000-muertos-gaza_1_2048756.html\" class=\"link\" rel=\"nofollow noopener\" target=\"_blank\">m\u00e1s de 62.000 palestinos hasta la fecha<\/a>; las cifras de muertos contin\u00faan creciendo cada minuto y miles de espa\u00f1oles han <strong>alzado la voz <\/strong>para calificar de \u201cdeclaraci\u00f3n\u201d la participaci\u00f3n del equipo <strong>Israel Premier Tech<\/strong> en el recorrido, cuyo due\u00f1o mantiene una estrecha relaci\u00f3n con<strong> Benjamin Netanyahu <\/strong>y <a href=\"https:\/\/www.infolibre.es\/politica\/boicot-israel-vuelta-negocio-gobierno-netanyahu-vetarlo_1_2059926.html\" class=\"link\" rel=\"nofollow noopener\" target=\"_blank\">colabora abiertamente con su gobierno<\/a>.\n    <\/p>\n<p class=\"article-text\">\n        Los activistas propalestinos han aprovechado la visibilidad internacional de La Vuelta para <strong>denunciar la situaci\u00f3n en Gaza<\/strong>, cuyas movilizaciones se intensificaron tras la <a href=\"https:\/\/www.infolibre.es\/internacional\/onu-declara-oficialmente-situacion-hambruna-franja-gaza_1_2050907.html\" class=\"link\" rel=\"nofollow noopener\" target=\"_blank\">declaraci\u00f3n de la ONU de hambruna en la Franja<\/a>, se\u00f1al\u00e1ndola como una \u201c<strong>crisis provocada por el hombre<\/strong>\u201d. No obstante, lo que empez\u00f3 como una protesta simb\u00f3lica se ha transformado a lo largo del recorrido en un <strong>boicot<\/strong> que ha alterado la <strong>log\u00edstica y el desarrollo <\/strong>de la competici\u00f3n. La tensi\u00f3n ha ido aumentando y, desde la <strong>etapa 11 en Bilbao<\/strong>, se han registrado numerosos incidentes como irrupciones en el recorrido, <strong>bloqueo de algunos tramos <\/strong>e incluso el <strong>hackeo<\/strong><strong> de la emisora <\/strong>de La Vuelta. El balance de los <strong>\u00faltimas detenciones<\/strong> se resume en 10 en Lugo, 2 en Valladolid y 1 en Becerril de la Sierra.\n    <\/p>\n<p class=\"article-text\">\n        \u201cPara nosotros y nosotras es muy importante demostrar que somos <strong>m\u00e1s humanos en este derrumbe cultural y moral<\/strong> que estamos viviendo. Eso significa <strong>posicionarse<\/strong>\u201d, declara Anika Lardi\u00e9s, subdirectora de Socialismo Libertario, al referirse a la necesidad de que los espa\u00f1oles se manifiesten. Respecto al uso de un evento deportivo como escenario para este llamamiento, la organizaci\u00f3n se\u00f1ala que: \u201ctTodos los eventos son un buen espacio; aqu\u00ed, adem\u00e1s, hay una<strong> visibilidad particular<\/strong>. Pero creo, sobre todo, que los mejores espacios son los<strong> cotidianos de la vida com\u00fan<\/strong>: los lugares de trabajo, los centros de estudio, nuestros barrios, nuestras comunidades de vecinos, las familias y los grupos de amigos\u201d.\n    <\/p>\n<p class=\"article-text\">\n        La <strong>opini\u00f3n de los civiles <\/strong>que acudieron a la manifestaci\u00f3n, entonces tranquila y pac\u00edfica, coincid\u00eda en lo esencial. \u201cUn genocidio no debe estar <strong>por encima del deporte\u201d<\/strong>, condenaba Jorge en el Paseo del Prado, acompa\u00f1ado por un ni\u00f1o expectante a lo que pudiera ocurrir. Marta, por su parte, una joven que llevaba un c\u00e1rtel de llamamiento a la paz, advert\u00eda sobre quienes <strong>apartan la vista <\/strong>del genocidio: \u201cen un futuro no<strong> <\/strong>ser\u00e1 tan f\u00e1cil<strong> mirar hacia otro lado<\/strong>\u201d, dando a entender que predice que la situaci\u00f3n empeorar\u00e1.\n    <\/p>\n<p>    Cronolog\u00eda de La Vuelta <\/p>\n<p class=\"article-text\">\n        La \u00faltima etapa de La Vuelta comenz\u00f3 de forma <strong>tranquila y sin incidentes<\/strong>; a diferencia de la jornada anterior, en la que se bloque\u00f3 la entrada a Cercedilla y se organiz\u00f3 una sentada en Becerril de la Sierra.\n    <\/p>\n<p class=\"article-text\">\n        Sin embargo, el recibimiento en Madrid fue completamente distinto a lo vivido durante las primeras horas. Desde las 16:00, cientos de activistas se concentraron en Callao, Atocha y Cibeles con banderas de Palestina.<strong> A las 18:00 comenzaron los primeros incidentes<\/strong>. El primero ocurri\u00f3 en Callao, cuando un grupo de manifestantes se plant\u00f3 en medio de la calzada justo cuando pasaba el pelot\u00f3n. Los activistas desplegaron banderas y lanzaron humo hasta que la polic\u00eda logr\u00f3 despejar la zona. Ante esta protesta, la organizaci\u00f3n de La Vuelta <strong>decidi\u00f3 modificar de nuevo el recorrido<\/strong>, limit\u00e1ndolo al tramo comprendido entre Neptuno y Col\u00f3n, zonas que la polic\u00eda parec\u00eda tener mejor controladas.\n    <\/p>\n<p class=\"article-text\">\n        Frente a los llamamientos al boicot, Madrid se hab\u00eda preparado para las manifestaciones de este fin de semana con un <strong>despliegue de seguridad sin precedentes<\/strong>, desde la celebraci\u00f3n de la Cumbre de la OTAN en 2022. La capital se ha<a href=\"https:\/\/www.infolibre.es\/politica\/1-500-policias-blindaran-madrid-final-vuelta-movilizaciones-gaza_1_2062340.html\" class=\"link\" rel=\"nofollow noopener\" target=\"_blank\"> blindado de 1.100 polic\u00edas nacionales<\/a> para proteger la etapa final de La Vuelta.\n    <\/p>\n<p class=\"article-text\">\n        El verdadero descontrol lleg\u00f3 en el Paseo del Prado. A lo largo de la avenida, cientos de activistas <strong>coreaban consignas contra Israel<\/strong>. Hasta ese momento, se hab\u00edan limitado a esperar el paso de los ciclistas para abuchearlos y dar visibilidad medi\u00e1tica a su causa. Sin embargo, con la llegada de la polic\u00eda antidisturbios para vigilar la zona, la tensi\u00f3n aument\u00f3: <strong>los manifestantes derribaron las vallas que delimitaban el recorrido<\/strong>. Ninguna qued\u00f3 en pie desde Atocha hasta la Fuente de Neptuno. La multitud tom\u00f3 la calzada y comenz\u00f3 a avanzar hacia la meta en Cibeles.\n    <\/p>\n<p class=\"article-text\">\n        Ante esta situaci\u00f3n, decenas de manifestantes levantaron nuevamente las vallas de contenci\u00f3n para formar una especie de trinchera que los protegiera de la polic\u00eda y creara una separaci\u00f3n entre ambos bandos. Una vez erigida aquella \u201cfrontera\u201d casi simb\u00f3lica, los propalestinos <strong>comenzaron a corear el lema antifascista \u201c\u00a1No pasar\u00e1n!\u201d<\/strong>. Mientras civiles y polic\u00edas permanec\u00edan divididos por aquella muralla met\u00e1lica, se escucharon c\u00e1nticos como: \u201cCada ni\u00f1o muerto es un ni\u00f1o nuestro\u201d, \u201cIsrael asesina, La Vuelta patrocina\u201d y \u201cBoicot a Israel\u201d.\n    <\/p>\n<p class=\"article-text\">\n        Finalmente, Palestina \u201cgan\u00f3\u201d La Vuelta: minutos despu\u00e9s de los incidentes (alrededor de las 18:30), <strong>la organizaci\u00f3n decidi\u00f3 dar por concluido<\/strong> el recorrido antes de que los ciclistas alcanzaran la meta, a unos 56 kil\u00f3metros de ella.\n    <\/p>\n<p class=\"article-text\">\n        Tras esta decisi\u00f3n, la polic\u00eda permiti\u00f3 que los activistas continuaran avanzando. Los manifestantes intensificaron su indignaci\u00f3n contra el genocidio, lo que <strong>deriv\u00f3 en un aumento de gritos, derribo de vallas y nuevos forcejeos con los agentes<\/strong>. Algunos manifestantes arrojaron botellas y vallas, lo que desencaden\u00f3 la carga policial con disparos de material antidisturbios y gases lacrim\u00f3genos. La respuesta provoc\u00f3 de nuevo una huida ca\u00f3tica de los manifestantes, en su mayor\u00eda j\u00f3venes, que gener\u00f3 avalanchas de gran peligrosidad.\n    <\/p>\n<p>            <img decoding=\"async\" class=\"lazy\" src=\"data:image\/svg+xml,%3Csvg xmlns=\" http:=\"\" viewbox=\"0 0 1200 675\" alt=\"\"\/><\/p>\n<p class=\"article-text\">\n        Los antidisturbios terminaron avanzando en medio de la calzada, rociando gas y efectuando numerosos disparos continuados para despejar el Paseo del Prado. <strong>Los manifestantes se escondieron de inmediato, con miedo a la naturaleza<\/strong> del material de los disparos. Muchos abandonaron la marcha ante la amenaza de los antidisturbios, mientras que otros lograron llegar a Cibeles.\n    <\/p>\n<p class=\"article-text\">\n        Desde Cibeles, los activistas intentaron retirar las vallas <strong>por si la polic\u00eda decid\u00eda cargar contra ellos<\/strong>. Sin embargo, civiles que quer\u00edan presenciar el final de La Vuelta mantuvieron forcejeos para impedirlo. Al mismo tiempo, sobre la zona, un helic\u00f3ptero de Seguridad se posicion\u00f3 y descendi\u00f3 a baja altura cerca de la multitud, en lo que fue interpretado como una maniobra de intimidaci\u00f3n.\n    <\/p>\n<p class=\"article-text\">\n        Finalmente, <strong>sobre las 20:00 de este domingo<\/strong>, las movilizaciones comenzaron a dispersarse, mientras se iban retirando los cuerpos de Seguridad.\n    <\/p>\n<p>    El PP habla de protestas \u00abviolentas\u00bb e Israel acusa a S\u00e1nchez de alentarlas<\/p>\n<p class=\"article-text\">\n        En cuanto a las reacciones a todo lo que se ha vivido en la tarde de este domingo, el PP ha cargado duramente contra el Gobierno por alentar unas <strong>\u00abprotestas violentas\u00bb<\/strong>. El primero en pronunciarse ha sido el alcalde de Madrid, <strong>Jos\u00e9 Luis Mart\u00ednez Almeida<\/strong>, que ha culpado al presidente del Gobierno, <strong>Pedro S\u00e1nchez<\/strong>, de ser el \u00abresponsable\u00bb de \u00abreventar\u00bb la Vuelta Ciclista por \u00abincitar a los manifestantes\u201d: <strong>\u00abLa violencia ha vencido al deporte\u00bb<\/strong>, ha agregado.\n    <\/p>\n<p class=\"article-text\">\n        Poco despu\u00e9s, el presidente del PP, <strong>Alberto N\u00fa\u00f1ez Feij\u00f3o,<\/strong> publicaba una carta en su cuenta de X donde tambi\u00e9n cargaba contra el Ejecutivo por \u00abpermitir e inducir\u00bb las protestas. Para \u00e9l, lo sucedido es un <strong>\u00abrid\u00edculo internacional televisado en todo el mundo\u00bb<\/strong> y\u00a0ha reprochado a S\u00e1nchez que est\u00e9 \u00aborgulloso\u00bb del comportamiento de aquellos que \u00abhan lanzado vallas a la Polic\u00eda Nacional, sin garantizar la seguridad del personal de organizaci\u00f3n, corredores y periodistas\u00bb.\n    <\/p>\n<p><a href=\"https:\/\/www.infolibre.es\/politica\/sanchez-expresa-admiracion-protestas-vuelta-destaca-ejemplo-espana_1_2062617.html\" class=\"news-know-more partner-vertical-tablet-desktop\" data-dl-event=\"select_content\" data-dl-params=\"{&quot;content_type&quot;:&quot;ver_mas&quot;,&quot;im_link_page_name&quot;:&quot;articulo\\\/politica\\\/2062617&quot;,&quot;im_link_text&quot;:&quot;S\\u00e1nchez destaca el \\&quot;ejemplo\\&quot; internacional de Espa\\u00f1a en su condena a la \\&quot;barbarie\\&quot; en Gaza&quot;}\" rel=\"nofollow noopener\" target=\"_blank\"><\/p>\n<p>            <img decoding=\"async\" class=\"lazy\" src=\"data:image\/svg+xml,%3Csvg xmlns=\" http:=\"\" viewbox=\"0 0 1200 675\" alt=\"S\u00e1nchez expresa su &quot;admiraci\u00f3n&quot; y &quot;orgullo&quot; por las protestas a favor de Palestina en La Vuelta\"\/><\/p>\n<p>S\u00e1nchez destaca el \u00abejemplo\u00bb internacional de Espa\u00f1a en su condena a la \u00abbarbarie\u00bb en Gaza<\/p>\n<p>Ver m\u00e1s<\/p>\n<p><\/a><\/p>\n<p class=\"article-text\">\n        Por contra, el delegado del Gobierno en Madrid,\u00a0<strong>Francisco Mart\u00edn<\/strong>, ha asegurado que las protestas <strong>han sido \u00abpac\u00edficas\u00bb,<\/strong> alabando el comportamiento de la ciudadan\u00eda y transmitiendo un mensaje de tranquilidad. \u201cEl pueblo de Madrid ha enviado al mundo un <strong>inmenso mensaje de solidaridad, humanidad y empat\u00eda<\/strong> con el sufrimiento del pueblo palestino\u201d, ha se\u00f1alado en su comparecencia.\u00a0\n    <\/p>\n<p class=\"article-text\">\n        Igualmente, miembros del Gobierno como la ministra de Educaci\u00f3n, <strong>Pilar Alegr\u00eda<\/strong>, el de\u00a0Transformaci\u00f3n Digital y la Funci\u00f3n P\u00fablica, <strong>\u00d3scar L\u00f3pez<\/strong>, y la vicepresidenta Segunda, <strong>Yolanda D\u00edaz<\/strong>, se han puesto del lado de los manifestantes. \u00abLo siento por La Vuelta, pero <strong>lo siento mucho m\u00e1s por cientos de miles de palestinos<\/strong> que est\u00e1n siendo masacrados\u00bb, ha recalcado L\u00f3pez. En una l\u00ednea similar se pronunciaba la vicepresidenta, asegurando que los manifestantes son <strong>\u00abun ejemplo de dignidad\u00bb<\/strong> y demuestran que la sociedad espa\u00f1ola no tolera normalizar el \u00abgenocidio\u00bb en Gaza.\n    <\/p>\n<p class=\"article-text\">\n        En el terreno internacional, el l ministro de Exteriores de Israel, <strong>Gideon Saar<\/strong>, acus\u00f3 este domingo al presidente del Gobierno de Espa\u00f1a, Pedro S\u00e1nchez, de <strong>incitar las manifestaciones propalestinas<\/strong> que han provocado la suspensi\u00f3n de la Vuelta ciclista en Madrid y escribi\u00f3 en la red social X: \u00abS\u00e1nchez y su Gobierno: \u00a1verg\u00fcenza para Espa\u00f1a!\u00bb. \u00ab<strong>La turba propalestina escuch\u00f3 los mensajes incitadores<\/strong> y atac\u00f3 la Vuelta ciclista. As\u00ed, se cancel\u00f3 el evento deportivo que siempre hab\u00eda sido motivo de orgullo para Espa\u00f1a\u00bb, sostuvo el l\u00edder de la diplomacia israel\u00ed.\n    <\/p>\n<p>                                    <script async src=\"https:\/\/platform.twitter.com\/widgets.js\" charset=\"utf-8\"><\/script><\/p>\n","protected":false},"excerpt":{"rendered":"Las movilizaciones propalestinas, en las que participaci\u00f3n m\u00e1s de 100.000 activistas, han impedido que la Vuelta Ciclista a&hellip;\n","protected":false},"author":2,"featured_media":115568,"comment_status":"","ping_status":"","sticky":false,"template":"","format":"standard","meta":{"footnotes":""},"categories":[273],"tags":[35691,313,1757,38844,312,168,25,24,1058,694,79,11812,7602,23,167,1357],"class_list":{"0":"post-115567","1":"post","2":"type-post","3":"status-publish","4":"format-standard","5":"has-post-thumbnail","7":"category-ciclismo","8":"tag-cancelar","9":"tag-ciclismo","10":"tag-ciclista","11":"tag-civica","12":"tag-cycling","13":"tag-deportes","14":"tag-es","15":"tag-espana","16":"tag-final","17":"tag-gaza","18":"tag-genocidio","19":"tag-logra","20":"tag-protesta","21":"tag-spain","22":"tag-sports","23":"tag-vuelta"},"share_on_mastodon":{"url":"","error":""},"_links":{"self":[{"href":"https:\/\/www.europesays.com\/es\/wp-json\/wp\/v2\/posts\/115567","targetHints":{"allow":["GET"]}}],"collection":[{"href":"https:\/\/www.europesays.com\/es\/wp-json\/wp\/v2\/posts"}],"about":[{"href":"https:\/\/www.europesays.com\/es\/wp-json\/wp\/v2\/types\/post"}],"author":[{"embeddable":true,"href":"https:\/\/www.europesays.com\/es\/wp-json\/wp\/v2\/users\/2"}],"replies":[{"embeddable":true,"href":"https:\/\/www.europesays.com\/es\/wp-json\/wp\/v2\/comments?post=115567"}],"version-history":[{"count":0,"href":"https:\/\/www.europesays.com\/es\/wp-json\/wp\/v2\/posts\/115567\/revisions"}],"wp:featuredmedia":[{"embeddable":true,"href":"https:\/\/www.europesays.com\/es\/wp-json\/wp\/v2\/media\/115568"}],"wp:attachment":[{"href":"https:\/\/www.europesays.com\/es\/wp-json\/wp\/v2\/media?parent=115567"}],"wp:term":[{"taxonomy":"category","embeddable":true,"href":"https:\/\/www.europesays.com\/es\/wp-json\/wp\/v2\/categories?post=115567"},{"taxonomy":"post_tag","embeddable":true,"href":"https:\/\/www.europesays.com\/es\/wp-json\/wp\/v2\/tags?post=115567"}],"curies":[{"name":"wp","href":"https:\/\/api.w.org\/{rel}","templated":true}]}}