{"id":115577,"date":"2025-09-15T01:25:12","date_gmt":"2025-09-15T01:25:12","guid":{"rendered":"https:\/\/www.europesays.com\/es\/115577\/"},"modified":"2025-09-15T01:25:12","modified_gmt":"2025-09-15T01:25:12","slug":"all-stars-2025-tras-enfrentarse-a-oriana-marzoli","status":"publish","type":"post","link":"https:\/\/www.europesays.com\/es\/115577\/","title":{"rendered":"All Stars 2025&#8242; tras enfrentarse a Oriana Marzoli"},"content":{"rendered":"<p data-journey-content=\"true\" data-node-id=\"3\" class=\"css-i9p093 emevuu60\">Marta Pe\u00f1ate y Oriana Marzoli han vuelto a tener <a href=\"https:\/\/www.diezminutos.es\/teleprograma\/programas-tv\/a66005790\/sandra-barneda-pelea-oriana-marzoli-marta-penate-conexion-honduras-supervivientes-all-stars-2025\/\" target=\"_blank\" data-vars-ga-outbound-link=\"https:\/\/www.diezminutos.es\/teleprograma\/programas-tv\/a66005790\/sandra-barneda-pelea-oriana-marzoli-marta-penate-conexion-honduras-supervivientes-all-stars-2025\/\" data-vars-ga-ux-element=\"Hyperlink\" data-vars-ga-call-to-action=\"un encontronazo en el plat\u00f3\" data-node-id=\"3.1\" class=\"body-link css-177bzfx emevuu60\" rel=\"nofollow noopener\">un encontronazo en el plat\u00f3<\/a> de &#8216;<a href=\"https:\/\/diezminutos.es\/supervivientes-television\" target=\"_blank\" data-node-id=\"3.3\" class=\"css-177bzfx emevuu60\" rel=\"nofollow noopener\">Supervivientes: All Stars 2025<\/a>&#8216;, y todo a causa de Tony Spina. La convivencia est\u00e1 siendo muy dura para los concursantes <strong data-node-id=\"3.5\">ya que no tienen una dotaci\u00f3n b\u00e1sica, <\/strong>algo que hace que cada una de las recompensas de comida sean peleadas al m\u00e1ximo. Y esto ha ocurrido este domingo, cuando los concursantes se han enfrentado a la Liga de las Estrellas, dejando a todos exhaustos. Tony, que ha estado a punto de ganar,<strong data-node-id=\"3.7\"> se ha derrumbado en el mismo momento en el que Noel le arrebataba la victoria<\/strong>. Un sentimiento que ha hecho que Marta Pe\u00f1ate se derrumbara tambi\u00e9n en el plat\u00f3 al ver que la hamburguesa XXL <a href=\"https:\/\/www.diezminutos.es\/teleprograma\/programas-tv\/a66004422\/marta-penate-salida-tony-espina-supervivientes-all-stars-sorpresa\/\" target=\"_blank\" data-vars-ga-outbound-link=\"https:\/\/www.diezminutos.es\/teleprograma\/programas-tv\/a66004422\/marta-penate-salida-tony-espina-supervivientes-all-stars-sorpresa\/\" data-vars-ga-ux-element=\"Hyperlink\" data-vars-ga-call-to-action=\"se desvanec\u00eda de los dedos de su chico\" data-node-id=\"3.9\" class=\"body-link css-177bzfx emevuu60\" rel=\"nofollow noopener\">se desvanec\u00eda de los dedos de su chico<\/a>.<\/p>\n<p><img draggable=\"true\" alt=\"supervivientes all stars\" title=\"supervivientes all stars\" loading=\"lazy\" width=\"2126\" height=\"1178\" decoding=\"async\" data-nimg=\"1\" style=\"color:transparent;width:100%;height:auto;\"   src=\"https:\/\/www.europesays.com\/es\/wp-content\/uploads\/2025\/09\/juego-ganador-supervivientes-68c737c141d29.jpg\" class=\"css-0 e1g79fud0\"\/><\/p>\n<p>Telecinco<\/p>\n<p data-journey-content=\"true\" data-node-id=\"7\" class=\"css-i9p093 emevuu60\">Sandra Barneda se acercaba r\u00e1pidamente a Marta viendo las l\u00e1grimas de sus ojos. \u00abMe duele porque yo he estado ah\u00ed y le veo que lo est\u00e1 pasando mal, <strong data-node-id=\"7.1\">porque lo veo triste, irascible y s\u00e9 que lo est\u00e1 pasando mal\u00bb<\/strong>, respond\u00eda Marta quien mostraba que sus l\u00e1grimas <a href=\"https:\/\/www.diezminutos.es\/teleprograma\/programas-tv\/a65988982\/marta-penate-llora-mensaje-tony-spina-preocupado-supervivientes-all-stars\/\" target=\"_blank\" data-vars-ga-outbound-link=\"https:\/\/www.diezminutos.es\/teleprograma\/programas-tv\/a65988982\/marta-penate-llora-mensaje-tony-spina-preocupado-supervivientes-all-stars\/\" data-vars-ga-ux-element=\"Hyperlink\" data-vars-ga-call-to-action=\"no eran por estar lejos de Tony\" data-node-id=\"7.3\" class=\"body-link css-177bzfx emevuu60\" rel=\"nofollow noopener\">no eran por estar lejos de Tony<\/a> sino por algo m\u00e1s. \u00abEs por el agobio, por la tensi\u00f3n en este plat\u00f3 y las caras de \u00ab, a\u00f1ad\u00eda.<\/p>\n<p data-journey-content=\"true\" data-node-id=\"9\" class=\"css-i9p093 emevuu60\">Y es que, desde el sof\u00e1 de enfrente ve\u00eda <a href=\"https:\/\/www.diezminutos.es\/teleprograma\/programas-tv\/a66005790\/sandra-barneda-pelea-oriana-marzoli-marta-penate-conexion-honduras-supervivientes-all-stars-2025\/\" target=\"_blank\" data-vars-ga-outbound-link=\"https:\/\/www.diezminutos.es\/teleprograma\/programas-tv\/a66005790\/sandra-barneda-pelea-oriana-marzoli-marta-penate-conexion-honduras-supervivientes-all-stars-2025\/\" data-vars-ga-ux-element=\"Hyperlink\" data-vars-ga-call-to-action=\"las caras de asco de Oriana Marzoli \" data-node-id=\"9.1\" class=\"body-link css-177bzfx emevuu60\" rel=\"nofollow noopener\">las caras de asco de Oriana Marzoli <\/a>que no ocultaba que e<strong data-node-id=\"9.3\">staba sufriendo \u00abverg\u00fcenza ajena\u00bb al ver a su compa\u00f1era de plat\u00f3 llorar<\/strong>. \u00abAvisa a tu l\u00e1grimas que salgan, Marta, que no se puede fingir de esta manera tan cutre\u00bb, le llegaba a espetar. A lo que Sandra Barneda confirmaba que Marta estaba llorando.<\/p>\n<p><img draggable=\"true\" alt=\"oriana marzoli supervivientes all stars 2025\" title=\"oriana marzoli supervivientes all stars 2025\" loading=\"lazy\" width=\"2108\" height=\"1181\" decoding=\"async\" data-nimg=\"1\" style=\"color:transparent;width:100%;height:auto;\"   src=\"https:\/\/www.europesays.com\/es\/wp-content\/uploads\/2025\/09\/oriana-supervivientes-plato-68c7470b32f19.jpg\" class=\"css-0 e1g79fud0\"\/><\/p>\n<p>Telecinco<\/p>\n<p> Marta Pe\u00f1ate y Tony Espina se casar\u00e1n en Honduras<\/p>\n<p data-journey-content=\"true\" data-node-id=\"16\" class=\"css-i9p093 emevuu60\">Para poder desengrasar la situaci\u00f3n, Sandra Barneda daba paso a un nuevo v\u00eddeo en el que Tony Spina confesaba que <strong data-node-id=\"16.1\">Marta \u00abes la mujer que m\u00e1s he querido, a leguas\u00bb<\/strong> y que \u00e9l hab\u00eda <a href=\"https:\/\/www.diezminutos.es\/teleprograma\/programas-tv\/a66056538\/tony-spina-lagrimas-supervivientes-all-stars-2025-marta-penate\/\" target=\"_blank\" data-vars-ga-outbound-link=\"https:\/\/www.diezminutos.es\/teleprograma\/programas-tv\/a66056538\/tony-spina-lagrimas-supervivientes-all-stars-2025-marta-penate\/\" data-vars-ga-ux-element=\"Hyperlink\" data-vars-ga-call-to-action=\"pedido matrimonio a su chica, pero Marta lo retrasaba\" data-node-id=\"16.3\" class=\"body-link css-177bzfx emevuu60\" rel=\"nofollow noopener\">pedido matrimonio a su chica, pero Marta lo retrasaba<\/a>. \u00abEs el hombre de mi vida\u00bb, aseguraba Marta pero \u00ablo veo un compromiso para los dem\u00e1s\u00bb y \u00absoy muy rata\u00bb. <\/p>\n<p data-journey-content=\"true\" data-node-id=\"18\" class=\"css-i9p093 emevuu60\">En este sentido, Barneda la ofrec\u00eda la opci\u00f3n de casarse en Honduras. <strong data-node-id=\"18.1\">\u00abSi vosotros me cas\u00e1is de verdad, que yo pueda validarlo en Espa\u00f1a, te juro que me caso.<\/strong> Un parip\u00e9, no\u00bb, a\u00f1ad\u00eda Marta, llegando incluso a invitar a Oriana la boda para rebajar el tono. Pero lejos de tranquilizar las aguas, las tensaron m\u00e1s.<\/p>\n<p data-journey-content=\"true\" data-node-id=\"20\" class=\"css-i9p093 emevuu60\">\u00abLo \u00fanico que te pido Marta, ya que me vas a visitar a tu boda, cuando yo haga un post en redes sociales de mi perrito, muerto recientemente, no te metas en comentarios.<strong data-node-id=\"20.1\"> Te metiste con mi novio, me dijiste que era mala, que era karma\u00bb, <\/strong>se\u00f1alaba Oriana. \u00abNo te metas conmigo ni aqu\u00ed ni fuera, para que yo te respete, el respeto se gana, no se busca en redes sociales y aqu\u00ed te haces la v\u00edctimas\u00bb, a\u00f1ad\u00eda. <\/p>\n<p data-journey-content=\"true\" data-node-id=\"22\" class=\"css-i9p093 emevuu60\">Tras ello, Marta se levantaba reiterando que ella <strong data-node-id=\"22.1\">solo quer\u00eda hablar de Supervivientes y supervivencia,<\/strong> y no de otros temas. Acto seguido, sal\u00eda del plat\u00f3.<\/p>\n<p><img draggable=\"true\" alt=\"oriana marzoli supervivientes all stars 2025\" title=\"oriana marzoli supervivientes all stars 2025\" loading=\"lazy\" width=\"2108\" height=\"1181\" decoding=\"async\" data-nimg=\"1\" style=\"color:transparent;width:100%;height:auto;\"   src=\"https:\/\/www.europesays.com\/es\/wp-content\/uploads\/2025\/09\/oriana-supervivientes-plato-68c742b940363.jpg\" class=\"css-0 e1g79fud0\"\/><\/p>\n<p>Telecinco<\/p>\n<p><img src=\"https:\/\/www.europesays.com\/es\/wp-content\/uploads\/2025\/09\/1757899511_666_323095e3-d675-4360-ad79-c3a735f161a1_1681830139.file\" alt=\"Headshot of Aroa D\u00edaz\" title=\"Headshot of Aroa D\u00edaz\" width=\"100%\" height=\"100%\" decoding=\"async\" loading=\"lazy\" class=\"css-o0wq4v ev8dhu53\"\/><\/p>\n<p>Aroa D\u00edaz es experta en realities, televisi\u00f3n y actualidad en general. No hay momento del d\u00eda en el que no tenga encendida la televisi\u00f3n conociendo los \u00faltimos desvelos de los famosos, disfrutando de los realities como Supervivientes o de los concursos m\u00e1s rocambolescos. Las \u00faltimas novedades de los famosos del coraz\u00f3n son su perdici\u00f3n y la actualidad de las Casas Reales, su gran pasi\u00f3n. \u00a0\u00a0<\/p>\n<p>En sus ratos libres disfruta de las pel\u00edculas y series de moda, y bucea por los cat\u00e1logos de las plataformas de podcast buscando nuevas entrevistas y charlas de famosos.<\/p>\n<p>Adem\u00e1s, no ha parado de formarse en todos los aspectos convirti\u00e9ndose en una periodista 360: locuci\u00f3n, doblaje, grabaci\u00f3n de v\u00eddeo, periodismo m\u00f3vil, producci\u00f3n de podcast y SEO. Actualmente est\u00e1 form\u00e1ndose en el M\u00e1ster universitario de Periodismo y Comunicaci\u00f3n Digital: Datos y Nuevas Narrativas de la UOC.<\/p>\n<p>Graduada en periodismo por la Universidad Rey Juan Carlos, no ha parado de trabajar desde que obtuvo su t\u00edtulo all\u00e1 por el 2013. Despu\u00e9s de un breve impass en Palma de Mallorca, volvi\u00f3 a Legan\u00e9s donde arranc\u00f3 su experiencia con Legan\u00e9s Activo. En este tiempo he pasado por las redacciones de varios medios recayendo finalmente en Hearst Espa\u00f1a (Telenovela, Qu\u00e9 me dices y Diez Minutos). Tambi\u00e9n tiene experiencia en diferentes radios. \u00a0<\/p>\n","protected":false},"excerpt":{"rendered":"Marta Pe\u00f1ate y Oriana Marzoli han vuelto a tener un encontronazo en el plat\u00f3 de &#8216;Supervivientes: All Stars&hellip;\n","protected":false},"author":2,"featured_media":115578,"comment_status":"","ping_status":"","sticky":false,"template":"","format":"standard","meta":{"footnotes":""},"categories":[171],"tags":[253,146,147,25,24,23,214],"class_list":{"0":"post-115577","1":"post","2":"type-post","3":"status-publish","4":"format-standard","5":"has-post-thumbnail","7":"category-tv","8":"tag-discover","9":"tag-entertainment","10":"tag-entretenimiento","11":"tag-es","12":"tag-espana","13":"tag-spain","14":"tag-tv"},"share_on_mastodon":{"url":"","error":""},"_links":{"self":[{"href":"https:\/\/www.europesays.com\/es\/wp-json\/wp\/v2\/posts\/115577","targetHints":{"allow":["GET"]}}],"collection":[{"href":"https:\/\/www.europesays.com\/es\/wp-json\/wp\/v2\/posts"}],"about":[{"href":"https:\/\/www.europesays.com\/es\/wp-json\/wp\/v2\/types\/post"}],"author":[{"embeddable":true,"href":"https:\/\/www.europesays.com\/es\/wp-json\/wp\/v2\/users\/2"}],"replies":[{"embeddable":true,"href":"https:\/\/www.europesays.com\/es\/wp-json\/wp\/v2\/comments?post=115577"}],"version-history":[{"count":0,"href":"https:\/\/www.europesays.com\/es\/wp-json\/wp\/v2\/posts\/115577\/revisions"}],"wp:featuredmedia":[{"embeddable":true,"href":"https:\/\/www.europesays.com\/es\/wp-json\/wp\/v2\/media\/115578"}],"wp:attachment":[{"href":"https:\/\/www.europesays.com\/es\/wp-json\/wp\/v2\/media?parent=115577"}],"wp:term":[{"taxonomy":"category","embeddable":true,"href":"https:\/\/www.europesays.com\/es\/wp-json\/wp\/v2\/categories?post=115577"},{"taxonomy":"post_tag","embeddable":true,"href":"https:\/\/www.europesays.com\/es\/wp-json\/wp\/v2\/tags?post=115577"}],"curies":[{"name":"wp","href":"https:\/\/api.w.org\/{rel}","templated":true}]}}