{"id":115581,"date":"2025-09-15T01:27:27","date_gmt":"2025-09-15T01:27:27","guid":{"rendered":"https:\/\/www.europesays.com\/es\/115581\/"},"modified":"2025-09-15T01:27:27","modified_gmt":"2025-09-15T01:27:27","slug":"critica-de-simon-de-la-montana-una-historia-con-garra-sobre-la-neurodivergencia-con-un-excelente-coro-de-actores","status":"publish","type":"post","link":"https:\/\/www.europesays.com\/es\/115581\/","title":{"rendered":"Cr\u00edtica de &#8216;Sim\u00f3n de la monta\u00f1a&#8217;, una historia con garra sobre la neurodivergencia con un excelente coro de actores"},"content":{"rendered":"<p data-journey-content=\"true\" data-node-id=\"3\" class=\"css-i9p093 emevuu60\">El mayor logro tras el debut de Federico Luis pasa por no volcarse a resolver por qu\u00e9 el hura\u00f1o Lorenzo Ferro (&#8216;El \u00e1ngel&#8217;) decide fingir un S\u00edndrome de Down: <strong data-node-id=\"3.1\">al final, la legitimidad o las fronteras de su actuaci\u00f3n no pueden ser de nuestra incumbencia<\/strong>. Entendamos la pel\u00edcula como delta natural de su cortometraje &#8216;C\u00f3mo ser Pehu\u00e9n Pedre&#8217;, en que Pehu\u00e9n ense\u00f1a a Lorenzo a interpretar sus tics y balbuceos; un casting-performance donde la moralidad es lo de menos. Luis, en cambio, se compromete con plantear una serie de instant\u00e1neas descabezadas (solo intuimos qu\u00e9 lleva al grupo a perderse en la monta\u00f1a o los efectos de Sim\u00f3n medic\u00e1ndose sin necesidad), mientras ausculta sus brechas bien abiertas.<\/p>\n<p><img draggable=\"true\" alt=\"sim\u00f3n de la monta\u00f1a\" title=\"Sim\u00f3n de la monta\u00f1a\" loading=\"lazy\" width=\"3600\" height=\"2160\" decoding=\"async\" data-nimg=\"1\" style=\"color:transparent;width:100%;height:auto;\"   src=\"https:\/\/www.europesays.com\/es\/wp-content\/uploads\/2025\/09\/sdlm-178-1-131-1-68c17b5673017.jpg\" class=\"css-0 e1g79fud0\"\/><\/p>\n<p>Noucinemart<\/p>\n<p data-journey-content=\"true\" data-node-id=\"8\" class=\"css-i9p093 emevuu60\">Gracias a un trabajo de c\u00e1mara y un dispositivo sonoro tan intensos como su reparto, nos sumergimos hasta las entra\u00f1as de un autorretrato que se demuestra, en \u00faltima instancia, inaccesible. As\u00ed, <strong data-node-id=\"8.1\">sin resolverlo, la pel\u00edcula vibra al pulso de la divergencia<\/strong>. Por ello y en su defecto, para cuando este Hamlet decide matar al t\u00edo y solo quedan en plano tres adultos neurot\u00edpicos, el film pierde todo carisma.<\/p>\n<p>Para abrir el apetito a m\u00e1s historias con garra sobre la neurodivergencia<\/p>\n<p data-journey-content=\"true\" data-node-id=\"12\" class=\"body-tip css-1st2czx emevuu60\"><strong data-node-id=\"12.0\">Lo mejor:<\/strong> la homogeneidad entre el excelente coro de actores.<\/p>\n<p>No te pierdas esto<a data-theme-key=\"base-link\" href=\"#\" class=\"e1fx7w0v4 css-12qq8de e1c1bym14\">Reg\u00edstrate para recibir contenido personalizado<img src=\"https:\/\/www.fotogramas.es\/_assets\/design-tokens\/fre\/static\/icons\/arrow-right-regular.e879c19.svg\" alt=\"\" width=\"100%\" height=\"auto\" decoding=\"async\" loading=\"lazy\" class=\"css-13htjwu e1fx7w0v1\"\/><\/a><\/p>\n<p data-journey-content=\"true\" data-node-id=\"16\" class=\"body-tip css-1st2czx emevuu60\"><strong data-node-id=\"16.0\">Lo peor:<\/strong> la nula sutileza de lo que s\u00ed explica.<\/p>\n<p><img draggable=\"true\" alt=\"sim\u00f3n de la monta\u00f1a\" title=\"Sim\u00f3n de la monta\u00f1a\" loading=\"lazy\" width=\"1555\" height=\"2191\" decoding=\"async\" data-nimg=\"1\" style=\"color:transparent;width:100%;height:auto;\"   src=\"https:\/\/www.europesays.com\/es\/wp-content\/uploads\/2025\/09\/sdlm-a3-es-68c17aff77aad.jpg\" class=\"css-0 e1g79fud0\"\/><\/p>\n<p>Noucinemart<\/p>\n<p>Ficha t\u00e9cnica<\/p>\n<p data-journey-content=\"true\" data-node-id=\"20\" class=\"css-i9p093 emevuu60\"><strong data-node-id=\"20.0\">Direcci\u00f3n:<\/strong> Federico Luis <strong data-node-id=\"20.2\">Reparto:<\/strong> Lorenzo Ferro, Kiara Supini, Pehu\u00e9n Pedre, Laura Nevole, Agust\u00edn Toscano <strong data-node-id=\"20.4\">Pa\u00eds:<\/strong> Argentina <strong data-node-id=\"20.6\">A\u00f1o:<\/strong> 2024 <strong data-node-id=\"20.8\">Fecha de estreno:<\/strong> 12\u201109\u20112025 <strong data-node-id=\"20.10\">G\u00e9nero:<\/strong> Drama <strong data-node-id=\"20.12\">Guion:<\/strong> Federico Luis, Tomas Murphy, Agust\u00edn Toscano <strong data-node-id=\"20.14\">Duraci\u00f3n:<\/strong> 98 min.<\/p>\n<p data-journey-content=\"true\" data-node-id=\"22\" class=\"css-i9p093 emevuu60\"><strong data-node-id=\"22.0\">Sinopsis:<\/strong> Sim\u00f3n es un joven de 21 a\u00f1os que vive al borde de la cordillera de los Andes y que, al sentir que sus sue\u00f1os no coinciden con su realidad, decide modificarla. Para eso, comienza a pasar tiempo con un grupo de chicos como \u00e9l, con discapacidad, que inventan sus propias reglas para amar y divertirse, mientras crecen y buscan su lugar en un mundo que no parece estar dise\u00f1ado para ellos.<\/p>\n<p><img src=\"https:\/\/www.europesays.com\/es\/wp-content\/uploads\/2025\/09\/1757899647_247_dddc8cd3-e3a0-409e-801d-1e123b4ece78_1646215387.file\" alt=\"Headshot of Mariona Borrull\" title=\"Headshot of Mariona Borrull\" width=\"100%\" height=\"100%\" decoding=\"async\" loading=\"lazy\" class=\"css-o0wq4v ev8dhu53\"\/><\/p>\n<p>Especialista en pel\u00edculas de estreno y series de actualidad, festivales internacionales y todas las novedades de cine de autor. Se gradu\u00f3 en Comunicaci\u00f3n Audiovisual en la Pompeu Fabra, en el \u00e1rea de An\u00e1lisis y cr\u00edtica.<\/p>\n<p>Lleva seis a\u00f1os escribiendo rese\u00f1as y cubriendo noticias en Fotogramas, es la firma semanal de cine en Tot \u00e9s Com\u00e8dia de SER Catalunya y Va de Cine de Radio 4, y colabora regularmente en Gara, El Cultural y SensaCine desde el festival de Cannes, Venecia y Berl\u00edn. Se ha colgado la medallita por ser la segunda persona de Espa\u00f1a en recibir el distintivo Berlinale Talents como periodista.<\/p>\n<p>Le apasionan las series (habla de ellas en Pla\u00e7a T\u00edsner de Betev\u00e9) y el anime, del que escribe en Serielizados y al que da vueltas en el podcast Sopa de Miso, de la misma revista. Podr\u00e9is leer sus art\u00edculos sobre videojuegos indie en la revista LOOP, de GameReport, y ha publicado un cap\u00edtulo en el libro \u201cPier Paolo Pasolini. El grito que no cesa\u201d (Semana Internacional de Cine de Valladolid y Caim\u00e1n, cuadernos de cine, 2022).<\/p>\n<p>Es parte del comit\u00e9 de programaci\u00f3n del Festival l\u2019Alternativa de cine independiente de Barcelona, para quienes tambi\u00e9n lleva la prensa. Desde el a\u00f1o pasado, programa pel\u00edculas sobre vino en el Festival Most. Le ver\u00e9is como participante y coordinando actividades educativas alrededor del cine, en colaboraci\u00f3n con ciclos, festivales y escuelas como La Casa del Cine o ESCAC. Hoy se gana el sueldo, tambi\u00e9n, como docente de Narrativa Audiovisual en el Grado de Videojuegos de la Universitat Polit\u00e8cnica<\/p>\n","protected":false},"excerpt":{"rendered":"El mayor logro tras el debut de Federico Luis pasa por no volcarse a resolver por qu\u00e9 el&hellip;\n","protected":false},"author":2,"featured_media":115582,"comment_status":"","ping_status":"","sticky":false,"template":"","format":"standard","meta":{"footnotes":""},"categories":[169],"tags":[177,1180,146,147,25,24,176,175,23],"class_list":{"0":"post-115581","1":"post","2":"type-post","3":"status-publish","4":"format-standard","5":"has-post-thumbnail","7":"category-cine","8":"tag-cine","9":"tag-editorial","10":"tag-entertainment","11":"tag-entretenimiento","12":"tag-es","13":"tag-espana","14":"tag-film","15":"tag-movies","16":"tag-spain"},"share_on_mastodon":{"url":"","error":""},"_links":{"self":[{"href":"https:\/\/www.europesays.com\/es\/wp-json\/wp\/v2\/posts\/115581","targetHints":{"allow":["GET"]}}],"collection":[{"href":"https:\/\/www.europesays.com\/es\/wp-json\/wp\/v2\/posts"}],"about":[{"href":"https:\/\/www.europesays.com\/es\/wp-json\/wp\/v2\/types\/post"}],"author":[{"embeddable":true,"href":"https:\/\/www.europesays.com\/es\/wp-json\/wp\/v2\/users\/2"}],"replies":[{"embeddable":true,"href":"https:\/\/www.europesays.com\/es\/wp-json\/wp\/v2\/comments?post=115581"}],"version-history":[{"count":0,"href":"https:\/\/www.europesays.com\/es\/wp-json\/wp\/v2\/posts\/115581\/revisions"}],"wp:featuredmedia":[{"embeddable":true,"href":"https:\/\/www.europesays.com\/es\/wp-json\/wp\/v2\/media\/115582"}],"wp:attachment":[{"href":"https:\/\/www.europesays.com\/es\/wp-json\/wp\/v2\/media?parent=115581"}],"wp:term":[{"taxonomy":"category","embeddable":true,"href":"https:\/\/www.europesays.com\/es\/wp-json\/wp\/v2\/categories?post=115581"},{"taxonomy":"post_tag","embeddable":true,"href":"https:\/\/www.europesays.com\/es\/wp-json\/wp\/v2\/tags?post=115581"}],"curies":[{"name":"wp","href":"https:\/\/api.w.org\/{rel}","templated":true}]}}