{"id":11559,"date":"2025-07-29T11:41:06","date_gmt":"2025-07-29T11:41:06","guid":{"rendered":"https:\/\/www.europesays.com\/es\/11559\/"},"modified":"2025-07-29T11:41:06","modified_gmt":"2025-07-29T11:41:06","slug":"el-duque-de-westminster-el-aristocrata-mas-rico-de-reino-unido-da-la-bienvenida-a-su-primera-hija-junto-a-olivia-grosvenor-el-mundo","status":"publish","type":"post","link":"https:\/\/www.europesays.com\/es\/11559\/","title":{"rendered":"El duque de Westminster, el arist\u00f3crata m\u00e1s rico de Reino Unido, da la bienvenida a su primera hija junto a Olivia Grosvenor &#8211; El Mundo"},"content":{"rendered":"<ol>\n<li><a href=\"https:\/\/news.google.com\/rss\/articles\/CBMigwFBVV95cUxPYjF3WmNyN0Q2UFlUVzlTTk9PUGN3dkVNTFhONlAzaXBLV094N1ZJUEdpMEFYeGpuYWV2VXdjMVpoOFh1OFRMSmpSXzBuR0J3RF9wTEs0eVQ0NmdScDc4ZlhwQjd3RU1FeWkzQklXVWR5S1cwUTZSbDFpY3FIVmxJRTFfNNIBgwFBVV95cUxNUlNZdTlGSEhrN0VRbTZ2a1o4V2wwNG9nSldfVF80NmVGYkh2MWRxTUdrZXVXcWEzWDZjUVdvcmw2cjk2Y00xdW84VzJoMHFPbjZLeFFkYUg4VVNDaDlCOFJKMzF0bHoxVC1jT3U5eTlUdEFVeWluYXJsWmpTUDJidU5uVQ?oc=5\" target=\"_blank\" rel=\"nofollow noopener\">El duque de Westminster, el arist\u00f3crata m\u00e1s rico de Reino Unido, da la bienvenida a su primera hija junto a Olivia Grosvenor<\/a>&nbsp;&nbsp;El Mundo<\/li>\n<li><a href=\"https:\/\/news.google.com\/rss\/articles\/CBMitwFBVV95cUxNV20ycDVBOWN1Y2lRejI3V21YM2NhSjg1Vk9yc0NUSkduT3ZBTGN1UmxSN3RYTzU0MVNUdHdZLUxwYW5kU2g0c0FSVUJNQThSWlBUaElCQ3o3eUVOZHV5X1pVSnh5LU92WkZSTFlZeVBmZjFQVVJ2eEU2RURCd1RKSlhvTHFnaF9UMGEzaUtYTm10eE15eExjek1NeGxKMlZkdDJYZGM0NGtjMHNUWlBRb3UwdDRHNzQ?oc=5\" target=\"_blank\" rel=\"nofollow noopener\">Los duques de Westminster, Hugh y Olivia Grosvenor, padres de su primera hija<\/a>&nbsp;&nbsp;EL PA\u00cdS<\/li>\n<li><a href=\"https:\/\/news.google.com\/rss\/articles\/CBMipwFBVV95cUxNRzJVN0tmRm1KbUlqM3BUZEZjamRWVTFEQ3JadmNuYm41ald4Z19WVXk4b2dVZWJiT0pjQVhDR0ZoY2hQQl9vNTVqOXFZUFJlOG5ySXVIOGNYOUlqOUhIYnNodFNLV2JOUTZkTEhCZVNXTGlUcWhaRmVTYTBXcy1VdklsczNJOVk5aE53U0piZmI4TW9pWFJZaDVVMWlnVGNaMkFBd2EwQQ?oc=5\" target=\"_blank\" rel=\"nofollow noopener\">Los duques de Westminster dan la bienvenida a su primera hija<\/a>&nbsp;&nbsp;La Vanguardia<\/li>\n<li><a href=\"https:\/\/news.google.com\/rss\/articles\/CBMiwgFBVV95cUxNU3N6N3k4RFZCem9WdVdCWU0zNlo1azIyc1VWR3llM3FVZkxxSVBpX3hhcmN0WUlsM0s2QUQyYjR1d3MyemI3dVZSQ0hNQTVOZTdiNHg4UHdYTEZpbmg4V0t4d2E3ZnJWcDBFczdIQWVhb0d4UDIwQ2NGemIzaHJ3ZlB5eHc0VFhYT2wyOVhTVFQ4cVFvaWlZUVhpRzF4WlpfTGpYUlJfX0g5LWNrM3ZGbXMyRWxVelBIbmFuV2tsUTFGQdIBxwFBVV95cUxPY1paU0dMb205VjFUNzNWX1h1QjdlUjNtamFUSGJUdURtNk4yVFVJN2FBTUFTODYxa080Rk9nNGdlZGwxQkhVWGtyaUVNX1Uxel8yTkNsa0tILW9femExZnlCNFVmVlJZd0RoMVR3ZHM4NFpIbWVVcUhsMFY1ZHBNYVk1LWRpRVV2c3FqaVJZNkVCaFk4TGNHOXRyME14ZzRPWFNuOXBPSWVIOFh2NVJGdkNiYTdEenlrUTZUVWJ4WGpjUFlHS2RJ?oc=5\" target=\"_blank\" rel=\"nofollow noopener\">Los duques de Westminster anuncian el nacimiento de su primera hija: nombre simb\u00f3lico y gui\u00f1os a la tradici\u00f3n<\/a>&nbsp;&nbsp;Vanitatis<\/li>\n<li><a href=\"https:\/\/news.google.com\/rss\/articles\/CBMi9AFBVV95cUxQWHJsVFlDMjA1c2d0M3R4Yjc0TjBtcGRnV2JOVlVIdnVwNGRPT2doVk05MHFHQjNQNVdUZU5HOWFsbHA1SVBNSndXWkFuNllDSV9uWDRPZ1FBcWJIRnE2bFBWbGVzNWZYaW5NVWdHTXp6Tm0xeS1tcEpPWHdTVjRILU9BUTBrQm5NY3ZTZlNaM0dfSlRwRS1TaDk3WVFhRTB4YUJDeHNsYU0tRmpSU1lwLV9IVEtXNlZjcks3TWhWU0JFRDRBZEU3MmVsQ05tV0UtUV82X2QxREhneFlsN2stMTV3aTRpUWdXTXplaVk1TU9rbnVI0gH6AUFVX3lxTFB1bTVHTUdGZFIwdllBNHA0d1VuOXpmVW9OSDFQX1BybmFfT1JKNHhCMnBxSTFYclJaeDV6ZVdCSFNLaHROQ3VNR2h1S2M4VW5uVjVMdUMwcVhIcWxkdDE4OVVER21DYll0di1naUxfR1g0VVhuLWxNbWhVQVhaUTlxTV95MVlkUk9aa3dSMlpzamp4dXlYNm56MzZ4OEgyVnBLM3Q5aFA1ZEZFZ0dkejBMS0VGZE1uSGpRc3Y5aGtSZk5WYUx5OEI3WmRwS0MxbFZTYkszeEltLWhYbzhhS2NINE1WVkJMM0s5QlZYNHJ3cXRwN0pQZ2lCQWc?oc=5\" target=\"_blank\" rel=\"nofollow noopener\">El duque de Westminster, ahijado del rey Carlos III, y Olivia Henson se convierten en padres de su primera hija<\/a>&nbsp;&nbsp;El Espa\u00f1ol<\/li>\n<\/ol>\n","protected":false},"excerpt":{"rendered":"El duque de Westminster, el arist\u00f3crata m\u00e1s rico de Reino Unido, da la bienvenida a su primera hija&hellip;\n","protected":false},"author":2,"featured_media":11560,"comment_status":"","ping_status":"","sticky":false,"template":"","format":"standard","meta":{"footnotes":""},"categories":[174],"tags":[255,146,147,25,24,256,8229,23],"class_list":{"0":"post-11559","1":"post","2":"type-post","3":"status-publish","4":"format-standard","5":"has-post-thumbnail","7":"category-famosos","8":"tag-celebrities","9":"tag-entertainment","10":"tag-entretenimiento","11":"tag-es","12":"tag-espana","13":"tag-famosos","14":"tag-loc-casa-real","15":"tag-spain"},"share_on_mastodon":{"url":"","error":""},"_links":{"self":[{"href":"https:\/\/www.europesays.com\/es\/wp-json\/wp\/v2\/posts\/11559","targetHints":{"allow":["GET"]}}],"collection":[{"href":"https:\/\/www.europesays.com\/es\/wp-json\/wp\/v2\/posts"}],"about":[{"href":"https:\/\/www.europesays.com\/es\/wp-json\/wp\/v2\/types\/post"}],"author":[{"embeddable":true,"href":"https:\/\/www.europesays.com\/es\/wp-json\/wp\/v2\/users\/2"}],"replies":[{"embeddable":true,"href":"https:\/\/www.europesays.com\/es\/wp-json\/wp\/v2\/comments?post=11559"}],"version-history":[{"count":0,"href":"https:\/\/www.europesays.com\/es\/wp-json\/wp\/v2\/posts\/11559\/revisions"}],"wp:featuredmedia":[{"embeddable":true,"href":"https:\/\/www.europesays.com\/es\/wp-json\/wp\/v2\/media\/11560"}],"wp:attachment":[{"href":"https:\/\/www.europesays.com\/es\/wp-json\/wp\/v2\/media?parent=11559"}],"wp:term":[{"taxonomy":"category","embeddable":true,"href":"https:\/\/www.europesays.com\/es\/wp-json\/wp\/v2\/categories?post=11559"},{"taxonomy":"post_tag","embeddable":true,"href":"https:\/\/www.europesays.com\/es\/wp-json\/wp\/v2\/tags?post=11559"}],"curies":[{"name":"wp","href":"https:\/\/api.w.org\/{rel}","templated":true}]}}