{"id":115601,"date":"2025-09-15T01:40:06","date_gmt":"2025-09-15T01:40:06","guid":{"rendered":"https:\/\/www.europesays.com\/es\/115601\/"},"modified":"2025-09-15T01:40:06","modified_gmt":"2025-09-15T01:40:06","slug":"pablo-carreno-completa-la-epica-remontada-de-espana-ante-dinamarca-y-la-armada-jugara-la-final-8-de-la-copa-davis-cadena-ser","status":"publish","type":"post","link":"https:\/\/www.europesays.com\/es\/115601\/","title":{"rendered":"Pablo Carre\u00f1o completa la \u00e9pica remontada de Espa\u00f1a ante Dinamarca y &#039;La Armada&#039; jugar\u00e1 la &#039;final 8&#039; de la Copa Davis &#8211; Cadena SER"},"content":{"rendered":"<ol>\n<li><a href=\"https:\/\/news.google.com\/rss\/articles\/CBMi-wFBVV95cUxNSW1FU25XR0dGc0todzU0UHZZdE5XNG4yTG41WFVFWTJTbEZDeXFtbWFfdDU4VGExTFNhczZNUl9wc1cxSkh5WWNkMGVJWmw2NzN6dWxVRXkyYjhLdlVvZEFJMlpHWVdQeVMxMFNZSUY5b1RqNGI4NzJJUDZBbkJYcHZwcEhFOEdEenc2OGVxdm9UWk13QW56QW10UzFjTzVJc0RZekI3WVdDLXVWNmtUU0NUQ1NGb2w0OVIwSVRId3c2WHo5ZC0zLUg1S1pDTnVTNzlDV3BLRzZpcHNkWU1TYWNBbDNPSVhDczRTamJnR3VvRmlEZEsyT3pNd9IBjwJBVV95cUxPWWtWMTNLX2VGS1ppQmJKRnBZR1VDSndxN0tFWmY0RVVkbU5FQUwwS2pWeG5hQlhhQ0RHMVFXWlRQS1FkRGdFUG5WeDY4RHFYSmx1dEE3cG9abXVnUnVwbG1HWVhJd2xsREhMTDFQMGtfYm1zYkpNdi1qaXBCQWJpem84bnNfTU9YSGhIS1dIenpabEJZZDl2REw3cTA5Tk5PMDJRUjhzaWdkV2drN3lrSzZqMGs3TXdyNzktWXB0ZUpUa1ZvdlUxNXBnRlBJbjVNMlpZcXFrMXBsT05PdDdySUg3Uk9oUWNDVVh1RENVeC1CLVZ2V1gxLWdDZHhFSHhYeWVlVldJSFZKekcxdjdv?oc=5\" target=\"_blank\" rel=\"nofollow noopener\">Pablo Carre\u00f1o completa la \u00e9pica remontada de Espa\u00f1a ante Dinamarca y &#8216;La Armada&#8217; jugar\u00e1 la &#8216;final 8&#8217; de la Copa Davis<\/a>&nbsp;&nbsp;Cadena SER<\/li>\n<li><a href=\"https:\/\/news.google.com\/rss\/articles\/CBMi2gFBVV95cUxNQnoxRl9PUEdMZlk5Z1IzQ3p4RUJ5LVI3ZTNGdVVzOHdMalByMjBSQXZxR1ZHdzZ3elhKdWtBNzZHWXdUbjJiZmhwYVdaai1wWHRRZHBhX1hYa0diUldBM2VnNE4wZzZMWndTYVQ3LUZNUzU2V1ptZzBKSVZFQ0dYZW1YQU5PZ201clY4Nk1BLWotMjRyc3RKQjVzdlNmV3F5bFlFRW9kcllqcng3TXV0SlJrQmt5TzdlbHVyaFFtanp1OUtnaHhzVlB3NmJqckt2bjVrVEVkNGp5Zw?oc=5\" target=\"_blank\" rel=\"nofollow noopener\">Fe, \u00e9pica y mucho Mart\u00ednez: Espa\u00f1a culmina una remontada in\u00e9dita en la Davis hacia las Finales de Bolonia<\/a>&nbsp;&nbsp;EL PA\u00cdS<\/li>\n<li><a href=\"https:\/\/news.google.com\/rss\/articles\/CBMiqAFBVV95cUxNRUJ0RlA5NGhDRjdHSHV2U0VMcTg2VWVqZ05PUG9JRlQyZzRlNnRnbHNfTjJjRGtWZFZ4OVhmZXRleFNROV9fZXNtb0Ywb1d3NURNLWJKZXNUa1VrOXVxekpUc0M1V1dseU9QdVg3MDlLLTZJd1BHVmNvRjZvdFBzWGM4RTM2NnJrM0RmNkVGWmFsbHlDRlhjR2hSVjZ5dkdaLTVoSy1ESDA?oc=5\" target=\"_blank\" rel=\"nofollow noopener\">Espa\u00f1a obra el milagro y saca su billete para las finales de Bolonia<\/a>&nbsp;&nbsp;ABC<\/li>\n<li><a href=\"https:\/\/news.google.com\/rss\/articles\/CBMi1AFBVV95cUxOQXhoMTZaQy12ZFJWZmVSU19yQXpvZ3BkeUlma3dXRFRuRFAxNC1SWXlVWS1PVnZRRzVSWGtTQm9MTjF3bVJPQjhMVldMcU50MUsxMUxuYzl3T3F3VGJSTWR5aTFVdkRwLS1QVGljYmI1OVdQUkxCS09fMXZVQ2FkaUI5ckt1aVRzdkI1UlNiY3JDbEZRbjVIQVdpTTF1RXd1SmhXaFJXN1BjUEdwWExGZlVUUWdCVU1Ya2FXNlIwVWFQaFpJNXdxbHY4S25rQV9FYUF0btIB1AFBVV95cUxNWGZqamVpWW0tU2E2MlByN3lzTy1XMW9PMXVXUTNmZ2dCWlZ5TXV4dmE0ZW0xdW9QUE5hbXZ4UDlNTWVYX3BnekxFOWlhX3VRZmNfUlh1dl9Mekx4Q2p0REtDVzNVeWhWdEN3UFd3YjJxZkZ5LWctRTlpc3ZXV18xOUs2UThYMEhjYlF5WUZzTGR1VzVlbjYzWWxCam9MaUFUZno0ZUhtTW02Z3dFSks0WEhvMEpucWVxZng0d3lVNk9KQlVobHVpb2w4bzZCVGhUSi0yLQ?oc=5\" target=\"_blank\" rel=\"nofollow noopener\">La reflexi\u00f3n de Carre\u00f1o sobre la ausencia de Carlos Alcaraz en la Copa Davis<\/a>&nbsp;&nbsp;LaSexta<\/li>\n<li><a href=\"https:\/\/news.google.com\/rss\/articles\/CBMirwFBVV95cUxONVhRSE9hM3plcG9mSE42MUtVVVRGWDM4QUFOeXFNd2JoelFhVkVVSXY5SzZicE1fcnVWejcxUE94bG1faFlsQkpQSXpmeGNwNWJsV21uZHQ2QjN6ZHVBRC1lTFMyN0VxQ2pyZEJodTlfR1JtWEF0bUZKaGktQW9lcWt3NFFjYTE2alNpeGNpVWNVMG1SYkdUTHR6NUVSQ3FDaFhOS1ctRkxJams2VEtF0gG0AUFVX3lxTE1KUlhqa2R0WGVzU3ZEMm9XQXh4SGYzc3lVRGhFT1pKY1JPLXZ2ajB1bzdJOFIyOUVLWWltMkZ2cGEycGx2NVJmZDF4THJ4YXlqMVo2cFZnM3lScUttNXZBN2dLaEM0aC0zdnF0Y2EteU5NSmYzZndNR1dUUGg4dUZQcXpvOWpOSHNPUXJqaC1fMnVmRTd4al9jX01taWhfOHZtZ2RiNjRqa3VZNHVTVjl3X2hrQg?oc=5\" target=\"_blank\" rel=\"nofollow noopener\">Carre\u00f1o corona la gesta de Espa\u00f1a contra Dinamarca para estar en las finales de la Davis<\/a>&nbsp;&nbsp;El Confidencial<\/li>\n<\/ol>\n","protected":false},"excerpt":{"rendered":"Pablo Carre\u00f1o completa la \u00e9pica remontada de Espa\u00f1a ante Dinamarca y &#8216;La Armada&#8217; jugar\u00e1 la &#8216;final 8&#8217; de&hellip;\n","protected":false},"author":2,"featured_media":113496,"comment_status":"","ping_status":"","sticky":false,"template":"","format":"standard","meta":{"footnotes":""},"categories":[274],"tags":[168,25,24,23,167,327,326],"class_list":{"0":"post-115601","1":"post","2":"type-post","3":"status-publish","4":"format-standard","5":"has-post-thumbnail","7":"category-tenis","8":"tag-deportes","9":"tag-es","10":"tag-espana","11":"tag-spain","12":"tag-sports","13":"tag-tenis","14":"tag-tennis"},"share_on_mastodon":{"url":"","error":""},"_links":{"self":[{"href":"https:\/\/www.europesays.com\/es\/wp-json\/wp\/v2\/posts\/115601","targetHints":{"allow":["GET"]}}],"collection":[{"href":"https:\/\/www.europesays.com\/es\/wp-json\/wp\/v2\/posts"}],"about":[{"href":"https:\/\/www.europesays.com\/es\/wp-json\/wp\/v2\/types\/post"}],"author":[{"embeddable":true,"href":"https:\/\/www.europesays.com\/es\/wp-json\/wp\/v2\/users\/2"}],"replies":[{"embeddable":true,"href":"https:\/\/www.europesays.com\/es\/wp-json\/wp\/v2\/comments?post=115601"}],"version-history":[{"count":0,"href":"https:\/\/www.europesays.com\/es\/wp-json\/wp\/v2\/posts\/115601\/revisions"}],"wp:featuredmedia":[{"embeddable":true,"href":"https:\/\/www.europesays.com\/es\/wp-json\/wp\/v2\/media\/113496"}],"wp:attachment":[{"href":"https:\/\/www.europesays.com\/es\/wp-json\/wp\/v2\/media?parent=115601"}],"wp:term":[{"taxonomy":"category","embeddable":true,"href":"https:\/\/www.europesays.com\/es\/wp-json\/wp\/v2\/categories?post=115601"},{"taxonomy":"post_tag","embeddable":true,"href":"https:\/\/www.europesays.com\/es\/wp-json\/wp\/v2\/tags?post=115601"}],"curies":[{"name":"wp","href":"https:\/\/api.w.org\/{rel}","templated":true}]}}