{"id":115610,"date":"2025-09-15T01:48:27","date_gmt":"2025-09-15T01:48:27","guid":{"rendered":"https:\/\/www.europesays.com\/es\/115610\/"},"modified":"2025-09-15T01:48:27","modified_gmt":"2025-09-15T01:48:27","slug":"un-hombre-de-45-o-50-anos-me-vendria-muy-bien-pero-el-en-su-casa-y-yo-en-la-mia","status":"publish","type":"post","link":"https:\/\/www.europesays.com\/es\/115610\/","title":{"rendered":"Un hombre de 45 o 50 a\u00f1os me vendr\u00eda muy bien, pero \u00e9l en su casa y yo en la m\u00eda"},"content":{"rendered":"<p id=\"ejFfIiBGcH\" data-wc=\"63\"><strong>Lolita Flores ha hablado claro y alto sobre algunos de los aspectos m\u00e1s desconocidos de su vida<\/strong>. Lo ha hecho este domingo en los micr\u00f3fonos de Julia en la Onda, programa radiof\u00f3nico presentado por la periodista Julia Otero al que ha acudido para presentar su nueva obra de teatro, Poncia, basada en La casa de Bernarda Alba, obra del m\u00edtico Federico Garc\u00eda Lorca.\u00a0<\/p>\n<p> <img src=\"https:\/\/www.europesays.com\/es\/wp-content\/uploads\/2025\/09\/b197cdc85ecd-lolita-flores-t.jpg\"   width=\"1024\" height=\"614\" loading=\"lazy\" decoding=\"async\" alt=\"lolita flores\" fetchpriority=\"auto\" class=\"image ho-image\"\/>\u00a9 Gtresonline<\/p>\n<p id=\"euXszWOwc7\" data-wc=\"67\">Entre muchas otras cuestiones,<a class=\"hm-link ho-link\" href=\"https:\/\/www.hola.com\/actualidad\/20250814850269\/elena-guillermo-furiase-lolita-flores-vacaciones-familia\/\" data-mrf-recirculation=\"article-body-link\" rel=\"nofollow noopener\" target=\"_blank\">\u00a0Lolita ha abordado la deuda que tuvo que lidiar con Hacienda durante el mandato de Crist\u00f3bal Montoro<\/a>, ministro de Mariano Rajoy entre los a\u00f1os 2011 y 2018, que actualmente est\u00e1 imputado por crear \u201cuna red de influencias\u201d para beneficiar a empresas gasistas. Otero le ha preguntado sobre su situaci\u00f3n, y la artista y cantante ha respondido con rotundidad, para sorpresa de la periodista.<\/p>\n<p> <img src=\"https:\/\/www.europesays.com\/es\/wp-content\/uploads\/2025\/09\/d1d5fd24f393-portada-lolita-flores-t.jpg\"   width=\"1024\" height=\"614\" loading=\"lazy\" decoding=\"async\" alt=\"portada lolita flores\" fetchpriority=\"auto\" class=\"image ho-image\"\/>\u00a9 Gtresonline<\/p>\n<p id=\"elbXd9BAIv\" data-wc=\"87\">\u201c<strong>Vivo de alquiler. Me compr\u00e9 un piso y lo vend\u00ed para pagar a Hacienda cuando estaba el se\u00f1or Montoro. Me dan ganas de pedirle los dos millones que me quit\u00f3 en ocho a\u00f1os<\/strong>\u00ab, ha afirmado. \u00ab\u00bfDos millones en ocho a\u00f1os?\u00bb, se sorprende Otero. \u00abS\u00ed, sin tener nada. Por ingresos pagaba, pero luego se me hac\u00edan inspecciones, como a muchos artistas de este pa\u00eds. De re\u00edrme nada, no me hace ninguna gracia\u00bb, replicaba Flores al ser preguntada sobre qu\u00e9 pensaba de la situaci\u00f3n actual del exministro de Hacienda.\u00a0<\/p>\n<p> <img src=\"https:\/\/www.europesays.com\/es\/wp-content\/uploads\/2025\/09\/9ce92c778dd9-dlu533282024.jpg\"   width=\"1024\" height=\"682\" loading=\"lazy\" decoding=\"async\" alt=\"Lolita Flores durante la presentaci\u00f3n de la serie de televisi\u00f3n 'Las invisibles', 31 de mayo de 2023\" fetchpriority=\"auto\" class=\"image ho-image\"\/>\u00a9 GTRESLolita Flores durante la presentaci\u00f3n de la serie de televisi\u00f3n &#8216;Las invisibles&#8217;, 31 de mayo de 2023<\/p>\n<p id=\"ejYV7jBV8f\" data-wc=\"53\">Seg\u00fan explic\u00f3 en varias entrevistas de televisi\u00f3n, estas <strong>complicaciones comenzaron tras su boda con Pablo Dur\u00e1n en 2010<\/strong>, cuando vendieron la exclusiva de su enlace. Esto provoc\u00f3 <strong>una inspecci\u00f3n fiscal que result\u00f3 en una deuda millonaria<\/strong> que no pudo afrontar en ese momento. Fue su \u00faltima pareja conocida, pues se separaron en 2015.<\/p>\n<p> <img src=\"https:\/\/www.europesays.com\/es\/wp-content\/uploads\/2025\/09\/562b9c8df8b2-dlu212240002.jpg\"   width=\"1024\" height=\"682\" loading=\"lazy\" decoding=\"async\" alt=\"Lolita Flores y Pablo Dur\u00e1n en 2012\" fetchpriority=\"auto\" class=\"image ho-image\"\/>\u00a9 \u00a9EUROIMAGENLolita Flores y Pablo Dur\u00e1n en 2012<\/p>\n<p> <img src=\"https:\/\/www.europesays.com\/es\/wp-content\/uploads\/2025\/09\/45907c9f3ffe-dlu259301003.jpg\"   width=\"1024\" height=\"682\" loading=\"lazy\" decoding=\"async\" alt=\"Lolita y Pablo Dur\u00e1n en 2014\" fetchpriority=\"auto\" class=\"image ho-image\"\/>\u00a9 \u00a9KORPALolita y Pablo Dur\u00e1n en 2014<\/p>\n<p id=\"enuqfZwMXQ\" data-wc=\"95\">\u00abVeremos como acaba Montoro, \u00bfno?\u00bb, dice la periodista. \u00abYa es muy mayor, ya tiene una edad, no va a pasar nada\u00bb, respond\u00eda Flores, molesta. \u00abO sea, que no tienes mucha esperanza de que la Justicia le ponga en su lugar\u00bb, ha continuado Otero. \u00abNo, y <strong>aunque la Justicia le ponga en su lugar, ni a m\u00ed ni a mis compa\u00f1eros de profesi\u00f3n nos van a devolver todas las inspecciones que nos han hecho sin sentido<\/strong> y el dinero que nos han quitado. Yo ahora estoy bien con Hacienda, gracias a Dios no debo nada\u00bb, admit\u00eda.\u00a0<\/p>\n<p> <img src=\"https:\/\/www.europesays.com\/es\/wp-content\/uploads\/2025\/09\/cbbdc7b0fcb9-captura-de-pantalla-2025-09-14-184451.jpg\"   width=\"1024\" height=\"536\" loading=\"lazy\" decoding=\"async\" alt=\"Lolita en 'Julia en la Onda' este domingo\" fetchpriority=\"auto\" class=\"image ho-image\"\/>\u00a9 Onda CeroLolita en &#8216;Julia en la Onda&#8217; este domingo<\/p>\n<p id=\"e7qxPcvBvq\" data-wc=\"65\">\u00ab\u00bfPero eres partidaria de pagar impuestos?\u00bb, ha querido precisar la presentadora de Julia en la Onda. \u00abPor supuesto, los pago todos los a\u00f1os, pero una cosa es pagar impuestos y otra que te hagan inspecciones sin venir a cuento y que luego<strong>\u00a0ese dinero que a ti te han quitado vaya a lugares que no tienen nada que ver con los servicios p\u00fablicos<\/strong>\u00ab, apostillaba Lolita.<\/p>\n<p>Palestina y los Flores\u00a0<\/p>\n<p id=\"ebyKqA8hpz\" data-wc=\"113\">Lolita ha admitido estar \u00abmuy feliz\u00bb por ser \u00abindependiente\u00bb y tener \u00abmi cama para m\u00ed sola, mi tele para m\u00ed sola, mi cenicero para m\u00ed sola\u00bb, aunque no le ha cerrado la puerta del todo al amor: \u00ab<strong>Un hombre de 45 o 50 a\u00f1os me vendr\u00eda muy bien<\/strong>, <strong>pero \u00e9l en su casa y yo en la m\u00eda<\/strong>\u00ab. Sus problemas con Hacienda no ha sido la \u00fanica tem\u00e1tica que Lolita Flores ha abordado en su entrevista en Julia en la Onda. La artista tambi\u00e9n ha condenado la situaci\u00f3n que se est\u00e1 dando en Gaza: <strong>\u201cNetanyahu est\u00e1 cometiendo un genocidio. Matar a 18.500 ni\u00f1os es un genocidio, es un asesino\u00bb<\/strong>, ha expresado con contundencia.<\/p>\n<p> <img src=\"https:\/\/www.europesays.com\/es\/wp-content\/uploads\/2025\/09\/f0851cec9334-a00137027.jpg\"   width=\"1024\" height=\"701\" loading=\"lazy\" decoding=\"async\" alt=\"Lola Flores con su primog\u00e9ntica Lolita\" fetchpriority=\"auto\" class=\"image ho-image\"\/>\u00a9 GTRESLola Flores con su primog\u00e9ntica Lolita<\/p>\n<p id=\"erMBmqM1MC\" data-wc=\"87\">En la entrevista tambi\u00e9n ha hablado de su hermano, Antonio Flores, que muri\u00f3 hace 30 a\u00f1os. Lolita ha revelado que su sobrina <a class=\"hm-link ho-link\" href=\"https:\/\/www.hola.com\/actualidad\/20250530835113\/el-emocionante-video-de-su-infancia-con-el-que-alba-flores-recuerda-a-su-padre-antonio-flores-en-el-30-aniversario-de-su-muerte\/\" data-mrf-recirculation=\"article-body-link\" rel=\"nofollow noopener\" target=\"_blank\">Alba est\u00e1 a punto de estrenar un documental donde se abordar\u00e1n detalles in\u00e9ditos de su fallecimiento<\/a>: \u00ab<strong>A m\u00ed me hace mucha gracia, parece que todo el mundo vive debajo de la cama de los Flores, \u00bfno?<\/strong> Saben c\u00f3mo pensamos, c\u00f3mo vivimos, si nos ponemos la flor desde las nueve de la ma\u00f1ana en la cabeza&#8230; Y no es as\u00ed\u00bb, ha dicho sobre su polifac\u00e9tica familia.<\/p>\n<p> <img src=\"https:\/\/www.europesays.com\/es\/wp-content\/uploads\/2025\/09\/386eb4a0ac01-gettyimages-159608762.jpg\"   width=\"816\" height=\"1024\" loading=\"lazy\" decoding=\"async\" alt=\"Media Image\" fetchpriority=\"auto\" class=\"image ho-image\"\/>\u00a9 Getty Images<\/p>\n","protected":false},"excerpt":{"rendered":"Lolita Flores ha hablado claro y alto sobre algunos de los aspectos m\u00e1s desconocidos de su vida. Lo&hellip;\n","protected":false},"author":2,"featured_media":115611,"comment_status":"","ping_status":"","sticky":false,"template":"","format":"standard","meta":{"footnotes":""},"categories":[174],"tags":[517,37076,255,146,147,25,24,256,38856,13525,23],"class_list":{"0":"post-115610","1":"post","2":"type-post","3":"status-publish","4":"format-standard","5":"has-post-thumbnail","7":"category-famosos","8":"tag-actualidad","9":"tag-alba-flores","10":"tag-celebrities","11":"tag-entertainment","12":"tag-entretenimiento","13":"tag-es","14":"tag-espana","15":"tag-famosos","16":"tag-lola-flores","17":"tag-lolita-flores","18":"tag-spain"},"share_on_mastodon":{"url":"","error":""},"_links":{"self":[{"href":"https:\/\/www.europesays.com\/es\/wp-json\/wp\/v2\/posts\/115610","targetHints":{"allow":["GET"]}}],"collection":[{"href":"https:\/\/www.europesays.com\/es\/wp-json\/wp\/v2\/posts"}],"about":[{"href":"https:\/\/www.europesays.com\/es\/wp-json\/wp\/v2\/types\/post"}],"author":[{"embeddable":true,"href":"https:\/\/www.europesays.com\/es\/wp-json\/wp\/v2\/users\/2"}],"replies":[{"embeddable":true,"href":"https:\/\/www.europesays.com\/es\/wp-json\/wp\/v2\/comments?post=115610"}],"version-history":[{"count":0,"href":"https:\/\/www.europesays.com\/es\/wp-json\/wp\/v2\/posts\/115610\/revisions"}],"wp:featuredmedia":[{"embeddable":true,"href":"https:\/\/www.europesays.com\/es\/wp-json\/wp\/v2\/media\/115611"}],"wp:attachment":[{"href":"https:\/\/www.europesays.com\/es\/wp-json\/wp\/v2\/media?parent=115610"}],"wp:term":[{"taxonomy":"category","embeddable":true,"href":"https:\/\/www.europesays.com\/es\/wp-json\/wp\/v2\/categories?post=115610"},{"taxonomy":"post_tag","embeddable":true,"href":"https:\/\/www.europesays.com\/es\/wp-json\/wp\/v2\/tags?post=115610"}],"curies":[{"name":"wp","href":"https:\/\/api.w.org\/{rel}","templated":true}]}}