{"id":115614,"date":"2025-09-15T01:52:08","date_gmt":"2025-09-15T01:52:08","guid":{"rendered":"https:\/\/www.europesays.com\/es\/115614\/"},"modified":"2025-09-15T01:52:08","modified_gmt":"2025-09-15T01:52:08","slug":"3-musicos-que-no-quisieron-colaborar-con-prince","status":"publish","type":"post","link":"https:\/\/www.europesays.com\/es\/115614\/","title":{"rendered":"3 m\u00fasicos que no quisieron colaborar con Prince"},"content":{"rendered":"<p>No caben dudas de que <strong>Prince<\/strong> fue una de las figuras m\u00e1s admiradas de la m\u00fasica moderna: no solo era un compositor brillante, sino que tambi\u00e9n se destacaba en su faceta de showman y por su sonido \u00fanico que supo inspirar a quienes vinieron despu\u00e9s de \u00e9l. Por eso, sorprende enterarse que <strong>algunos m\u00fasicos rechazaron colaborar con \u00e9l cuando pudieron<\/strong>.<\/p>\n<p>Gabrielle<\/p>\n<p>Una de las artistas que le dijeron \u201cno\u201d a la leyenda de Minnesota fue la cantante brit\u00e1nica <strong>Gabrielle<\/strong>. Seg\u00fan cont\u00f3, <a href=\"https:\/\/indiehoy.com\/noticias\/la-razon-por-la-que-prince-odiaba-la-industria-de-la-musica\/\" target=\"_blank\" rel=\"noreferrer noopener nofollow\">Prince<\/a> la invit\u00f3 espont\u00e1neamente a subir al escenario con \u00e9l durante un concierto en Abu Dhabi, junto a <strong>Nicole<\/strong> <strong>Scherzinger<\/strong>. Sin embargo, los nervios le jugaron una mala pasada.<\/p>\n<p>En una entrevista con The Guardian en 2024, Gabrielle confes\u00f3: \u201c<strong>Rechac\u00e9 actuar con Prince porque soy una gallina. Estaba maravillada con \u00e9l y con lo guap\u00edsima que era ella con su incre\u00edble voz, y simplemente no pod\u00eda. Me arrepiento ahora mismo y hoy lo har\u00eda, pero hay algunas cosas que son oportunidades \u00fanicas<\/strong>\u00ab. <\/p>\n<p><strong>Danny<\/strong> <strong>Elfman<\/strong><\/p>\n<p>El segundo caso es el de <strong>Danny<\/strong> <strong>Elfman<\/strong>, compositor de cine conocido por bandas sonoras como Batman, de 1989. En ese proyecto los productores le propusieron que escribiese algo en colaboraci\u00f3n con Prince, a lo que \u00e9l se neg\u00f3, tal y como reconoci\u00f3 en un di\u00e1logo con Yahoo! Entertainment all\u00e1 por 2019.<\/p>\n<p>\u201c<strong>Hubo un per\u00edodo en que los productores quer\u00edan que coescribiera una banda sonora con Prince, y simplemente no estaba dispuesto a hacerlo<\/strong>\u201d, admiti\u00f3. \u201cSab\u00eda cu\u00e1l era la banda sonora, y por mucho que me encantara la m\u00fasica de Prince, <strong>no cre\u00eda que su banda sonora fuera la adecuada para la pel\u00edcula de Batman. As\u00ed que tuve que dejarlo pasar, y luego me volvieron a invitar<\/strong>\u201d.<\/p>\n<p>Shania Twain<\/p>\n<p>Finalmente, tenemos la historia de <strong>Shania<\/strong> <strong>Twain<\/strong>, a quien <a href=\"https:\/\/indiehoy.com\/historias\/3-musicos-se-llevaban-mal-con-prince\/\" target=\"_blank\" rel=\"noreferrer noopener nofollow\">Prince<\/a> llam\u00f3 durante un momento complicado de su vida personal, tras su divorcio. Le propuso que trabajaran juntos, diciendo: \u201cShania, \u00bfpor qu\u00e9 no vienes a Paisley Park? Quiero grabar el pr\u00f3ximo \u00e1lbum de Rumours contigo\u00bb. Pero la respuesta de la cantante no fue positiva.<\/p>\n<p>\u00ab<strong>Cuando Prince me dijo eso, pens\u00e9: &#8216;\u00a1Ay, todav\u00eda no estoy divorciada! Me dejaron, pero a\u00fan no hay divorcio. Es demasiado ir\u00f3nico lo que dices&#8217;<\/strong>\u201d, relat\u00f3 en una entrevista para Apple Music en 2023. \u201cSoy una gran fan de Prince y a\u00fan no hab\u00eda encontrado mi voz. Segu\u00eda trabajando en ella. Estaba muy lejos de encontrarla. <strong>Estaba escribiendo, pero me sent\u00eda demasiado insegura para estar con \u00e9l en el estudio. Era demasiado insegura en todos los sentidos<\/strong>\u201d.<\/p>\n<p>Tambi\u00e9n record\u00f3 una regla particular que Prince exig\u00eda para trabajar en su residencia. \u00abHablo por tel\u00e9fono y no paraba de decir malas palabras, como siempre. Me dice: &#8216;Bueno, si vienes a Paisley Park, ac\u00e1 no se permiten palabrotas&#8217;. As\u00ed que fue otro golpe. Le dije &#8216;\u00a1Ay, no! Te quiero much\u00edsimo, pero no creo que pueda terminar de escribir y grabar un \u00e1lbum sin decir cosas as\u00ed en alg\u00fan momento. \u00bfQu\u00e9 me vas a hacer si digo malas palabras? \u00a1Voy a tener que quedarme en una esquina o algo as\u00ed!'\u00bb.<\/p>\n","protected":false},"excerpt":{"rendered":"No caben dudas de que Prince fue una de las figuras m\u00e1s admiradas de la m\u00fasica moderna: no&hellip;\n","protected":false},"author":2,"featured_media":115615,"comment_status":"","ping_status":"","sticky":false,"template":"","format":"standard","meta":{"footnotes":""},"categories":[170],"tags":[146,147,25,24,184,185,27679,23],"class_list":{"0":"post-115614","1":"post","2":"type-post","3":"status-publish","4":"format-standard","5":"has-post-thumbnail","7":"category-musica","8":"tag-entertainment","9":"tag-entretenimiento","10":"tag-es","11":"tag-espana","12":"tag-music","13":"tag-musica","14":"tag-prince","15":"tag-spain"},"share_on_mastodon":{"url":"","error":""},"_links":{"self":[{"href":"https:\/\/www.europesays.com\/es\/wp-json\/wp\/v2\/posts\/115614","targetHints":{"allow":["GET"]}}],"collection":[{"href":"https:\/\/www.europesays.com\/es\/wp-json\/wp\/v2\/posts"}],"about":[{"href":"https:\/\/www.europesays.com\/es\/wp-json\/wp\/v2\/types\/post"}],"author":[{"embeddable":true,"href":"https:\/\/www.europesays.com\/es\/wp-json\/wp\/v2\/users\/2"}],"replies":[{"embeddable":true,"href":"https:\/\/www.europesays.com\/es\/wp-json\/wp\/v2\/comments?post=115614"}],"version-history":[{"count":0,"href":"https:\/\/www.europesays.com\/es\/wp-json\/wp\/v2\/posts\/115614\/revisions"}],"wp:featuredmedia":[{"embeddable":true,"href":"https:\/\/www.europesays.com\/es\/wp-json\/wp\/v2\/media\/115615"}],"wp:attachment":[{"href":"https:\/\/www.europesays.com\/es\/wp-json\/wp\/v2\/media?parent=115614"}],"wp:term":[{"taxonomy":"category","embeddable":true,"href":"https:\/\/www.europesays.com\/es\/wp-json\/wp\/v2\/categories?post=115614"},{"taxonomy":"post_tag","embeddable":true,"href":"https:\/\/www.europesays.com\/es\/wp-json\/wp\/v2\/tags?post=115614"}],"curies":[{"name":"wp","href":"https:\/\/api.w.org\/{rel}","templated":true}]}}