{"id":115619,"date":"2025-09-15T01:55:13","date_gmt":"2025-09-15T01:55:13","guid":{"rendered":"https:\/\/www.europesays.com\/es\/115619\/"},"modified":"2025-09-15T01:55:13","modified_gmt":"2025-09-15T01:55:13","slug":"mas-de-40-anos-de-fisioterapia-al-servicio-de-bilbao","status":"publish","type":"post","link":"https:\/\/www.europesays.com\/es\/115619\/","title":{"rendered":"m\u00e1s de 40 a\u00f1os de fisioterapia al servicio de Bilbao"},"content":{"rendered":"<p>\n        <strong>En Euskadi, el 21% de la poblaci\u00f3n sufre dolor musculoesquel\u00e9tico cr\u00f3nico y la lumbalgia, como tipo espec\u00edfico, afecta al 14,8 %. <\/strong>Molestias recurrentes que limitan las actividades diarias, afectan a la calidad de vida y a la productividad laboral. Y es aqu\u00ed donde la fisioterapia cobra todo su sentido.\n<\/p>\n<p class=\"article-body__text \">\n        <strong>La fisioterapia es una disciplina clave en la salud que tiene como objetivo promover, mantener y recuperar la movilidad y la funcionalidad del cuerpo humano.<\/strong> A trav\u00e9s de t\u00e9cnicas espec\u00edficas, ejercicios, terapias manuales y otras intervenciones, contribuye de manera decisiva a prevenir y tratar m\u00faltiples afecciones f\u00edsicas, mejorando la calidad de vida de las personas en todas las etapas.\n<\/p>\n<p class=\"article-body__text \">\n        Este papel fundamental se ha recordado especialmente durante la <strong>reciente Semana de la Fisioterapia<\/strong>, con el testimonio de los profesionales de Cl\u00ednica Maza en el centro de Bilbao. Con m\u00e1s de 40 a\u00f1os de experiencia,<strong> esta consulta vizca\u00edna ha acompa\u00f1ado a miles de pacientes de todas las edades gracias a la formaci\u00f3n continua de su equipo, su compromiso y una cercan\u00eda inigualable con cada persona que atraviesa sus puertas.<\/strong>\n<\/p>\n<p><strong style=\"background-color: transparent;\">Direcci\u00f3n: <\/strong>Doctor Areilza N\u00ba4.1 dcha (Bilbao)<\/p>\n<p><strong style=\"background-color: transparent;\">Tel\u00e9fonos de contacto: <\/strong><a href=\"https:\/\/wa.me\/34670241014\" target=\"_blank\" class=\"link copy\" rel=\"nofollow noopener\">670 24 10 14<\/a> \/ 944 42 23 20<\/p>\n<p><strong>Email:<\/strong> info@consultamaza.es<\/p>\n<p><strong>Web:<\/strong><a href=\"https:\/\/www.consultamaza.es\/\" target=\"_blank\" class=\"link copy\" rel=\"nofollow noopener\"> https:\/\/www.consultamaza.es\/<\/a><\/p>\n<p><strong style=\"background-color: transparent;\">Instagram<\/strong>: @mazafisioterapiaosteopatia<\/p>\n<p class=\"article-body__text \">\n        \u201cEn <a href=\"https:\/\/www.consultamaza.es\/\" title=\"Consulta Maza\" rel=\"nofollow noopener\" class=\"link copy\" target=\"_blank\">Consulta Maza<\/a> trabajamos cada d\u00eda para ayudarte a moverte mejor y vivir sin dolor. Todo es posible gracias a un equipo que lleva a\u00f1os comprometido con el proyecto y con el cuidado de cada paciente\u201d, explica Borja Maza.\n<\/p>\n<p>  Un envejecimiento saludable<\/p>\n<p class=\"article-body__text \">\n        Cada 8 de septiembre se celebra el D\u00eda Mundial de la Fisioterapia, <strong>una oportunidad para reconocer la importancia de esta disciplina en el bienestar de la poblaci\u00f3n<\/strong>. La fecha busca promover la conciencia p\u00fablica sobre los beneficios de la fisioterapia y destacar el papel de los fisioterapeutas en la recuperaci\u00f3n de lesiones, la prevenci\u00f3n de discapacidades y la promoci\u00f3n de estilos de vida activos.\n<\/p>\n<p class=\"article-body__text \">\n        Este a\u00f1o, la jornada ha puesto el foco en la <strong>importancia de incorporar la fisioterapia, junto a la actividad f\u00edsica adaptada, como parte esencial de un envejecimiento saludable<\/strong>. Uno de los grandes valores de la fisioterapia es precisamente su capacidad de prevenir lesiones y complicaciones.\n<\/p>\n<p class=\"article-body__text \">\n        A trav\u00e9s de programas de ejercicios y educaci\u00f3n, los profesionales ense\u00f1an a mantener una postura correcta, fortalecer la musculatura y adoptar h\u00e1bitos que favorecen la salud f\u00edsica. Esto resulta especialmente relevante en adultos mayores, que se benefician de programas dise\u00f1ados para prevenir ca\u00eddas y conservar su autonom\u00eda con el paso de los a\u00f1os.\n<\/p>\n<p>  Calidad de vida y bienestar<\/p>\n<p class=\"article-body__text \">\n        El impacto de la fisioterapia va m\u00e1s all\u00e1 de la reducci\u00f3n del dolor y la recuperaci\u00f3n de la movilidad: <strong>tambi\u00e9n fomenta la independencia, la participaci\u00f3n social y el bienestar emociona<\/strong>l. Quienes reciben tratamiento adecuado pueden llevar una vida m\u00e1s activa y plena, disminuyendo la dependencia de medicamentos y mejorando su autoestima.\n<\/p>\n<p class=\"article-body__text \">\n        En este camino, <strong>Cl\u00ednica Maza combina t\u00e9cnicas manuales con aparatolog\u00eda innovadora<\/strong> como la diatermia, el <a href=\"https:\/\/www.laserdol.com\/\" title=\"l\u00e1ser \" rel=\"nofollow noopener\" class=\"link copy\" target=\"_blank\">l\u00e1ser <\/a>para el dolor o las<a href=\"https:\/\/www.consultamaza.es\/ondas-de-choque\/\" title=\" ondas de choque\" rel=\"nofollow noopener\" class=\"link copy\" target=\"_blank\"> ondas de choque<\/a>. Todo ello al servicio de un mismo objetivo: ayudar a cada paciente a recuperar su salud y disfrutar de una vida m\u00e1s plena.\n<\/p>\n<p class=\"article-body__text \">\n        \u201cNos gusta tratar a las personas y <strong>acompa\u00f1arlas en su proceso de mejora<\/strong>. Eso es lo que realmente nos llena de nuestra profesi\u00f3n y donde vemos los mejores resultados\u201d, subraya Borja Maza. \u201cEn nuestra consulta en Bilbao comprobamos a diario c\u00f3mo peque\u00f1as pautas de ejercicio marcan grandes diferencias. Nuestra puerta est\u00e1 siempre abierta para quienes quieran prevenir o tratar molestias, con un trato personalizado seg\u00fan las necesidades de cada paciente\u201d.<\/p>\n","protected":false},"excerpt":{"rendered":"En Euskadi, el 21% de la poblaci\u00f3n sufre dolor musculoesquel\u00e9tico cr\u00f3nico y la lumbalgia, como tipo espec\u00edfico, afecta&hellip;\n","protected":false},"author":2,"featured_media":115620,"comment_status":"","ping_status":"","sticky":false,"template":"","format":"standard","meta":{"footnotes":""},"categories":[92],"tags":[11499,988,2601,38857,25,24,17387,165,38858,166,23],"class_list":{"0":"post-115619","1":"post","2":"type-post","3":"status-publish","4":"format-standard","5":"has-post-thumbnail","7":"category-salud","8":"tag-11499","9":"tag-anos","10":"tag-bilbao","11":"tag-consulta","12":"tag-es","13":"tag-espana","14":"tag-fisioterapia","15":"tag-health","16":"tag-maza","17":"tag-salud","18":"tag-spain"},"share_on_mastodon":{"url":"","error":""},"_links":{"self":[{"href":"https:\/\/www.europesays.com\/es\/wp-json\/wp\/v2\/posts\/115619","targetHints":{"allow":["GET"]}}],"collection":[{"href":"https:\/\/www.europesays.com\/es\/wp-json\/wp\/v2\/posts"}],"about":[{"href":"https:\/\/www.europesays.com\/es\/wp-json\/wp\/v2\/types\/post"}],"author":[{"embeddable":true,"href":"https:\/\/www.europesays.com\/es\/wp-json\/wp\/v2\/users\/2"}],"replies":[{"embeddable":true,"href":"https:\/\/www.europesays.com\/es\/wp-json\/wp\/v2\/comments?post=115619"}],"version-history":[{"count":0,"href":"https:\/\/www.europesays.com\/es\/wp-json\/wp\/v2\/posts\/115619\/revisions"}],"wp:featuredmedia":[{"embeddable":true,"href":"https:\/\/www.europesays.com\/es\/wp-json\/wp\/v2\/media\/115620"}],"wp:attachment":[{"href":"https:\/\/www.europesays.com\/es\/wp-json\/wp\/v2\/media?parent=115619"}],"wp:term":[{"taxonomy":"category","embeddable":true,"href":"https:\/\/www.europesays.com\/es\/wp-json\/wp\/v2\/categories?post=115619"},{"taxonomy":"post_tag","embeddable":true,"href":"https:\/\/www.europesays.com\/es\/wp-json\/wp\/v2\/tags?post=115619"}],"curies":[{"name":"wp","href":"https:\/\/api.w.org\/{rel}","templated":true}]}}