{"id":115627,"date":"2025-09-15T02:00:10","date_gmt":"2025-09-15T02:00:10","guid":{"rendered":"https:\/\/www.europesays.com\/es\/115627\/"},"modified":"2025-09-15T02:00:10","modified_gmt":"2025-09-15T02:00:10","slug":"el-borrado-de-mensajes-lo-hacen-los-criminales-y-los-delincuentes","status":"publish","type":"post","link":"https:\/\/www.europesays.com\/es\/115627\/","title":{"rendered":"\u00abEl borrado de mensajes lo hacen los criminales y los delincuentes\u00bb"},"content":{"rendered":"<p style=\"\">Secretario general de la Plataforma C\u00edvica por la Independencia Judicial (PCIJ), dedicada a la despolitizaci\u00f3n de la Justicia y a la lucha contra la corrupci\u00f3n, el magistrado Jes\u00fas Villegas se muestra indignado con la permanencia de <a href=\"https:\/\/www.abc.es\/espana\/tribunal-supremo-abre-juicio-fiscal-general-aferra-20250910190402-nt.html\" target=\"_self\" data-voc-vtm-id=\"in-text-traffic\" title=\"\u00c1lvaro Garc\u00eda Ortiz\" rel=\"nofollow noopener\">\u00c1lvaro Garc\u00eda Ortiz<\/a> en la Fiscal\u00eda General del  &#8230; Estado tras la apertura de juicio oral contra \u00e9l. Es una muestra m\u00e1s, dice, del \u00abpisoteo\u00bb a las instituciones, a los principios del Estado de derecho. Habla alto y claro: el \u00abempecinamiento\u00bb del acusado en no dejar el cargo le da \u00abverg\u00fcenza ajena\u00bb. Y avisa de posibles vicios de nulidad. <\/p>\n<p class=\"voc-p\" style=\"\"><strong>-Parece que Garc\u00eda Ortiz sigue sin intenci\u00f3n de dejar el cargo&#8230;<\/strong><\/p>\n<p class=\"voc-p\" style=\"\">-No va a dimitir, eso est\u00e1 claro, porque la cuesti\u00f3n no es estrictamente jur\u00eddica, es una cuesti\u00f3n pol\u00edtica, y en altas esferas gubernamentales no interesa que lo haga porque se entender\u00eda como una asunci\u00f3n de culpabilidad. Adem\u00e1s, \u00e9l es un hombre del Gobierno y conviene tenerlo cerca. Lo cierto es que la permanencia de Garc\u00eda Ortiz en la Fiscal\u00eda General del Estado genera una crisis constitucional sin precedentes, un atolladero jur\u00eddico, un callej\u00f3n sin salida. \u00bfPor qu\u00e9? Pues porque el legislador no hab\u00eda pensado que esto pudiera ocurrir, por lo que en nuestra normativa no hay soluci\u00f3n a esta situaci\u00f3n, tremendamente anormal. Si en vez de ser fiscal del Estado, hubiese sido cualquier otro fiscal, en la fase procesal en la que nos encontramos ya se habr\u00eda visto obligado a dejar el cargo.<\/p>\n<p class=\"voc-p\" style=\"\"><strong>-\u00bfQu\u00e9 implicaci\u00f3n va a tener esto en el juicio?<\/strong><\/p>\n<p class=\"voc-p\" style=\"\">-Se crea una paradoja tremenda porque la posici\u00f3n estructural del fiscal que vaya al juicio es de subordinaci\u00f3n, con lo cual no hay una libertad formal, no hay un marco jur\u00eddico adecuado para que ese fiscal pueda ejercer las acciones con normalidad. Eso quiebra la confianza de los ciudadanos en la instituci\u00f3n. La jurisprudencia europea dice que cuando instituciones como la judicatura o la Fiscal\u00eda en este caso no tienen el m\u00ednimo de confianza de los ciudadanos, no pueden ejercer sus funciones de una manera imparcial e independiente. Estamos en una situaci\u00f3n grav\u00edsima. Obviamente Garc\u00eda Ortiz no va a dar a ese fiscal una instrucci\u00f3n por escrito, pero puede haber llamadas telef\u00f3nicas, conversaciones, contactos informales&#8230; Con lo cual la situaci\u00f3n es absurda, escandalosa, y ya hablo desde un punto de vista estrictamente jur\u00eddico. Ese juicio puede estar aquejado de vicios de nulidad. Si yo soy la acusaci\u00f3n particular, creo que podr\u00eda presentar un recurso de amparo y acudir posteriormente a la justicia europea para que ese juicio fuera nulo.<\/p>\n<p class=\"voc-p\" style=\"\"><strong>-La Fiscal\u00eda, desde luego, no va a acusar; no ve delito. Es la l\u00ednea que ha mantenido durante la instrucci\u00f3n.<\/strong><\/p>\n<p class=\"voc-p\" style=\"\">-\u00bfY c\u00f3mo podemos estar seguros de que si la Fiscal\u00eda no acusa lo hace por convencimiento jur\u00eddico y no por presiones? Adem\u00e1s, \u00bfqui\u00e9n es el fiscal general del Estado? Porque se supone que es la m\u00e1xima autoridad del Ministerio P\u00fablico en nuestro pa\u00eds y que su misi\u00f3n es la defensa de la legalidad, no \u00abconstruir un relato\u00bb, como \u00e9l mismo ha dicho. \u00bfEs acaso Garc\u00eda Ortiz un ap\u00e9ndice del Gobierno al servicio de determinados intereses pol\u00edticos o ideol\u00f3gicos? Es que es ofensivo.<\/p>\n<p class=\"voc-p\" style=\"\"><strong>-Desde su punto de vista, \u00bfcab\u00eda la suspensi\u00f3n de Garc\u00eda Ortiz?<\/strong><\/p>\n<p class=\"voc-p\" style=\"\">-Yo no creo que un juez de instrucci\u00f3n tenga facultades para hacerlo porque eso supone adoptar una medida muy restrictiva para la que hay que tener un t\u00edtulo legal habilitante, alg\u00fan precepto, alg\u00fan fundamento jur\u00eddico positivo. Como le dec\u00eda, estamos en un callej\u00f3n sin salida&#8230;<\/p>\n<p class=\"voc-title\">\u00abSi el fiscal general no dimite es porque al Gobierno no le interesa que lo haga\u00bb<\/p>\n<p class=\"voc-article-position__name\">Jes\u00fas Villegas<\/p>\n<p class=\"voc-article-position__employ\">Juez y miembro de la Plataforma C\u00edvica por la Independencia Judicial (PCIJ)<\/p>\n<p class=\"voc-p\" style=\"\"><strong>-Le veo muy pesimista&#8230;<\/strong><\/p>\n<p class=\"voc-p\" style=\"\">-S\u00ed, tremendamente pesimista porque el da\u00f1o que se est\u00e1 haciendo a la justicia es irreparable. Lo que est\u00e1 ocurriendo es vergonzoso. Yo no puedo entender c\u00f3mo una persona que es un jurista, que comprende lo que est\u00e1 sucediendo, porque tiene unos conocimientos de los que carecen los pol\u00edticos, se afana, se empecina en permanecer ah\u00ed. Primero, por dignidad personal. Es un funcionario de carrera, tiene un prestigio. \u00bfNo le da verg\u00fcenza que se le vea como una marioneta del Gobierno? Una persona de esa edad, que con esa posici\u00f3n, con esa formaci\u00f3n, se someta a pasar por eso a eso me hace verlo m\u00e1s como un pol\u00edtico togado que como jurista. Me produce verg\u00fcenza ajena. Y desde un punto de vista jur\u00eddico es pisotear nuestras instituciones.<\/p>\n<p class=\"voc-p\" style=\"\"><strong>-\u00bfEl borrado de mensajes es una prueba de cargo para usted?<\/strong><\/p>\n<p class=\"voc-p\" style=\"\">-A ning\u00fan investigado se le puede obligar a que aporte pruebas en su contra, eso es evidente. Sin embargo, los que tenemos un m\u00ednimo de experiencia sabemos que esto lo hacen los criminales, los delincuentes, quien tiene algo que ocultar. Mire, es que es de sentido com\u00fan. Quiero que por un momento nos bajemos del castillo de marfil de los juristas y pongamos los pies en el suelo. Si a m\u00ed ma\u00f1ana me acusan de cualquier cosa, de un asunto econ\u00f3mico, de tener material pornogr\u00e1fico en mi ordenador, de haber pegado a alguien&#8230; lo que quiero, si soy inocente, es que todo salga, que vean mis cuentas bancarias, mis correos&#8230; El inocente quiere la m\u00e1xima transparencia, que se llegue hasta el final de las cosas porque no tiene nada que esconder.<\/p>\n<p class=\"voc-p\" style=\"\"><strong>-El juez Hurtado se ha convertido en otro blanco de los ataques del Gobierno por sentar en el banquillo al fiscal general. \u00bfEstamos en el peor momento de la ofensiva contra el Poder Judicial?<\/strong><\/p>\n<p class=\"voc-p\" style=\"\">-Nos encontramos ante un Gobierno que est\u00e1 acosado por los casos de corrupci\u00f3n. Eso ha ocurrido otras veces, desde luego, porque siempre habr\u00e1 delincuentes y sinverg\u00fcenzas. Eso es as\u00ed. La peculiaridad que reviste la situaci\u00f3n en la que vivimos ahora, que la hace m\u00e1s grave en comparaci\u00f3n con otras anteriores, es que los pol\u00edticos que se ven acosados quieren cambiar el ordenamiento jur\u00eddico para protegerse. Y entonces no es el da\u00f1o de esta situaci\u00f3n concreta, sino el que se puede hacer en el futuro porque se le est\u00e1 dando ventajas a los futuros corruptos. Me da igual que sean de derechas o de izquierdas. Se est\u00e1 destruyendo nuestra arquitectura jur\u00eddica, se est\u00e1n alterando nuestras leyes procesales, cambiando las reglas del juego. Prueba de ello es la ley Bola\u00f1os, que es una bomba de relojer\u00eda en los cimientos del Estado de derecho.<strong\/><\/p>\n","protected":false},"excerpt":{"rendered":"Secretario general de la Plataforma C\u00edvica por la Independencia Judicial (PCIJ), dedicada a la despolitizaci\u00f3n de la Justicia&hellip;\n","protected":false},"author":2,"featured_media":115628,"comment_status":"","ping_status":"","sticky":false,"template":"","format":"standard","meta":{"footnotes":""},"categories":[8],"tags":[17,18,2334,25,24,13,14,6987,3015,582,19357,11,16213,5782,19,20,9,10,15,16,23,12,21,22,38859],"class_list":{"0":"post-115627","1":"post","2":"type-post","3":"status-publish","4":"format-standard","5":"has-post-thumbnail","7":"category-espana","8":"tag-breaking-news","9":"tag-breakingnews","10":"tag-dimite","11":"tag-es","12":"tag-espana","13":"tag-featured-news","14":"tag-featurednews","15":"tag-fiscal","16":"tag-general","17":"tag-gobierno","18":"tag-haga","19":"tag-headlines","20":"tag-interesa","21":"tag-jesus","22":"tag-latest-news","23":"tag-latestnews","24":"tag-news","25":"tag-noticias","26":"tag-noticias-destacadas","27":"tag-noticiasdestacadas","28":"tag-spain","29":"tag-titulares","30":"tag-ultimas-noticias","31":"tag-ultimasnoticias","32":"tag-villegas"},"share_on_mastodon":{"url":"","error":""},"_links":{"self":[{"href":"https:\/\/www.europesays.com\/es\/wp-json\/wp\/v2\/posts\/115627","targetHints":{"allow":["GET"]}}],"collection":[{"href":"https:\/\/www.europesays.com\/es\/wp-json\/wp\/v2\/posts"}],"about":[{"href":"https:\/\/www.europesays.com\/es\/wp-json\/wp\/v2\/types\/post"}],"author":[{"embeddable":true,"href":"https:\/\/www.europesays.com\/es\/wp-json\/wp\/v2\/users\/2"}],"replies":[{"embeddable":true,"href":"https:\/\/www.europesays.com\/es\/wp-json\/wp\/v2\/comments?post=115627"}],"version-history":[{"count":0,"href":"https:\/\/www.europesays.com\/es\/wp-json\/wp\/v2\/posts\/115627\/revisions"}],"wp:featuredmedia":[{"embeddable":true,"href":"https:\/\/www.europesays.com\/es\/wp-json\/wp\/v2\/media\/115628"}],"wp:attachment":[{"href":"https:\/\/www.europesays.com\/es\/wp-json\/wp\/v2\/media?parent=115627"}],"wp:term":[{"taxonomy":"category","embeddable":true,"href":"https:\/\/www.europesays.com\/es\/wp-json\/wp\/v2\/categories?post=115627"},{"taxonomy":"post_tag","embeddable":true,"href":"https:\/\/www.europesays.com\/es\/wp-json\/wp\/v2\/tags?post=115627"}],"curies":[{"name":"wp","href":"https:\/\/api.w.org\/{rel}","templated":true}]}}