{"id":115633,"date":"2025-09-15T02:06:11","date_gmt":"2025-09-15T02:06:11","guid":{"rendered":"https:\/\/www.europesays.com\/es\/115633\/"},"modified":"2025-09-15T02:06:11","modified_gmt":"2025-09-15T02:06:11","slug":"copa-davis-un-adolescente-le-dio-el-triunfo-a-su-pais-y-lo-clasifico-a-las-qualifiers-por-primera-vez-en-su-historia","status":"publish","type":"post","link":"https:\/\/www.europesays.com\/es\/115633\/","title":{"rendered":"Copa Davis: un adolescente le dio el triunfo a su pa\u00eds y lo clasific\u00f3 a las Qualifiers por primera vez en su historia"},"content":{"rendered":"<p>14  de  sep, 2025, 12:37 ET<\/p>\n<p>La <strong>Copa Davis<\/strong> ha dejado una nueva historia en los anales de la competici\u00f3n. En la ciudad de Plovdiv, <strong>Bulgaria<\/strong>, el equipo local se impuso por 3-2 frente a Finlandia y <strong>se clasific\u00f3 por primera vez en su historia a las Qualifiers.<\/strong> Pero el dato de color reside en que la figura del combinado de Europa del Este fue nada m\u00e1s ni nada menos que <strong>Alexander Vasilev<\/strong>, un adolescente de 18 a\u00f1os que viene de ser subcampe\u00f3n en el US Open juvenil.<\/p>\n<p><img class=\" lazyload lazyload\" data-image-container=\".inline-photo\" height=\"320\" width=\"570\"\/>Alexander Vasilev durante la final junior del US Open 2025.\u00a0AP Photo<\/p>\n<p>Para esta serie, los b\u00falgaros no contaron con sus tres principales raquetas: <strong>Grigor Dimitrov, Dimitar Kuzmanov e Iliyan Radulov<\/strong>. Es por eso que, de los cinco convocados, cuatro son nacidos en los a\u00f1os 2000. Frente a ese panorama, la Finlandia de Otto Virtanen, Emil Ruusuvuori y Harri Heliovaara que fue semifinalista en 2023, part\u00eda como principal candidata.<\/p>\n<p>Selecciones Editoriales<\/p>\n<p>2 Relacionado<\/p>\n<p><strong>Sin embargo, Bulgaria dio el gran batacazo con sus juveniles. <\/strong>De los cinco puntos de la serie, dos fueron ganados por <strong>Alexander Vasilev, N\u00b02 del mundo a nivel junior. <\/strong>Ambas victorias fueron ante dos tenistas con m\u00e1s experiencia, mejor ranking y que supieron ser Top 100 como Virtanen y Ruusuvuori. Lo llamativo est\u00e1 tambi\u00e9n en que el juvenil categor\u00eda 2007 se llev\u00f3 los dos duelos en sets corridos: 6-3 \/ 7-5 y 7-6 (5) y 6-4 respectivamente.<\/p>\n<p><strong>En esta definici\u00f3n tambi\u00e9n debut\u00f3 con su pa\u00eds Ivan Ivanov, de solamente 16 a\u00f1os y que es el N\u00b01 del mundo junior, adem\u00e1s de ser el vigente campe\u00f3n del US Open juvenil. <\/strong>Sin embargo su presentaci\u00f3n no fue la esperada y perdi\u00f3 por 6-2 y 6-2 ante Emiil Ruusuvuori. Y en cuanto al dobles, punto clave de la serie, qued\u00f3 en poder de Bulgaria gracias a Petr Nesterov y Alexander Donski.<\/p>\n<p><strong>Esta victoria le permitir\u00e1 a Bulgaria disputar, por primera vez en su historia, las Qualifiers de la Copa Davis en 2026.<\/strong> Ubicada en el puesto N\u00b036 del ranking, la naci\u00f3n del sudeste europeo oscil\u00f3 entre el Grupo de Europa 1, 2 y 3 entre la d\u00e9cada del 80&#8242; y el presente, teniendo como mejor resultado las semifinales de la vieja zona Europa\/\u00c1frica, quedando a solamente dos victorias de la clasificaci\u00f3n al Grupo Mundial.<\/p>\n","protected":false},"excerpt":{"rendered":"14 de sep, 2025, 12:37 ET La Copa Davis ha dejado una nueva historia en los anales de&hellip;\n","protected":false},"author":2,"featured_media":115634,"comment_status":"","ping_status":"","sticky":false,"template":"","format":"standard","meta":{"footnotes":""},"categories":[274],"tags":[168,25,24,23,167,327,326],"class_list":{"0":"post-115633","1":"post","2":"type-post","3":"status-publish","4":"format-standard","5":"has-post-thumbnail","7":"category-tenis","8":"tag-deportes","9":"tag-es","10":"tag-espana","11":"tag-spain","12":"tag-sports","13":"tag-tenis","14":"tag-tennis"},"share_on_mastodon":{"url":"","error":""},"_links":{"self":[{"href":"https:\/\/www.europesays.com\/es\/wp-json\/wp\/v2\/posts\/115633","targetHints":{"allow":["GET"]}}],"collection":[{"href":"https:\/\/www.europesays.com\/es\/wp-json\/wp\/v2\/posts"}],"about":[{"href":"https:\/\/www.europesays.com\/es\/wp-json\/wp\/v2\/types\/post"}],"author":[{"embeddable":true,"href":"https:\/\/www.europesays.com\/es\/wp-json\/wp\/v2\/users\/2"}],"replies":[{"embeddable":true,"href":"https:\/\/www.europesays.com\/es\/wp-json\/wp\/v2\/comments?post=115633"}],"version-history":[{"count":0,"href":"https:\/\/www.europesays.com\/es\/wp-json\/wp\/v2\/posts\/115633\/revisions"}],"wp:featuredmedia":[{"embeddable":true,"href":"https:\/\/www.europesays.com\/es\/wp-json\/wp\/v2\/media\/115634"}],"wp:attachment":[{"href":"https:\/\/www.europesays.com\/es\/wp-json\/wp\/v2\/media?parent=115633"}],"wp:term":[{"taxonomy":"category","embeddable":true,"href":"https:\/\/www.europesays.com\/es\/wp-json\/wp\/v2\/categories?post=115633"},{"taxonomy":"post_tag","embeddable":true,"href":"https:\/\/www.europesays.com\/es\/wp-json\/wp\/v2\/tags?post=115633"}],"curies":[{"name":"wp","href":"https:\/\/api.w.org\/{rel}","templated":true}]}}