{"id":115635,"date":"2025-09-15T02:07:06","date_gmt":"2025-09-15T02:07:06","guid":{"rendered":"https:\/\/www.europesays.com\/es\/115635\/"},"modified":"2025-09-15T02:07:06","modified_gmt":"2025-09-15T02:07:06","slug":"champan-al-principio-y-botes-de-humo-al-final-analisis-etapa-21-vuelta-a-espana-ciclismo","status":"publish","type":"post","link":"https:\/\/www.europesays.com\/es\/115635\/","title":{"rendered":"Champ\u00e1n al principio y botes de humo al final (An\u00e1lisis etapa 21) | Vuelta a Espa\u00f1a &#8211; Ciclismo"},"content":{"rendered":"<ol>\n<li><a href=\"https:\/\/news.google.com\/rss\/articles\/CBMiakFVX3lxTE5mU3BZQ2xxVVhlWXlzZUMtLXdubjhSVXpBckxqSXEyMVdEREgzdF9XcFhHLTUycXFGakdFRkFhai10M3RHVHc0d1NOSjIxaFJ5dVdNc19TMWJxT0x0MktrVDE2SF9fVE1COVE?oc=5\" target=\"_blank\" rel=\"nofollow noopener\">Champ\u00e1n al principio y botes de humo al final (An\u00e1lisis etapa 21) | Vuelta a Espa\u00f1a<\/a>&nbsp;&nbsp;Ciclismo<\/li>\n<li><a href=\"https:\/\/news.google.com\/rss\/articles\/CBMi2gNBVV95cUxQTjl1ZV9VRUVqRUdUZnRyUjUxTTBtODhSVVpqMVJxdGNaRS1IaHFJYjktQnQ3Z1JsWTZYa2JQTFhLcTF4VGlqVGZxdDRIV3dZRS1hTHp5aXIyQnBQYjlqYUpSalhVU2FRS1Q5SlVVM25VUVFnVWVmcmFfcGVRdjRyTkhWS2pxS241RC03YnM4b1hJS3VxUFNxME5HTGtqRXEzcUNqSDRwRVhUSUc0ak0zbWE0QVp1aHYxMlFWSVJIUEdscDhqbnhXeFJVY0hrTmpDOEtieFV3ZTUtcURRVFRURko1b2dmSENSQW5YRnhZdndyNndUdllNQTkyUWtOeGdlZFV0V1RHNXdJVHliUlltNTJaaEJ5VTBieEdJN0daeGZFczN1WE50VEFUVEpsc1VIamVKUWVYWXJNRU0tSzNhMUdPaGJscHR2VF9nZTlqS2R1Wm51VHdmMEZRdEttaE00TjZ3Y0xRMzJUV05nRUt0Szdzam8zUDVTY1JtdnFnMGdUMHlWTENvV1dKSzkzV3hxVkR3NkphcFBjNGRJVXhGUkhJM00ycnBtV1dlSnVhRk82eDczeUF4M1FKTVNucGRzSVcxa0V0cko2Sm0wa2k3T1U0ZG1oTEJITnc?oc=5\" target=\"_blank\" rel=\"nofollow noopener\">Plan de movilidad de la \u00faltima etapa de la &#8216;Vuelta Ciclista a Espa\u00f1a 2025&#8217;<\/a>&nbsp;&nbsp;Ayuntamiento de Madrid<\/li>\n<li><a href=\"https:\/\/news.google.com\/rss\/articles\/CBMizgFBVV95cUxQWHhWZ3NzYzRja09rT1IyV20wd3VXTG9DMEFoVVAwSnVQUFd0Tmotc0pTSUplY0g4eGRsTGxEMVNUd2lFZE5LSm5xX3Itc3JuUnJIeFVCY3BuaC12NUNlUUhYUEZqR190dTR0cHdhdHVaNS01X2haT3c2M0x2NXpOWnFNY1IwM1dYRTRPTkU2M0djNTZ3SnVnOUcwWVJud2xwaU9TaDFmZ3ZnVUIzXzNhQ09vc2o2TVdxNTVBazdSMU15OEd5ZzJHRlI2U0hGdw?oc=5\" target=\"_blank\" rel=\"nofollow noopener\">\u00daltima etapa de la Vuelta a Espa\u00f1a en directo: Alalpardo &#8211; Madrid<\/a>&nbsp;&nbsp;El Mundo<\/li>\n<li><a href=\"https:\/\/news.google.com\/rss\/articles\/CBMisgFBVV95cUxQcnhsUXZHUzJ3WTdNcEVJM3ZlNGxJVTlVWG8wTlBDRXFyTlc0ODdZdUFaSUY5ZURTOWN1UzZQTElsWFp3clhnTG1jcVk5LVFLR3JzT0l2eDdhd0xqNXBEQTNNam1FekUxQlFhN05DU1JpSUZGYTZINHZMQ0NXcVJhSDZnSHMxNlQ4MWh2ZjZXclR4WHRDVzJSZzItaF81VXlzdjZyQnpMVk1xVGtpY2R5UlVR0gGyAUFVX3lxTFB2SktSTmFIaTQ0dDc0b3c4OE9RNHBpV2plZ3F0ZzhBNnJ1Q1d3MWVObDdkTzJKSWEwVXlNMXh3bGN0d0M3M3VPRWRfdU1yVVFKTngyM01NWEhSODRzRnFfXzdkZjRENmdQTk5pSHR2eUdGWU0teDl1M19oZmdSOTJiVWJlLTBlMDhWa2lPU3NZYURnZmJCT2NxOER5bFpJU08zaTVKOWxnUDFnb08xTXlfNEE?oc=5\" target=\"_blank\" rel=\"nofollow noopener\">Perfil, recorrido, hora y d\u00f3nde ver la Etapa 21 de la Vuelta a Espa\u00f1a entre Alalpardo y Madrid<\/a>&nbsp;&nbsp;RTVE.es<\/li>\n<li><a href=\"https:\/\/news.google.com\/rss\/articles\/CBMijAFBVV95cUxNYjlhQzFGd05pbHhkODJnZGZ4Z0lpZDJMVkstT0EzaEl0TzRzREVsckNidnJTeTFSSjBFREZSblFpeG1JU19vbkYxY3c3djBVX1QwVmhhN2ZPNFk4eUdLMGExM211dUhTODVMOHNIZVlyZ0RmTEEwOHR1MTVpUmtsS2lORWdRVUtkTEQyUA?oc=5\" target=\"_blank\" rel=\"nofollow noopener\">La Vuelta, ma\u00f1ana pasar\u00e1 por Alcobendas y Sanse en su etapa final<\/a>&nbsp;&nbsp;pressnorte.com<\/li>\n<\/ol>\n","protected":false},"excerpt":{"rendered":"Champ\u00e1n al principio y botes de humo al final (An\u00e1lisis etapa 21) | Vuelta a Espa\u00f1a&nbsp;&nbsp;Ciclismo Plan de&hellip;\n","protected":false},"author":2,"featured_media":115636,"comment_status":"","ping_status":"","sticky":false,"template":"","format":"standard","meta":{"footnotes":""},"categories":[273],"tags":[27828,25313,38862,11579,7264,4860,313,777,19913,312,168,987,38860,38861,5996,622,25,24,314,1142,1157,4712,74,1783,5586,205,16734,697,30888,2599,17656,33611,1786,23,167,17765,6271,1885,1357],"class_list":{"0":"post-115635","1":"post","2":"type-post","3":"status-publish","4":"format-standard","5":"has-post-thumbnail","7":"category-ciclismo","8":"tag-abrupta","9":"tag-alejada","10":"tag-apoderarse","11":"tag-caos","12":"tag-capital","13":"tag-carrera","14":"tag-ciclismo","15":"tag-ciudad","16":"tag-contra","17":"tag-cycling","18":"tag-deportes","19":"tag-despues","20":"tag-detuviesen","21":"tag-empezaba","22":"tag-entrar","23":"tag-equipo","24":"tag-es","25":"tag-espana","26":"tag-etapa","27":"tag-forma","28":"tag-imagen","29":"tag-inicio","30":"tag-israel","31":"tag-la","32":"tag-lleno","33":"tag-madrid","34":"tag-manifestantes","35":"tag-medio","36":"tag-muy","37":"tag-participacion","38":"tag-premier","39":"tag-propalestinos","40":"tag-recorrido","41":"tag-spain","42":"tag-sports","43":"tag-tech","44":"tag-termino","45":"tag-ultima","46":"tag-vuelta"},"share_on_mastodon":{"url":"","error":""},"_links":{"self":[{"href":"https:\/\/www.europesays.com\/es\/wp-json\/wp\/v2\/posts\/115635","targetHints":{"allow":["GET"]}}],"collection":[{"href":"https:\/\/www.europesays.com\/es\/wp-json\/wp\/v2\/posts"}],"about":[{"href":"https:\/\/www.europesays.com\/es\/wp-json\/wp\/v2\/types\/post"}],"author":[{"embeddable":true,"href":"https:\/\/www.europesays.com\/es\/wp-json\/wp\/v2\/users\/2"}],"replies":[{"embeddable":true,"href":"https:\/\/www.europesays.com\/es\/wp-json\/wp\/v2\/comments?post=115635"}],"version-history":[{"count":0,"href":"https:\/\/www.europesays.com\/es\/wp-json\/wp\/v2\/posts\/115635\/revisions"}],"wp:featuredmedia":[{"embeddable":true,"href":"https:\/\/www.europesays.com\/es\/wp-json\/wp\/v2\/media\/115636"}],"wp:attachment":[{"href":"https:\/\/www.europesays.com\/es\/wp-json\/wp\/v2\/media?parent=115635"}],"wp:term":[{"taxonomy":"category","embeddable":true,"href":"https:\/\/www.europesays.com\/es\/wp-json\/wp\/v2\/categories?post=115635"},{"taxonomy":"post_tag","embeddable":true,"href":"https:\/\/www.europesays.com\/es\/wp-json\/wp\/v2\/tags?post=115635"}],"curies":[{"name":"wp","href":"https:\/\/api.w.org\/{rel}","templated":true}]}}