{"id":115654,"date":"2025-09-15T02:20:07","date_gmt":"2025-09-15T02:20:07","guid":{"rendered":"https:\/\/www.europesays.com\/es\/115654\/"},"modified":"2025-09-15T02:20:07","modified_gmt":"2025-09-15T02:20:07","slug":"encuentran-biofirmas-de-vida-en-marte","status":"publish","type":"post","link":"https:\/\/www.europesays.com\/es\/115654\/","title":{"rendered":"Encuentran biofirmas de vida en Marte"},"content":{"rendered":"<p>Tertulia Zona Cero<\/p>\n<p>Los diferentes astrof\u00edsicos y centros involucrados han estudiado unas supuestas biofirmas de vida fosilizadas en Marte que indicar\u00edan que hubo vida, al menos microbiana, hace mucho tiempo en el planeta rojo. Los resultados de estos estudios los han compartido en la revista Nature para que otros colegas aporten sus averiguaciones. De momento esto es lo \u00fanico que pueden hacer, a la espera de que la muestra pueda llegar f\u00edsicamente a la Tierra y realizar el definitivo an\u00e1lisis. <\/p>\n<p class=\"articleSignature-name\"><a href=\"https:\/\/www.ondacero.es\/autores\/silvia-casasola\/\" rel=\"nofollow noopener\" target=\"_blank\">Silvia Casasola<\/a><a class=\"articleSignature-social\" href=\"https:\/\/twitter.com\/Silvia_Casasola\" target=\"_blank\" rel=\"noopener noreferrer nofollow\" aria-label=\"twitter\"><\/a><\/p>\n<p class=\"articleSignature-datecontent\">Madrid | <strong>15.09.2025 03:48 <\/strong><\/p>\n<p><script async src=\"https:\/\/platform.twitter.com\/widgets.js\" charset=\"utf-8\"><\/script><\/p>\n","protected":false},"excerpt":{"rendered":"Tertulia Zona Cero Los diferentes astrof\u00edsicos y centros involucrados han estudiado unas supuestas biofirmas de vida fosilizadas en&hellip;\n","protected":false},"author":2,"featured_media":115655,"comment_status":"","ping_status":"","sticky":false,"template":"","format":"standard","meta":{"footnotes":""},"categories":[81],"tags":[119,123,124,25,24,117,121,122,23,118,120],"class_list":{"0":"post-115654","1":"post","2":"type-post","3":"status-publish","4":"format-standard","5":"has-post-thumbnail","7":"category-ciencia-y-tecnologia","8":"tag-ciencia","9":"tag-ciencia-y-tecnologia","10":"tag-cienciaytecnologia","11":"tag-es","12":"tag-espana","13":"tag-science","14":"tag-science-and-technology","15":"tag-scienceandtechnology","16":"tag-spain","17":"tag-technology","18":"tag-tecnologia"},"share_on_mastodon":{"url":"","error":""},"_links":{"self":[{"href":"https:\/\/www.europesays.com\/es\/wp-json\/wp\/v2\/posts\/115654","targetHints":{"allow":["GET"]}}],"collection":[{"href":"https:\/\/www.europesays.com\/es\/wp-json\/wp\/v2\/posts"}],"about":[{"href":"https:\/\/www.europesays.com\/es\/wp-json\/wp\/v2\/types\/post"}],"author":[{"embeddable":true,"href":"https:\/\/www.europesays.com\/es\/wp-json\/wp\/v2\/users\/2"}],"replies":[{"embeddable":true,"href":"https:\/\/www.europesays.com\/es\/wp-json\/wp\/v2\/comments?post=115654"}],"version-history":[{"count":0,"href":"https:\/\/www.europesays.com\/es\/wp-json\/wp\/v2\/posts\/115654\/revisions"}],"wp:featuredmedia":[{"embeddable":true,"href":"https:\/\/www.europesays.com\/es\/wp-json\/wp\/v2\/media\/115655"}],"wp:attachment":[{"href":"https:\/\/www.europesays.com\/es\/wp-json\/wp\/v2\/media?parent=115654"}],"wp:term":[{"taxonomy":"category","embeddable":true,"href":"https:\/\/www.europesays.com\/es\/wp-json\/wp\/v2\/categories?post=115654"},{"taxonomy":"post_tag","embeddable":true,"href":"https:\/\/www.europesays.com\/es\/wp-json\/wp\/v2\/tags?post=115654"}],"curies":[{"name":"wp","href":"https:\/\/api.w.org\/{rel}","templated":true}]}}