{"id":115664,"date":"2025-09-15T02:29:10","date_gmt":"2025-09-15T02:29:10","guid":{"rendered":"https:\/\/www.europesays.com\/es\/115664\/"},"modified":"2025-09-15T02:29:10","modified_gmt":"2025-09-15T02:29:10","slug":"el-analisis-del-capitan-de-italia-sobre-la-situacion-de-sinner-con-alcaraz-es-inutil","status":"publish","type":"post","link":"https:\/\/www.europesays.com\/es\/115664\/","title":{"rendered":"El an\u00e1lisis del capit\u00e1n de Italia sobre la situaci\u00f3n de Sinner con Alcaraz: \u00abEs in\u00fatil&#8230;\u00bb"},"content":{"rendered":"<p class=\"pf0\"><b><a title=\"Carlos Alcaraz\" href=\"https:\/\/www.lasexta.com\/noticias\/deportes\/tenis\/legendario-entrenador-tenis-reflexiona-crisis-alcaraz-ferrero-juan-carlos-entendio_2025091368c55f430e72636c5e8268e0.html\" target=\"_blank\" rel=\"nofollow noopener\">Carlos Alcaraz<\/a><\/b> recuper\u00f3 el <b>n\u00famero 1 del mundo<\/b> despu\u00e9s de conseguir su<b> sexto &#8216;Grand <\/b><b>Slam<\/b><b>&#8216;<\/b> tras imponerse a <b><a title=\"Jannik Sinner \" href=\"https:\/\/www.lasexta.com\/noticias\/deportes\/tenis\/vaticinan-inmediata-retirada-djokovic-veo-ganando-carlos-alcaraz-sinner_2025091168c2fb4dca99f73feeebb70b.html\" target=\"_blank\" rel=\"nofollow noopener\">Jannik Sinner <\/a><\/b>en la final del <b><a title=\"US Open\" href=\"https:\/\/www.lasexta.com\/noticias\/deportes\/tenis\/sentencia-toni-nadal-victoria-carlos-alcaraz-sinner-open_2025091068c19a1d02666d2324a4df80.html\" target=\"_blank\" rel=\"nofollow noopener\">US Open<\/a><\/b>. La victoria del murciano decanta la balanza a su favor en una rivalidad llamada a marcar el tenis durante las pr\u00f3ximas generaciones. <\/p>\n<p class=\"pf0\">El de San <b>C\u00e1ndido<\/b> solo ha conseguido sumar una victoria en los \u00faltimos ocho enfrentamientos contra Alcaraz. Una cifra que evidencia que el italiano esta en una din\u00e1mica que necesita revertir urgentemente. En este contexto, aparecen las declaraciones recogidas por &#8216;Ubetennis&#8217; de <b>Filippo Volandri<\/b>, capit\u00e1n del equipo italiano de la<b> Copa Davis<\/b> y persona cercana al entorno de <b>JannikSinner<\/b>.<\/p>\n<p class=\"pf0\">El que fuera<b> n\u00famero 25 del mundo<\/b> defend\u00eda las aspiraciones del actual del vigente campe\u00f3n de <b><a title=\"Wimbledon\" href=\"https:\/\/www.lasexta.com\/noticias\/deportes\/tenis\/alcaraz-puede-olvidar-final-wimbledon-sinner-procesar-aquello_20250807689476968180495aa51060e8.html\" target=\"_blank\" rel=\"nofollow noopener\">Wimbledon<\/a><\/b>y analizaba las claves de la final en el <b>Abierto de Estados Unidos<\/b>: \u00abEl comienzo del partido fue muy dif\u00edcil, pero Jannik lo hizo bien logrando reaccionar e igualar en el segundo. No hay muchos m\u00e1s secretos, al otro lado de la red encontr\u00f3 un oponente que fue superior, es in\u00fatil darle m\u00e1s vueltas. Conocemos a Sinner, sabemos que aprender\u00e1 de esta derrota<b>, estoy seguro de que volver\u00e1 a empezar y volver\u00e1 a ganar de nuevo<\/b>\u00ab.<\/p>\n<p class=\"pf0\">El extenista italiano continu\u00f3 ofreciendo su punto de vista: \u00abA d\u00eda de hoy, todav\u00eda sigo creyendo que <b>Sinner<\/b><b> es el mejor del mundo jugando bajo presi\u00f3n<\/b>, pero es cierto que en esta final no logr\u00f3 sostenerlo de la mejor manera\u00bb.<\/p>\n<p class=\"pf0\">Finalmente, <b>Filippo <\/b><b>Volandri<\/b> destac\u00f3 el <b>nivel de Alcaraz <\/b>y su crecimiento durante un campeonato que gan\u00f3 merecidamente. Aunque mantiene la <b>confianza en que <\/b><b>Sinner<\/b><b> renacer\u00e1<\/b>: \u00abDesde el inicio del torneo hab\u00edamos notado las mejoras y el estado de gracia de Alcaraz, centr\u00e1ndonos sobre todo en su servicio y su condici\u00f3n f\u00edsica.<\/p>\n<p class=\"pf0\">\u00abSinner percibi\u00f3 dentro de la pista que <b>su rival era m\u00e1s poderoso que \u00e9l<\/b>, que incluso sacaba mejor que \u00e9l, todo eso le fue restando confianza. El espa\u00f1ol fue mejor, nada que decir ah\u00ed, pero <b>s\u00e9 que <\/b><b>Sinner<\/b><b> volver\u00e1 para darle la vuelta a la situaci\u00f3n<\/b>\u00ab, asegura el italiano.<\/p>\n","protected":false},"excerpt":{"rendered":"Carlos Alcaraz recuper\u00f3 el n\u00famero 1 del mundo despu\u00e9s de conseguir su sexto &#8216;Grand Slam&#8216; tras imponerse a&hellip;\n","protected":false},"author":2,"featured_media":101490,"comment_status":"","ping_status":"","sticky":false,"template":"","format":"standard","meta":{"footnotes":""},"categories":[274],"tags":[168,25,24,23,167,327,326],"class_list":{"0":"post-115664","1":"post","2":"type-post","3":"status-publish","4":"format-standard","5":"has-post-thumbnail","7":"category-tenis","8":"tag-deportes","9":"tag-es","10":"tag-espana","11":"tag-spain","12":"tag-sports","13":"tag-tenis","14":"tag-tennis"},"share_on_mastodon":{"url":"","error":""},"_links":{"self":[{"href":"https:\/\/www.europesays.com\/es\/wp-json\/wp\/v2\/posts\/115664","targetHints":{"allow":["GET"]}}],"collection":[{"href":"https:\/\/www.europesays.com\/es\/wp-json\/wp\/v2\/posts"}],"about":[{"href":"https:\/\/www.europesays.com\/es\/wp-json\/wp\/v2\/types\/post"}],"author":[{"embeddable":true,"href":"https:\/\/www.europesays.com\/es\/wp-json\/wp\/v2\/users\/2"}],"replies":[{"embeddable":true,"href":"https:\/\/www.europesays.com\/es\/wp-json\/wp\/v2\/comments?post=115664"}],"version-history":[{"count":0,"href":"https:\/\/www.europesays.com\/es\/wp-json\/wp\/v2\/posts\/115664\/revisions"}],"wp:featuredmedia":[{"embeddable":true,"href":"https:\/\/www.europesays.com\/es\/wp-json\/wp\/v2\/media\/101490"}],"wp:attachment":[{"href":"https:\/\/www.europesays.com\/es\/wp-json\/wp\/v2\/media?parent=115664"}],"wp:term":[{"taxonomy":"category","embeddable":true,"href":"https:\/\/www.europesays.com\/es\/wp-json\/wp\/v2\/categories?post=115664"},{"taxonomy":"post_tag","embeddable":true,"href":"https:\/\/www.europesays.com\/es\/wp-json\/wp\/v2\/tags?post=115664"}],"curies":[{"name":"wp","href":"https:\/\/api.w.org\/{rel}","templated":true}]}}