{"id":115675,"date":"2025-09-15T02:35:10","date_gmt":"2025-09-15T02:35:10","guid":{"rendered":"https:\/\/www.europesays.com\/es\/115675\/"},"modified":"2025-09-15T02:35:10","modified_gmt":"2025-09-15T02:35:10","slug":"la-transformacion-de-una-cochiquera-en-el-casco-historico-de-sasamon-burgos-en-una-casa-rural-que-todos-querriamos-habitar","status":"publish","type":"post","link":"https:\/\/www.europesays.com\/es\/115675\/","title":{"rendered":"La transformaci\u00f3n de una cochiquera en el casco hist\u00f3rico de Sasam\u00f3n (Burgos) en una casa rural que todos querr\u00edamos habitar"},"content":{"rendered":"<p>De establo a sal\u00f3n sin perder dignidad. En tiempos de remakes y reediciones, parece l\u00f3gico que la arquitectura tambi\u00e9n se atreva con sus propias versiones extendidas. \u00bfQui\u00e9n dijo que un lugar destinado a cerdos no pod\u00eda convertirse en un refugio dom\u00e9stico con dise\u00f1o de vanguardia? Nadie. Por eso,<strong> lo que antes era una cochiquera en el casco hist\u00f3rico de Sasam\u00f3n (Burgos) hoy se presenta como una vivienda contempor\u00e1nea <\/strong>que combina la memoria rural con un modo de habitar completamente nuevo.<\/p>\n<p>El proyecto, firmado por <a href=\"https:\/\/madevarquitectos.com\/\" rel=\"nofollow noopener\" target=\"_blank\"><strong>MADE.V arquitectos<\/strong><\/a>, plantea una pregunta inc\u00f3moda y sugerente: \u00bfqu\u00e9 hacemos con los restos de la arquitectura vern\u00e1cula cuando ya no cumplen su funci\u00f3n? Su respuesta no es borrarlos ni pintarlos de blanco al estilo casa rural chic, sino todo lo contrario: ponerlos a dialogar con la contemporaneidad. Y la herramienta para lograrlo ha sido una caja de madera laminada instalada dentro del volumen existente.<\/p>\n<p><a href=\"https:\/\/www.arquitecturaydiseno.es\/decoracion\/emma-guillen-arquitecta-cama-misma-pared-que-puerta-podras-vivir-pero-es-mejor-cambiarla-posicion_12360\" data-ga4_event=\"custom_event\" data-ga4_event_name=\"click_intext\" data-ga4_link_url=\"https:\/\/www.arquitecturaydiseno.es\/decoracion\/emma-guillen-arquitecta-cama-misma-pared-que-puerta-podras-vivir-pero-es-mejor-cambiarla-posicion_12360\" data-ga4_link_text=\"emma_guillen_arquitecta_con_la_cama_en_la_misma_pared_que_la_puerta_podras_vivir_pero_es_mejor_cambiarla_de_posicion\" data-ga4_content_type=\"photo\" data-ga4_element=\"related\" rel=\"nofollow noopener\" target=\"_blank\">&#13;&#13;<img loading=\"lazy\" decoding=\"async\" src=\"https:\/\/www.europesays.com\/es\/wp-content\/uploads\/2025\/09\/emma-guillen-arquitecta_289d67d4_250910110842_600x600.webp.webp\" alt=\"Emma Guill\u00e9n, arquitecta\" class=\"lazyload\" width=\"600\" height=\"600\" data-aspectratio=\"600\/600\"\/>&#13;&#13;<\/p>\n<p class=\"epigraph\">&#13;Noticia relacionada<\/p>\n<p class=\"title\">Emma Guill\u00e9n, arquitecta: \u00abCon la cama en la misma pared que la puerta podr\u00e1s vivir, pero es mejor cambiarla de posici\u00f3n\u00bb<\/p>\n<p class=\"author-title\">Pablo S\u00e1nchez-Monta\u00f1\u00e9s Quintana<\/p>\n<p><\/a><\/p>\n","protected":false},"excerpt":{"rendered":"De establo a sal\u00f3n sin perder dignidad. En tiempos de remakes y reediciones, parece l\u00f3gico que la arquitectura&hellip;\n","protected":false},"author":2,"featured_media":115676,"comment_status":"","ping_status":"","sticky":false,"template":"","format":"standard","meta":{"footnotes":""},"categories":[173],"tags":[229,233,231,230,232,234,146,147,25,24,23],"class_list":{"0":"post-115675","1":"post","2":"type-post","3":"status-publish","4":"format-standard","5":"has-post-thumbnail","7":"category-arte-y-diseno","8":"tag-arte","9":"tag-arte-y-diseno","10":"tag-arts","11":"tag-arts-and-design","12":"tag-design","13":"tag-diseno","14":"tag-entertainment","15":"tag-entretenimiento","16":"tag-es","17":"tag-espana","18":"tag-spain"},"share_on_mastodon":{"url":"","error":""},"_links":{"self":[{"href":"https:\/\/www.europesays.com\/es\/wp-json\/wp\/v2\/posts\/115675","targetHints":{"allow":["GET"]}}],"collection":[{"href":"https:\/\/www.europesays.com\/es\/wp-json\/wp\/v2\/posts"}],"about":[{"href":"https:\/\/www.europesays.com\/es\/wp-json\/wp\/v2\/types\/post"}],"author":[{"embeddable":true,"href":"https:\/\/www.europesays.com\/es\/wp-json\/wp\/v2\/users\/2"}],"replies":[{"embeddable":true,"href":"https:\/\/www.europesays.com\/es\/wp-json\/wp\/v2\/comments?post=115675"}],"version-history":[{"count":0,"href":"https:\/\/www.europesays.com\/es\/wp-json\/wp\/v2\/posts\/115675\/revisions"}],"wp:featuredmedia":[{"embeddable":true,"href":"https:\/\/www.europesays.com\/es\/wp-json\/wp\/v2\/media\/115676"}],"wp:attachment":[{"href":"https:\/\/www.europesays.com\/es\/wp-json\/wp\/v2\/media?parent=115675"}],"wp:term":[{"taxonomy":"category","embeddable":true,"href":"https:\/\/www.europesays.com\/es\/wp-json\/wp\/v2\/categories?post=115675"},{"taxonomy":"post_tag","embeddable":true,"href":"https:\/\/www.europesays.com\/es\/wp-json\/wp\/v2\/tags?post=115675"}],"curies":[{"name":"wp","href":"https:\/\/api.w.org\/{rel}","templated":true}]}}