{"id":115687,"date":"2025-09-15T02:43:10","date_gmt":"2025-09-15T02:43:10","guid":{"rendered":"https:\/\/www.europesays.com\/es\/115687\/"},"modified":"2025-09-15T02:43:10","modified_gmt":"2025-09-15T02:43:10","slug":"ponen-tejidos-humanos-vivos-en-orbita-y-descubren-otra-razon-por-la-que-elon-musk-tendra-dificil-llevarnos-a-marte","status":"publish","type":"post","link":"https:\/\/www.europesays.com\/es\/115687\/","title":{"rendered":"Ponen tejidos humanos vivos en \u00f3rbita y descubren otra raz\u00f3n por la que Elon Musk tendr\u00e1 dif\u00edcil llevarnos a Marte"},"content":{"rendered":"\n<ul class=\"bodyList bodyList--unordered\">\n<li class=\"bodyList__item\"><a href=\"https:\/\/www.elconfidencial.com\/tecnologia\/2025-09-02\/invento-humanos-respirar-marte-1qrt_4178848\/\" target=\"_self\" rel=\"nofollow noopener\">Buenas noticias para Elon Musk: as\u00ed es el invento que permitir\u00eda al ser humano respirar en Marte<\/a><\/li>\n<li class=\"bodyList__item\"><a href=\"https:\/\/www.elconfidencial.com\/tecnologia\/ciencia\/2025-07-21\/nasa-astronautas-elon-musk-marte-dificil-1qrt_4176941\/\" target=\"_self\" rel=\"nofollow noopener\">La NASA estudia la salud de sus astronautas y descubre que Elon Musk no va a tener f\u00e1cil llevar humanos a Marte<\/a><\/li>\n<\/ul>\n<p> El env\u00edo de <strong>tejidos y c\u00e9lulas madre humanas a la \u00f3rbita terrestre baja <\/strong>ha puesto de manifiesto un fen\u00f3meno inquietante: los tejidos muestran un proceso de envejecimiento acelerado <a href=\"https:\/\/www.elconfidencial.com\/tecnologia\/ciencia\/2025-03-31\/nasa-ratones-espacio-problemas-oseos-1qrt_4098362\/\" target=\"_self\" rel=\"nofollow noopener\">bajo condiciones de microgravedad<\/a>. Este hallazgo representa un obst\u00e1culo a\u00f1adido para los planes de Elon Musk de llevar astronautas a Marte. <\/p>\n<p> La investigaci\u00f3n fue desarrollada por un equipo de la Universidad de California en San Diego, que dise\u00f1\u00f3 un avanzado <strong>sistema de biorreactores para mantener vivas y en observaci\u00f3n c\u00e9lulas madre hematopoy\u00e9ticas<\/strong>. Dichas muestras fueron transportadas en misiones de reabastecimiento de <a href=\"https:\/\/www.elconfidencial.com\/tecnologia\/2025-08-26\/spacex-starship-lanzamiento-suspendido-1hms_4196598\/\" target=\"_self\" rel=\"nofollow noopener\">SpaceX<\/a> y permanecieron entre 32 y 45 d\u00edas en la Estaci\u00f3n Espacial Internacional. <\/p>\n<p>            Efectos de la microgravedad en los tejidos humanos           <\/p>\n<p> Los resultados reflejaron un aumento en la producci\u00f3n de prote\u00ednas inflamatorias, lo que<strong> sobrecarga a las c\u00e9lulas y limita su capacidad de regeneraci\u00f3n<\/strong>. Adem\u00e1s, se identific\u00f3 un acortamiento de los tel\u00f3meros, estructuras clave en la longevidad celular, y la reactivaci\u00f3n de fragmentos de <a href=\"https:\/\/www.elconfidencial.com\/tecnologia\/ciencia\/2025-08-27\/mutacion-adn-humano-4-horas-sueno-1qrt_4125914\/\" target=\"_self\" rel=\"nofollow noopener\">ADN<\/a> que normalmente permanecen inactivos, un proceso que compromete la estabilidad gen\u00e9tica. <\/p>\n<blockquote class=\"twitter-tweet\">\n<p lang=\"en\" dir=\"ltr\">This could have implications for all of us.<a href=\"https:\/\/t.co\/QTDpOKK5iP\" rel=\"nofollow\">https:\/\/t.co\/QTDpOKK5iP<\/a><\/p>\n<p>\u2014 ScienceAlert (@ScienceAlert) <a href=\"https:\/\/twitter.com\/ScienceAlert\/status\/1966112312323891628?ref_src=twsrc%5Etfw\" rel=\"nofollow noopener\" target=\"_blank\">September 11, 2025<\/a><\/p><\/blockquote>\n<p> Estas modificaciones coinciden con <strong>cambios biol\u00f3gicos que en la Tierra suelen asociarse al envejecimiento<\/strong> y a un mayor riesgo de enfermedades. <a href=\"https:\/\/today.ucsd.edu\/story\/spaceflight-accelerates-human-stem-cell-aging-uc-san-diego-researchers-find\" target=\"_blank\" rel=\"nofollow noopener\">Tal como explic\u00f3<\/a> la doctora <a href=\"https:\/\/regenmed.ucsd.edu\/research\/jamieson-lab\/index.html\" target=\"_blank\" rel=\"nofollow noopener\">Catriona Jamieson<\/a>, \u201cel espacio es la prueba de resistencia definitiva para el cuerpo humano\u201d, una descripci\u00f3n que refuerza la importancia de proteger la salud de los astronautas en misiones prolongadas. <\/p>\n<p>            Un atisbo de esperanza           <\/p>\n<p> Los cient\u00edficos tambi\u00e9n constataron que al regresar a la Tierra, y tras cultivarse en m\u00e9dula \u00f3sea joven, <strong>parte de las alteraciones celulares comenzaron a revertirse<\/strong>. Esta observaci\u00f3n abre la posibilidad de dise\u00f1ar terapias que mitiguen el impacto de la <a href=\"https:\/\/www.elconfidencial.com\/tecnologia\/ciencia\/2025-07-21\/nasa-astronautas-elon-musk-marte-dificil-1qrt_4176941\/\" target=\"_self\" rel=\"nofollow noopener\">microgravedad<\/a> y la radiaci\u00f3n c\u00f3smica, tanto en la exploraci\u00f3n espacial como en el estudio del envejecimiento en la Tierra. <\/p>\n<p>              <img decoding=\"async\" class=\"inTextNews__img\" alt=\"Foto: sol-dispara-balas-canon-marte-1qrt\" src=\"https:\/\/www.europesays.com\/es\/wp-content\/uploads\/2025\/09\/f.elconfidencial.com\/original\/828\/fed\/093\/828fed093c17b40a0af736a90ad762ac.jpg\"  \/>     <\/p>\n<p>TE PUEDE INTERESAR<\/p>\n<p>      <a class=\"inTextNews__title\" href=\"https:\/\/www.elconfidencial.com\/tecnologia\/ciencia\/2025-06-04\/sol-dispara-balas-canon-marte-1qrt_4144435\/\" onclick=\"window.ECCO.emit(&#039;amplitude&#039;, { dataEventName: &#039;click_related_article_module&#039;, data: { related_article_url: &#039;https:\/\/www.elconfidencial.com\/tecnologia\/ciencia\/2025-06-04\/sol-dispara-balas-canon-marte-1qrt_4144435\/&#039;, related_article_author: &#039;R. Badillo&#039;, related_article_section: &#039;ciencia&#039; } })\" rel=\"nofollow noopener\" target=\"_blank\"> El Sol dispara \u00abbalas de ca\u00f1\u00f3n\u00bb a Marte y la NASA cree que eso complica mucho el gran sue\u00f1o de Elon Musk <\/a>   <\/p>\n<p>    R. Badillo   <\/p>\n<p> El trabajo, <a href=\"https:\/\/linkinghub.elsevier.com\/retrieve\/pii\/S193459092500270X\" target=\"_blank\" rel=\"nofollow noopener\">publicado en la revista Cell Stem Cell<\/a>, confirma que los viajes interplanetarios no solo enfrentan desaf\u00edos t\u00e9cnicos y de ingenier\u00eda, sino tambi\u00e9n <strong>complejas barreras biol\u00f3gicas <\/strong>que deber\u00e1n resolverse antes de pensar en una colonizaci\u00f3n marciana segura. Lo mismo se puede aplicar a los futuros intentos de establecer <a href=\"https:\/\/www.elconfidencial.com\/tecnologia\/novaceno\/2025-09-02\/cancelacion-sistema-sls-donald-trump-china_4200969\/\" target=\"_self\" rel=\"nofollow noopener\">bases humanas permanentes en la Luna<\/a>. <\/p>\n<p>         <script async src=\"https:\/\/platform.twitter.com\/widgets.js\" charset=\"utf-8\"><\/script><\/p>\n","protected":false},"excerpt":{"rendered":"Buenas noticias para Elon Musk: as\u00ed es el invento que permitir\u00eda al ser humano respirar en Marte La&hellip;\n","protected":false},"author":2,"featured_media":115688,"comment_status":"","ping_status":"","sticky":false,"template":"","format":"standard","meta":{"footnotes":""},"categories":[81],"tags":[119,123,124,25,24,117,121,122,23,118,120],"class_list":{"0":"post-115687","1":"post","2":"type-post","3":"status-publish","4":"format-standard","5":"has-post-thumbnail","7":"category-ciencia-y-tecnologia","8":"tag-ciencia","9":"tag-ciencia-y-tecnologia","10":"tag-cienciaytecnologia","11":"tag-es","12":"tag-espana","13":"tag-science","14":"tag-science-and-technology","15":"tag-scienceandtechnology","16":"tag-spain","17":"tag-technology","18":"tag-tecnologia"},"share_on_mastodon":{"url":"","error":""},"_links":{"self":[{"href":"https:\/\/www.europesays.com\/es\/wp-json\/wp\/v2\/posts\/115687","targetHints":{"allow":["GET"]}}],"collection":[{"href":"https:\/\/www.europesays.com\/es\/wp-json\/wp\/v2\/posts"}],"about":[{"href":"https:\/\/www.europesays.com\/es\/wp-json\/wp\/v2\/types\/post"}],"author":[{"embeddable":true,"href":"https:\/\/www.europesays.com\/es\/wp-json\/wp\/v2\/users\/2"}],"replies":[{"embeddable":true,"href":"https:\/\/www.europesays.com\/es\/wp-json\/wp\/v2\/comments?post=115687"}],"version-history":[{"count":0,"href":"https:\/\/www.europesays.com\/es\/wp-json\/wp\/v2\/posts\/115687\/revisions"}],"wp:featuredmedia":[{"embeddable":true,"href":"https:\/\/www.europesays.com\/es\/wp-json\/wp\/v2\/media\/115688"}],"wp:attachment":[{"href":"https:\/\/www.europesays.com\/es\/wp-json\/wp\/v2\/media?parent=115687"}],"wp:term":[{"taxonomy":"category","embeddable":true,"href":"https:\/\/www.europesays.com\/es\/wp-json\/wp\/v2\/categories?post=115687"},{"taxonomy":"post_tag","embeddable":true,"href":"https:\/\/www.europesays.com\/es\/wp-json\/wp\/v2\/tags?post=115687"}],"curies":[{"name":"wp","href":"https:\/\/api.w.org\/{rel}","templated":true}]}}