{"id":115695,"date":"2025-09-15T02:52:08","date_gmt":"2025-09-15T02:52:08","guid":{"rendered":"https:\/\/www.europesays.com\/es\/115695\/"},"modified":"2025-09-15T02:52:08","modified_gmt":"2025-09-15T02:52:08","slug":"arturo-coello-y-agustin-tapia-vuelven-a-tumbar-a-galan-y-chingotto","status":"publish","type":"post","link":"https:\/\/www.europesays.com\/es\/115695\/","title":{"rendered":"Arturo Coello y Agust\u00edn Tapia vuelven a tumbar a Gal\u00e1n y Chingotto"},"content":{"rendered":"<p data-mrf-recirculation=\"Links P\u00e1rrafos\" class=\"ue-c-article__paragraph paragraph\"><strong>Arturo Coello y Agust\u00edn Tapia no son solo la mejor pareja del planeta, sino que han demostrado que hay mucha diferencia respecto a la siguiente<\/strong>. En Roland Garros han vuelto a reafirmar su leyenda con un triunfo en el Major de Par\u00eds que <strong>sigue alargando su legado en la historia de este deporte.<\/strong><\/p>\n<p data-mrf-recirculation=\"Links P\u00e1rrafos\" class=\"ue-c-article__paragraph paragraph\">Una vez m\u00e1s, <strong>se enfrentaban a Fede Chingotto y Ale Gal\u00e1n<\/strong>. Sin embargo, al contrario que en ocasiones anteriores, ha habido una diferencia abismal entre ambas duplas. <strong>Los n\u00fameros uno estuvieron mucho m\u00e1s acertados, pasando por encima de sus rivales de principio a fin.<\/strong> Claro ejemplo de ello es el primer set, en el que Coello y Tapia sacaron su mejor versi\u00f3n.<strong> La dupla de Jorge Mart\u00ednez poco pudo hacer ante tal nivel de p\u00e1del y se march\u00f3 a los banquillos con un 6-1 en el luminoso.<\/strong><\/p>\n<p><img decoding=\"async\" width=\"680\" height=\"680\" class=\"ue-c-article__image lazyload\" alt=\"Chingotto-Gal\u00e1n y Coello-Tapia antes de la final de Par\u00eds.\" loading=\"lazy\" src=\"https:\/\/www.europesays.com\/es\/wp-content\/uploads\/2025\/09\/68c6ee65687fa.jpeg\"\/><\/p>\n<p>Chingotto-Gal\u00e1n y Coello-Tapia antes de la final de Par\u00eds.Premier Padel<\/p>\n<p data-mrf-recirculation=\"Links P\u00e1rrafos\" class=\"ue-c-article__paragraph paragraph\">Ven\u00edan de sufrir Arturo y Agust\u00edn en semifinales. Durante toda la semana daba la sensaci\u00f3n de que no estaban del todo c\u00f3modos. <strong>Las condiciones, especialmente lentas, invitaban a pensar que pod\u00eda ser una gran oportunidad para Chingotto y Gal\u00e1n.<\/strong> Los n\u00fameros dos, por su parte, ven\u00edan de cuajar una actuaci\u00f3n espectacular ante Coki y Yangas. Sin embargo, <strong>fue saltar a la Philippe Chatrier y el panorama fue completamente diferente. <\/strong>Los &#8216;Golden Boys&#8217; estaban incre\u00edblemente inspirados y &#8216;Chingal\u00e1n&#8217;, nublados.<\/p>\n<p data-mrf-recirculation=\"Links P\u00e1rrafos\" class=\"ue-c-article__paragraph paragraph\">Pese a que la diferencia sigui\u00f3 siendo muy notoria, <strong>el segundo set tuvo algo m\u00e1s de igualdad<\/strong>. Coello y Tapia empezaron a fallar un poco m\u00e1s, mientras que Ale y Fede sacaban sus servicios con dificultades. M\u00e1s all\u00e1 de alguna pelota de ruptura, <strong>en ning\u00fan momento tuvieron la oportunidad de darle la vuelta al partido<\/strong>, pero pudieron maquillar el resultado para que la sangr\u00eda no fuera tan grande como parec\u00eda en un principio.<\/p>\n<p data-mrf-recirculation=\"Links P\u00e1rrafos\" class=\"ue-c-article__paragraph paragraph\">Finalmente, <strong>Arturo y Agust\u00edn se proclamaron campeones del Major de Par\u00eds con un 6-1\/6-4<\/strong> que les reafirma como los mejores jugadores del mundo.<\/p>\n<p>Par\u00eds vuelve a reafirmar su reinado<\/p>\n<p data-mrf-recirculation=\"Links P\u00e1rrafos\" class=\"ue-c-article__paragraph paragraph\">La capital francesa se est\u00e1 convirtiendo en un aut\u00e9ntico talism\u00e1n para el argentino y el vallisoletano.<strong> Es la tercera vez consecutiva que se coronan campeones en Roland Garros<\/strong>, un escenario que ya forma parte de su leyenda y donde han vuelto a tocar la gloria. Este nuevo t\u00edtulo no solo reafirma su dominio, sino que les permite dar otro paso firme en la clasificaci\u00f3n, alej\u00e1ndose a\u00fan m\u00e1s de sus perseguidores. <strong>Ten\u00edan ante s\u00ed la posibilidad de dejar pr\u00e1cticamente sentenciado su reinado en 2025, y no han desaprovechado la ocasi\u00f3n.<\/strong><\/p>\n<p><img decoding=\"async\" width=\"1600\" height=\"2000\" class=\"ue-c-article__image lazyload\" alt=\"Coello y Tapia, visiblemente emocionados tras coronarse en Par\u00eds.\" loading=\"lazy\" src=\"https:\/\/www.europesays.com\/es\/wp-content\/uploads\/2025\/09\/68c6eea62823e.jpeg\"\/><\/p>\n<p>Coello y Tapia, visiblemente emocionados tras coronarse en Par\u00eds.Premier Padel<\/p>\n<p data-mrf-recirculation=\"Links P\u00e1rrafos\" class=\"ue-c-article__paragraph paragraph\">Con este triunfo, <strong>las opciones de Chingotto y Gal\u00e1n de acercarse a los &#8216;Golden Boys&#8217; se reducen de forma dr\u00e1stica.<\/strong> Par\u00eds era una de sus \u00faltimas balas para reabrir la pelea, pero han vuelto a tropezar con la misma piedra.<strong> El balance entre ambas parejas refleja la distancia real que existe hoy en d\u00eda entre los n\u00famero uno y el resto.<\/strong> Todav\u00eda quedan torneos importantes antes del Tour Finals de Barcelona, pero<strong> este cuento empieza a sonar cada vez m\u00e1s a un inevitable \u201ccolor\u00edn colorado\u201d.<\/strong><\/p>\n","protected":false},"excerpt":{"rendered":"Arturo Coello y Agust\u00edn Tapia no son solo la mejor pareja del planeta, sino que han demostrado que&hellip;\n","protected":false},"author":2,"featured_media":115696,"comment_status":"","ping_status":"","sticky":false,"template":"","format":"standard","meta":{"footnotes":""},"categories":[274],"tags":[168,25,24,23,167,327,326],"class_list":{"0":"post-115695","1":"post","2":"type-post","3":"status-publish","4":"format-standard","5":"has-post-thumbnail","7":"category-tenis","8":"tag-deportes","9":"tag-es","10":"tag-espana","11":"tag-spain","12":"tag-sports","13":"tag-tenis","14":"tag-tennis"},"share_on_mastodon":{"url":"","error":""},"_links":{"self":[{"href":"https:\/\/www.europesays.com\/es\/wp-json\/wp\/v2\/posts\/115695","targetHints":{"allow":["GET"]}}],"collection":[{"href":"https:\/\/www.europesays.com\/es\/wp-json\/wp\/v2\/posts"}],"about":[{"href":"https:\/\/www.europesays.com\/es\/wp-json\/wp\/v2\/types\/post"}],"author":[{"embeddable":true,"href":"https:\/\/www.europesays.com\/es\/wp-json\/wp\/v2\/users\/2"}],"replies":[{"embeddable":true,"href":"https:\/\/www.europesays.com\/es\/wp-json\/wp\/v2\/comments?post=115695"}],"version-history":[{"count":0,"href":"https:\/\/www.europesays.com\/es\/wp-json\/wp\/v2\/posts\/115695\/revisions"}],"wp:featuredmedia":[{"embeddable":true,"href":"https:\/\/www.europesays.com\/es\/wp-json\/wp\/v2\/media\/115696"}],"wp:attachment":[{"href":"https:\/\/www.europesays.com\/es\/wp-json\/wp\/v2\/media?parent=115695"}],"wp:term":[{"taxonomy":"category","embeddable":true,"href":"https:\/\/www.europesays.com\/es\/wp-json\/wp\/v2\/categories?post=115695"},{"taxonomy":"post_tag","embeddable":true,"href":"https:\/\/www.europesays.com\/es\/wp-json\/wp\/v2\/tags?post=115695"}],"curies":[{"name":"wp","href":"https:\/\/api.w.org\/{rel}","templated":true}]}}