{"id":115699,"date":"2025-09-15T02:54:08","date_gmt":"2025-09-15T02:54:08","guid":{"rendered":"https:\/\/www.europesays.com\/es\/115699\/"},"modified":"2025-09-15T02:54:08","modified_gmt":"2025-09-15T02:54:08","slug":"formula-1-necesita-un-imbecil-por-el-bien-del-espectaculo","status":"publish","type":"post","link":"https:\/\/www.europesays.com\/es\/115699\/","title":{"rendered":"F\u00f3rmula 1 necesita un &#8216;imb\u00e9cil&#8217; por el bien del espect\u00e1culo"},"content":{"rendered":"<p>\t\t\t\t\tLo que necesitas saber:<\/p>\n<p>Christian Horner fue despedido de Red Bull en julio del 2025<\/p>\n<p>Christian Horner fue <strong><a href=\"https:\/\/www.sopitas.com\/desde-el-paddock\/christian-horner-despedido-red-bull-racing\/#:~:text=%E2%80%9CRed%20Bull%20ha%20liberado%20a,CEO%20de%20Red%20Bull%20Racing.\" target=\"_blank\" rel=\"noreferrer noopener nofollow\">\u201cliberado de sus funciones\u201d <\/a><\/strong>como director de la escuder\u00eda Red Bull el 9 de julio de 2025, despu\u00e9s del Gran Premio de Gran Breta\u00f1a y entonces el Gran Circo perdi\u00f3 en cuanto a espect\u00e1culo, aunque <strong>en M\u00e9xico muchos festejaron la forma en la que el directivo fue presa del karma<\/strong>.\u00a0<\/p>\n<p>Horner hab\u00eda jugado un papel importante en la construcci\u00f3n y el desarrollo exitoso de Red Bull en F\u00f3rmula 1 a lo largo de casi 20 a\u00f1os. <strong>Era el team principal con el mejor salario en el paddock, <\/strong>pero adem\u00e1s se convirti\u00f3 en <strong>uno de los personajes favoritos de Drive to Survive <\/strong>por su marcada rivalidad con Toto Wolff, su hom\u00f3logo en Mercedes.\u00a0<\/p>\n<p><img loading=\"lazy\" decoding=\"async\" width=\"1024\" height=\"683\" src=\"https:\/\/www.europesays.com\/es\/wp-content\/uploads\/2025\/09\/christian-horner-y-Geri-Halliwell.jpg\" alt=\"Christian Horner y Geri Halliwell\" class=\"wp-image-1791374\"\/>Christian Horner y Geri Halliwell \/ Getty<\/p>\n<p>Horner era un imb\u00e9cil: Toto Wolff<\/p>\n<p>Tras la salida de<a href=\"https:\/\/www.instagram.com\/christianhorner\/\" target=\"_blank\" rel=\"noreferrer noopener nofollow\"> Christian Horner,<\/a> <strong>Toto Wolff se qued\u00f3 sin rival y desde entonces ha permanecido solo en el ring<\/strong>, ya que no hay otro team principal que acepte el intercambio de \u201cgolpes\u201d. En general, todos los directores de equipo se llevan bien\u2026 no hay nadie como Horner.\u00a0<\/p>\n<p>\u201cHorner era directo, controvertido.<strong> Era un imb\u00e9cil y le encantaba desempe\u00f1ar ese papel. Necesitas un imb\u00e9cil.<\/strong> La gente necesita odiar a alguien\u201d, dijo Toto en el Gran Premio de Pa\u00edses Bajos, en el mes de agosto. \u201c<strong>Se port\u00f3 como imb\u00e9cil los \u00faltimos 12 o 15 a\u00f1os<\/strong>. Opera con valores completamente diferentes\u201d.\u00a0<\/p>\n<p>Toto record\u00f3 aquella ocasi\u00f3n que la rivalidad lleg\u00f3 a su punto m\u00e1s alto en 2021, cuando el t\u00edtulo de pilotos se defin\u00eda entre Max Verstappen y Lewis Hamilton y en ese contexto <strong>Horner y Wolff jugaron un papel tan importante como el de los pilotos.<\/strong><\/p>\n<p>\u201cNo se trataba solo de Max y Lewis, se trataba de Christian y de m\u00ed.\u00a0Y a veces fue muy dif\u00edcil. Siempre dec\u00eda que <strong>me encantaba odiarlo.<\/strong> Entonces,<strong>\u00a0\u00bfa qui\u00e9n odio ahora?\u201d.\u00a0<\/strong><\/p>\n<p><img loading=\"lazy\" decoding=\"async\" width=\"1500\" height=\"1000\" src=\"https:\/\/www.europesays.com\/es\/wp-content\/uploads\/2025\/09\/christian-horner-y-toto-wolff.jpg\" alt=\"Christian Horner y Toto Wolff\" class=\"wp-image-1857997\"  \/>Christian Horner y Toto Wolff \/ Getty<\/p>\n<p>David Couthard coincide en que F\u00f3rmula 1 necesita a un Horner<\/p>\n<p><strong>Horner fue sustituido por Luarent Makies,<\/strong> cuya personalidad relajada contrasta con la de su antecesor, de modo que reina la paz en el paddock. <strong>\u201cHan perdido al villano entre los jefes de equipo\u201d,<\/strong> dijo David Couthard, primer piloto de Red Bull y quien tiene una buena relaci\u00f3n con Horner.\u00a0<\/p>\n<p>Couthard coincide con las palabras de Toto Wolff de agosto, de acuerdo con Motorsport, y asegur\u00f3 que \u201c<strong>a nadie le interesa ver a dos boxeadores en el ring tomados de la mano, bes\u00e1ndose y abraz\u00e1ndose\u201d<\/strong>, en referencia a la armon\u00eda actual entre los jefes de equipo.<\/p>\n<p>\u201cFred Vasseur (Ferrari) y Toto son amigos. Zak Brown (McLaren) y esos tipos se llevan bien\u2026 <strong>somos espect\u00e1culo adem\u00e1s de deporte\u201d.<\/strong><\/p>\n<p><img loading=\"lazy\" decoding=\"async\" width=\"871\" height=\"1024\" src=\"https:\/\/www.europesays.com\/es\/wp-content\/uploads\/2025\/09\/david-coulthard-y-susie-wolff-871x1024.png\" alt=\"David Coulthard y Susie Wolff\" class=\"wp-image-1857993\"  \/>David Coulthard y Susie Wolff<\/p>\n<p>\u00bfQu\u00e9 ha pasado con Christian Horner?<\/p>\n<p><strong>Tras su salida de Red Bull, Horner fue vinculado con Cadillac, <\/strong>aunque ese rumor dur\u00f3 muy poco porque en la escuder\u00eda estadounidense se encargaron de negar categ\u00f3ricamente un inter\u00e9s.\u00a0<\/p>\n<p>Tambi\u00e9n ha sido relacionado con <strong>Alpine, principalmente por la amistad con Flavio Briatore,<\/strong> aunque en realidad no hay nada concreto por ahora y \u00e9l disfruta de un periodo de descanso con su familia en lo que llega una nueva aventura en F\u00f3rmula 1.<\/p>\n<p>\t\tTodo lo que no sab\u00edas que necesitas saber lo encuentras en Sopitas.com<\/p>\n<p>\t<script async src=\"\/\/www.instagram.com\/embed.js\"><\/script><\/p>\n","protected":false},"excerpt":{"rendered":"Lo que necesitas saber: Christian Horner fue despedido de Red Bull en julio del 2025 Christian Horner fue&hellip;\n","protected":false},"author":2,"featured_media":115700,"comment_status":"","ping_status":"","sticky":false,"template":"","format":"standard","meta":{"footnotes":""},"categories":[270],"tags":[4671,168,5333,25,24,306,271,272,23,167],"class_list":{"0":"post-115699","1":"post","2":"type-post","3":"status-publish","4":"format-standard","5":"has-post-thumbnail","7":"category-formula-1","8":"tag-christian-horner","9":"tag-deportes","10":"tag-desde-el-paddock","11":"tag-es","12":"tag-espana","13":"tag-f1","14":"tag-formula-1","15":"tag-formula1","16":"tag-spain","17":"tag-sports"},"share_on_mastodon":{"url":"","error":""},"_links":{"self":[{"href":"https:\/\/www.europesays.com\/es\/wp-json\/wp\/v2\/posts\/115699","targetHints":{"allow":["GET"]}}],"collection":[{"href":"https:\/\/www.europesays.com\/es\/wp-json\/wp\/v2\/posts"}],"about":[{"href":"https:\/\/www.europesays.com\/es\/wp-json\/wp\/v2\/types\/post"}],"author":[{"embeddable":true,"href":"https:\/\/www.europesays.com\/es\/wp-json\/wp\/v2\/users\/2"}],"replies":[{"embeddable":true,"href":"https:\/\/www.europesays.com\/es\/wp-json\/wp\/v2\/comments?post=115699"}],"version-history":[{"count":0,"href":"https:\/\/www.europesays.com\/es\/wp-json\/wp\/v2\/posts\/115699\/revisions"}],"wp:featuredmedia":[{"embeddable":true,"href":"https:\/\/www.europesays.com\/es\/wp-json\/wp\/v2\/media\/115700"}],"wp:attachment":[{"href":"https:\/\/www.europesays.com\/es\/wp-json\/wp\/v2\/media?parent=115699"}],"wp:term":[{"taxonomy":"category","embeddable":true,"href":"https:\/\/www.europesays.com\/es\/wp-json\/wp\/v2\/categories?post=115699"},{"taxonomy":"post_tag","embeddable":true,"href":"https:\/\/www.europesays.com\/es\/wp-json\/wp\/v2\/tags?post=115699"}],"curies":[{"name":"wp","href":"https:\/\/api.w.org\/{rel}","templated":true}]}}