{"id":115701,"date":"2025-09-15T02:55:07","date_gmt":"2025-09-15T02:55:07","guid":{"rendered":"https:\/\/www.europesays.com\/es\/115701\/"},"modified":"2025-09-15T02:55:07","modified_gmt":"2025-09-15T02:55:07","slug":"ridiculo-para-empezar","status":"publish","type":"post","link":"https:\/\/www.europesays.com\/es\/115701\/","title":{"rendered":"Rid\u00edculo para empezar"},"content":{"rendered":"<p class=\"paragraph\">Primera tarascada de la temporada. Extra\u00f1a, incluso imperdonable a pesar de ser pretemporada (aunque un partido oficial) pero sobre todo c\u00f3mo se produjo. El nuevo proyecto del UEMC CB Ciudad de Valladolid, en un escal\u00f3n inferior tras el descenso a Segunda FEB,  comienza como se acab\u00f3: haciendo el rid\u00edculo. Dicho y hecho. As\u00ed de crudo. Cierto es que es pretemporada, con mucho camino por recorrer a\u00fan,\u00a0 aunque la Copa de Espa\u00f1a, en palabras del club, es un objetivo prioritario. Al menos eso ha vendido al entorno, a la prensa, a los aficionados&#8230;. Pero como se demostr\u00f3 en la vecina Le\u00f3n, el equipo hizo o\u00eddos sordos, en la pista y desde el banquillo,\u00a0 a los deseos de un club que intenta resucitar herido en el orgullo deportivo y herido, m\u00e1s bien sangrado, en su maltrecha econom\u00eda.\u00a0<\/p>\n<p>            <a href=\"#\" title=\"\"><\/p>\n<p>                    <img loading=\"lazy\" decoding=\"async\" data-index=\"\" width=\"140\" height=\"140\" alt=\"Partido de exhibici\u00f3n del CBC Valladolid en Rioseco.\" data-full=\"[object Object]\" data-original=\"[object Object]\" src=\"https:\/\/imagenes.diariodevalladolid.es\/files\/related_image\/uploads\/2025\/09\/05\/68baca0204551.jpeg\" data-full-src=\"https:\/\/www.europesays.com\/es\/wp-content\/uploads\/2025\/09\/68baca0204551.jpeg\"\/><\/p>\n<p>            <\/a><\/p>\n<p class=\"paragraph\">El renovado equipo morado (ayer estrenado su segunda equipaci\u00f3n blanca y morada), fue como la gaseosa con un inicio chispeante que hizo presagiar una paliza de esc\u00e1ndalo cuando el marcador del Palacio de los Deportes de Le\u00f3n reflejaba un estratosf\u00e9rico 15-39 cuando apenas se hab\u00edan consumido 15 minutos del derbi. Nada m\u00e1s lejos de la realidad porque la diferencia estuvo en el banquillo. Mientras a Luis Castillo, t\u00e9cnico local,\u00a0 le doli\u00f3 la rid\u00edcula puesta en escena de su equipo con una desventaja que lleg\u00f3 a esos 24 puntos, el inmovilismo y pasotismo de su hom\u00f3logo David Barrio, totalmente bloqueado en el tramo final, cambi\u00f3 las tornas de un partido que mut\u00f3 del blanco al negro, de apalear a ser apaleado. Ver para creer.<\/p>\n<p class=\"paragraph\">No deber\u00eda ser excusa que faltaban dos jugadores (Mar\u00edn y Carre\u00f1o)\u00a0 como no es excusa que los jugadores estuvieran cargados de piernas. La pregunta es obligada. \u00bfPor qu\u00e9 se ha hecho una plantilla tan corta (10 jugadores)? \u00bfNo se iba a apostar por la cantera? En Le\u00f3n, Neri jug\u00f3 4 minutos, Hansen 2 y Barnes y Bello se quedaron en blanco. Palabras, solo palabras. Porque, adem\u00e1s\u00a0 el 15-39 del marcador no dec\u00eda eso. La Cultural Leonesa, solo fue fiel  a su filosof\u00eda de juego de principio a fin, intensidad al borde del correcalles, muchas posesiones  y apuesta clara por la l\u00ednea de tres puntos\u00a0 (14 de 36). Y as\u00ed, nunca perdi\u00f3 la fe, incluso ni cuando estaba siendo barrido (literal) del campo por su aparente fiero rival. Pero para eso est\u00e1n los entrenadores, para motivar, para corregir, para inventar&#8230;. Y Le\u00f3n granito a granito hizo monta\u00f1a comi\u00e9ndose poco a poco a un extra\u00f1amente inapetente rival que tampoco cont\u00f3 con ayuda externa desde la banda. Extra\u00f1o, muy extra\u00f1o. Como los toros, desde la barrera.<\/p>\n<p>Cultural y Deportiva Leonesa 96; UEMC Ciudad de Valladolid 87.<\/p>\n<ul>\n<li><b>Cultural y Deportiva Leonesa:<\/b> Deng (11), Hayman (15), Bult\u00f3 (6), Amadasun (8) y J. Llamas (15) -cinco inicial- Orenga (4), Gonz\u00e1lez (-), Cebolla (11), Dom\u00ednguez (6), Van der Heyden (5) y R. Llamas (15).<\/li>\n<li><b>UEMC CBCV Valladolid<\/b>: Isern (21), Hanna (4), Haney (16), Ordo\u00f1ez (7) y Ochi (8) -cinco inicial- Taiwo (10), Garc\u00eda-Abril (11), Neri (3), Hansen (-) y Pablo Mart\u00edn (7).<\/li>\n<li><b>\u00c1rbitros<\/b>: Pellitero y Marchiano.<\/li>\n<li>\u200b<b>Parciales cada Cuarto:<\/b>\u00a013-29; 21-23; 32-14; y 30-21.<\/li>\n<\/ul>\n<p class=\"paragraph\">Pocos, m\u00e1s bien nadie, se hubiera podido imaginar que el UEMC CBCV iba a perder el partido y menos de forma clara. La extrema dependencia de Pau Isern, el mejor con 21 puntos y 30 minutos en cancha pero un islote en la inmensidad del oc\u00e9ano, pas\u00f3 factura al conjunto vallisoletano, que pag\u00f3 tambi\u00e9n\u00a0 una floja, muy floja intensidad defensiva, en el bloqueo del rebote y sobre todo en los exteriores tras el descanso, donde Le\u00f3n mortific\u00f3 a su rival desde m\u00e1s all\u00e1 de la l\u00ednea de 6,75, con hasta siete triples  consecutivos.<\/p>\n<p class=\"paragraph\">El inaceptable parcial del tercer cuarto (32-14), unido a las p\u00e9rdidas (15),\u00a0 a una m\u00e1s que evidente\u00a0 falta de piernas y a la escasa aportaci\u00f3n de jugadores llamados a liderar el equipo, como Hanna (4 puntos en 31 minutos), ejercieron de pesada losa ante un rival con una rotaci\u00f3n m\u00e1s equitativa y&#8230; equilibrada que nunca se descompuso, ni siquiera en su pat\u00e9tico inicio de partido, y que no dud\u00f3 en apostar a todo o nada al triple.<\/p>\n<p class=\"paragraph\">La derrota o m\u00e1s bien la forma de producirse, lejos, muy lejos de esos valores que intenta recuperar el club a marchas forzadas tras el desastre de la pasada campa\u00f1a, invitan cuanto menos a la reflexi\u00f3n y se convierten en la primera llamada de atenci\u00f3n sabedores de que hay tiempo para la rectificaci\u00f3n aunque desde el club se piensa que hubiera sido mejor comenzar no perdiendo, sino no haciendo el rid\u00edculo.\u00a0<\/p>\n<p class=\"c-detail__media__subtitle\">\n<p>                Im\u00e1genes del primer partido de la Copa de Espa\u00f1a entre la Cultural Leonesa y el UEMC Ciudad de Valladolid.Virginia Moran \/ Diario de Le\u00f3n<\/p>\n<p>        Im\u00e1genes del primer partido de la Copa de Espa\u00f1a entre la Cultural Leonesa y el UEMC Ciudad de Valladolid.<\/p>\n<p class=\"c-detail__media__subtitle\">\n<p>                Im\u00e1genes del primer partido de la Copa de Espa\u00f1a entre la Cultural Leonesa y el UEMC Ciudad de Valladolid.Virginia Moran \/ Diario de Le\u00f3n<\/p>\n<p>        Im\u00e1genes del primer partido de la Copa de Espa\u00f1a entre la Cultural Leonesa y el UEMC Ciudad de Valladolid.<\/p>\n<p class=\"c-detail__media__subtitle\">\n<p>                Im\u00e1genes del primer partido de la Copa de Espa\u00f1a entre la Cultural Leonesa y el UEMC Ciudad de Valladolid.Virginia Moran \/ Diario de Le\u00f3n<\/p>\n<p>        Im\u00e1genes del primer partido de la Copa de Espa\u00f1a entre la Cultural Leonesa y el UEMC Ciudad de Valladolid.<\/p>\n<p class=\"c-detail__media__subtitle\">\n<p>                Im\u00e1genes del primer partido de la Copa de Espa\u00f1a entre la Cultural Leonesa y el UEMC Ciudad de Valladolid.Virginia Moran \/ Diario de Le\u00f3n<\/p>\n<p>        Im\u00e1genes del primer partido de la Copa de Espa\u00f1a entre la Cultural Leonesa y el UEMC Ciudad de Valladolid.<\/p>\n<p class=\"c-detail__media__subtitle\">\n<p>                Im\u00e1genes del primer partido de la Copa de Espa\u00f1a entre la Cultural Leonesa y el UEMC Ciudad de Valladolid.Virginia Moran \/ Diario de Le\u00f3n<\/p>\n<p>        Im\u00e1genes del primer partido de la Copa de Espa\u00f1a entre la Cultural Leonesa y el UEMC Ciudad de Valladolid.<\/p>\n<p class=\"c-detail__media__subtitle\">\n<p>                Im\u00e1genes del primer partido de la Copa de Espa\u00f1a entre la Cultural Leonesa y el UEMC Ciudad de Valladolid.Virginia Moran \/ Diario de Le\u00f3n<\/p>\n<p>        Im\u00e1genes del primer partido de la Copa de Espa\u00f1a entre la Cultural Leonesa y el UEMC Ciudad de Valladolid.<\/p>\n<p class=\"c-detail__media__subtitle\">\n<p>                Im\u00e1genes del primer partido de la Copa de Espa\u00f1a entre la Cultural Leonesa y el UEMC Ciudad de Valladolid.Virginia Moran \/ Diario de Le\u00f3n<\/p>\n<p>        Im\u00e1genes del primer partido de la Copa de Espa\u00f1a entre la Cultural Leonesa y el UEMC Ciudad de Valladolid.<\/p>\n<p class=\"c-detail__media__subtitle\">\n<p>                Im\u00e1genes del primer partido de la Copa de Espa\u00f1a entre la Cultural Leonesa y el UEMC Ciudad de Valladolid.Virginia Moran \/ Diario de Le\u00f3n<\/p>\n<p>        Im\u00e1genes del primer partido de la Copa de Espa\u00f1a entre la Cultural Leonesa y el UEMC Ciudad de Valladolid.<\/p>\n<p class=\"c-detail__media__subtitle\">\n<p>                Im\u00e1genes del primer partido de la Copa de Espa\u00f1a entre la Cultural Leonesa y el UEMC Ciudad de Valladolid.Virginia Moran \/ Diario de Le\u00f3n<\/p>\n<p>        Im\u00e1genes del primer partido de la Copa de Espa\u00f1a entre la Cultural Leonesa y el UEMC Ciudad de Valladolid.<\/p>\n<p class=\"c-detail__media__subtitle\">\n<p>                Im\u00e1genes del primer partido de la Copa de Espa\u00f1a entre la Cultural Leonesa y el UEMC Ciudad de Valladolid.Virginia Moran \/ Diario de Le\u00f3n<\/p>\n<p>        Im\u00e1genes del primer partido de la Copa de Espa\u00f1a entre la Cultural Leonesa y el UEMC Ciudad de Valladolid.<\/p>\n<p class=\"c-detail__media__subtitle\">\n<p>                Im\u00e1genes del primer partido de la Copa de Espa\u00f1a entre la Cultural Leonesa y el UEMC Ciudad de Valladolid.Virginia Moran \/ Diario de Le\u00f3n<\/p>\n<p>        Im\u00e1genes del primer partido de la Copa de Espa\u00f1a entre la Cultural Leonesa y el UEMC Ciudad de Valladolid.<\/p>\n<p class=\"c-detail__media__subtitle\">\n<p>                Im\u00e1genes del primer partido de la Copa de Espa\u00f1a entre la Cultural Leonesa y el UEMC Ciudad de Valladolid.Virginia Moran \/ Diario de Le\u00f3n<\/p>\n<p>        Im\u00e1genes del primer partido de la Copa de Espa\u00f1a entre la Cultural Leonesa y el UEMC Ciudad de Valladolid.<\/p>\n<p class=\"c-detail__media__subtitle\">\n<p>                Im\u00e1genes del primer partido de la Copa de Espa\u00f1a entre la Cultural Leonesa y el UEMC Ciudad de Valladolid.Virginia Moran \/ Diario de Le\u00f3n<\/p>\n<p>        Im\u00e1genes del primer partido de la Copa de Espa\u00f1a entre la Cultural Leonesa y el UEMC Ciudad de Valladolid.<\/p>\n<p class=\"c-detail__media__subtitle\">\n<p>                Im\u00e1genes del primer partido de la Copa de Espa\u00f1a entre la Cultural Leonesa y el UEMC Ciudad de Valladolid.Virginia Moran \/ Diario de Le\u00f3n<\/p>\n<p>        Im\u00e1genes del primer partido de la Copa de Espa\u00f1a entre la Cultural Leonesa y el UEMC Ciudad de Valladolid.<\/p>\n<p class=\"c-detail__media__subtitle\">\n<p>                Im\u00e1genes del primer partido de la Copa de Espa\u00f1a entre la Cultural Leonesa y el UEMC Ciudad de Valladolid.Virginia Moran \/ Diario de Le\u00f3n<\/p>\n<p>        Im\u00e1genes del primer partido de la Copa de Espa\u00f1a entre la Cultural Leonesa y el UEMC Ciudad de Valladolid.<\/p>\n<p class=\"c-detail__media__subtitle\">\n<p>                Im\u00e1genes del primer partido de la Copa de Espa\u00f1a entre la Cultural Leonesa y el UEMC Ciudad de Valladolid.Virginia Moran \/ Diario de Le\u00f3n<\/p>\n<p>        Im\u00e1genes del primer partido de la Copa de Espa\u00f1a entre la Cultural Leonesa y el UEMC Ciudad de Valladolid.<\/p>\n<p class=\"c-detail__media__subtitle\">\n<p>                Im\u00e1genes del primer partido de la Copa de Espa\u00f1a entre la Cultural Leonesa y el UEMC Ciudad de Valladolid.Virginia Moran \/ Diario de Le\u00f3n<\/p>\n<p>        Im\u00e1genes del primer partido de la Copa de Espa\u00f1a entre la Cultural Leonesa y el UEMC Ciudad de Valladolid.<\/p>\n<p class=\"c-detail__media__subtitle\">\n<p>                Im\u00e1genes del primer partido de la Copa de Espa\u00f1a entre la Cultural Leonesa y el UEMC Ciudad de Valladolid.Virginia Moran \/ Diario de Le\u00f3n<\/p>\n<p>        Im\u00e1genes del primer partido de la Copa de Espa\u00f1a entre la Cultural Leonesa y el UEMC Ciudad de Valladolid.<\/p>\n<p class=\"c-detail__media__subtitle\">\n<p>                Im\u00e1genes del primer partido de la Copa de Espa\u00f1a entre la Cultural Leonesa y el UEMC Ciudad de Valladolid.Virginia Moran \/ Diario de Le\u00f3n<\/p>\n<p>        Im\u00e1genes del primer partido de la Copa de Espa\u00f1a entre la Cultural Leonesa y el UEMC Ciudad de Valladolid.<\/p>\n<p class=\"c-detail__media__subtitle\">\n<p>                Im\u00e1genes del primer partido de la Copa de Espa\u00f1a entre la Cultural Leonesa y el UEMC Ciudad de Valladolid.Virginia Moran \/ Diario de Le\u00f3n<\/p>\n<p>        Im\u00e1genes del primer partido de la Copa de Espa\u00f1a entre la Cultural Leonesa y el UEMC Ciudad de Valladolid.<\/p>\n<p class=\"c-detail__media__subtitle\">\n<p>                Im\u00e1genes del primer partido de la Copa de Espa\u00f1a entre la Cultural Leonesa y el UEMC Ciudad de Valladolid.Virginia Moran \/ Diario de Le\u00f3n<\/p>\n<p>        Im\u00e1genes del primer partido de la Copa de Espa\u00f1a entre la Cultural Leonesa y el UEMC Ciudad de Valladolid.<\/p>\n<p class=\"c-detail__media__subtitle\">\n<p>                Im\u00e1genes del primer partido de la Copa de Espa\u00f1a entre la Cultural Leonesa y el UEMC Ciudad de Valladolid.Virginia Moran \/ Diario de Le\u00f3n<\/p>\n<p>        Im\u00e1genes del primer partido de la Copa de Espa\u00f1a entre la Cultural Leonesa y el UEMC Ciudad de Valladolid.<\/p>\n<p class=\"c-detail__media__subtitle\">\n<p>                Im\u00e1genes del primer partido de la Copa de Espa\u00f1a entre la Cultural Leonesa y el UEMC Ciudad de Valladolid.Virginia Moran \/ Diario de Le\u00f3n<\/p>\n<p>        Im\u00e1genes del primer partido de la Copa de Espa\u00f1a entre la Cultural Leonesa y el UEMC Ciudad de Valladolid.<\/p>\n<p class=\"c-detail__media__subtitle\">\n<p>                Im\u00e1genes del primer partido de la Copa de Espa\u00f1a entre la Cultural Leonesa y el UEMC Ciudad de Valladolid.Virginia Moran \/ Diario de Le\u00f3n<\/p>\n<p>        Im\u00e1genes del primer partido de la Copa de Espa\u00f1a entre la Cultural Leonesa y el UEMC Ciudad de Valladolid.<\/p>\n<p class=\"c-detail__media__subtitle\">\n<p>                Im\u00e1genes del primer partido de la Copa de Espa\u00f1a entre la Cultural Leonesa y el UEMC Ciudad de Valladolid.Virginia Moran \/ Diario de Le\u00f3n<\/p>\n<p>        Im\u00e1genes del primer partido de la Copa de Espa\u00f1a entre la Cultural Leonesa y el UEMC Ciudad de Valladolid.<\/p>\n<p class=\"c-detail__media__subtitle\">\n<p>                Im\u00e1genes del primer partido de la Copa de Espa\u00f1a entre la Cultural Leonesa y el UEMC Ciudad de Valladolid.Virginia Moran \/ Diario de Le\u00f3n<\/p>\n<p>        Im\u00e1genes del primer partido de la Copa de Espa\u00f1a entre la Cultural Leonesa y el UEMC Ciudad de Valladolid.<\/p>\n<p class=\"c-detail__media__subtitle\">\n<p>                Im\u00e1genes del primer partido de la Copa de Espa\u00f1a entre la Cultural Leonesa y el UEMC Ciudad de Valladolid.Virginia Moran \/ Diario de Le\u00f3n<\/p>\n<p>        Im\u00e1genes del primer partido de la Copa de Espa\u00f1a entre la Cultural Leonesa y el UEMC Ciudad de Valladolid.<\/p>\n<p class=\"c-detail__media__subtitle\">\n<p>                Im\u00e1genes del primer partido de la Copa de Espa\u00f1a entre la Cultural Leonesa y el UEMC Ciudad de Valladolid.Virginia Moran \/ Diario de Le\u00f3n<\/p>\n<p>        Im\u00e1genes del primer partido de la Copa de Espa\u00f1a entre la Cultural Leonesa y el UEMC Ciudad de Valladolid.<\/p>\n<p class=\"c-detail__media__subtitle\">\n<p>                Im\u00e1genes del primer partido de la Copa de Espa\u00f1a entre la Cultural Leonesa y el UEMC Ciudad de Valladolid.Virginia Moran \/ Diario de Le\u00f3n<\/p>\n<p>        Im\u00e1genes del primer partido de la Copa de Espa\u00f1a entre la Cultural Leonesa y el UEMC Ciudad de Valladolid.<\/p>\n<p class=\"c-detail__media__subtitle\">\n<p>                Im\u00e1genes del primer partido de la Copa de Espa\u00f1a entre la Cultural Leonesa y el UEMC Ciudad de Valladolid.Virginia Moran \/ Diario de Le\u00f3n<\/p>\n<p>        Im\u00e1genes del primer partido de la Copa de Espa\u00f1a entre la Cultural Leonesa y el UEMC Ciudad de Valladolid.<\/p>\n<p class=\"c-detail__media__subtitle\">\n<p>                Im\u00e1genes del primer partido de la Copa de Espa\u00f1a entre la Cultural Leonesa y el UEMC Ciudad de Valladolid.Virginia Moran \/ Diario de Le\u00f3n<\/p>\n<p>        Im\u00e1genes del primer partido de la Copa de Espa\u00f1a entre la Cultural Leonesa y el UEMC Ciudad de Valladolid.<\/p>\n<p class=\"c-detail__media__subtitle\">\n<p>                Im\u00e1genes del primer partido de la Copa de Espa\u00f1a entre la Cultural Leonesa y el UEMC Ciudad de Valladolid.Virginia Moran \/ Diario de Le\u00f3n<\/p>\n<p>        Im\u00e1genes del primer partido de la Copa de Espa\u00f1a entre la Cultural Leonesa y el UEMC Ciudad de Valladolid.<\/p>\n","protected":false},"excerpt":{"rendered":"Primera tarascada de la temporada. Extra\u00f1a, incluso imperdonable a pesar de ser pretemporada (aunque un partido oficial) pero&hellip;\n","protected":false},"author":2,"featured_media":115702,"comment_status":"","ping_status":"","sticky":false,"template":"","format":"standard","meta":{"footnotes":""},"categories":[269],"tags":[299,298,168,25,24,3923,38869,531,23,167],"class_list":{"0":"post-115701","1":"post","2":"type-post","3":"status-publish","4":"format-standard","5":"has-post-thumbnail","7":"category-baloncesto","8":"tag-baloncesto","9":"tag-basketball","10":"tag-deportes","11":"tag-es","12":"tag-espana","13":"tag-federacion-espanola-de-baloncesto","14":"tag-jose-antonio-otero-parra","15":"tag-once","16":"tag-spain","17":"tag-sports"},"share_on_mastodon":{"url":"","error":""},"_links":{"self":[{"href":"https:\/\/www.europesays.com\/es\/wp-json\/wp\/v2\/posts\/115701","targetHints":{"allow":["GET"]}}],"collection":[{"href":"https:\/\/www.europesays.com\/es\/wp-json\/wp\/v2\/posts"}],"about":[{"href":"https:\/\/www.europesays.com\/es\/wp-json\/wp\/v2\/types\/post"}],"author":[{"embeddable":true,"href":"https:\/\/www.europesays.com\/es\/wp-json\/wp\/v2\/users\/2"}],"replies":[{"embeddable":true,"href":"https:\/\/www.europesays.com\/es\/wp-json\/wp\/v2\/comments?post=115701"}],"version-history":[{"count":0,"href":"https:\/\/www.europesays.com\/es\/wp-json\/wp\/v2\/posts\/115701\/revisions"}],"wp:featuredmedia":[{"embeddable":true,"href":"https:\/\/www.europesays.com\/es\/wp-json\/wp\/v2\/media\/115702"}],"wp:attachment":[{"href":"https:\/\/www.europesays.com\/es\/wp-json\/wp\/v2\/media?parent=115701"}],"wp:term":[{"taxonomy":"category","embeddable":true,"href":"https:\/\/www.europesays.com\/es\/wp-json\/wp\/v2\/categories?post=115701"},{"taxonomy":"post_tag","embeddable":true,"href":"https:\/\/www.europesays.com\/es\/wp-json\/wp\/v2\/tags?post=115701"}],"curies":[{"name":"wp","href":"https:\/\/api.w.org\/{rel}","templated":true}]}}