{"id":115717,"date":"2025-09-15T03:05:07","date_gmt":"2025-09-15T03:05:07","guid":{"rendered":"https:\/\/www.europesays.com\/es\/115717\/"},"modified":"2025-09-15T03:05:07","modified_gmt":"2025-09-15T03:05:07","slug":"las-estrellas-de-la-television-deslumbran-en-la-alfombra-roja-de-los-emmy","status":"publish","type":"post","link":"https:\/\/www.europesays.com\/es\/115717\/","title":{"rendered":"Las Estrellas De La Televisi\u00f3n Deslumbran En La Alfombra Roja De Los Emmy"},"content":{"rendered":"<p data-type=\"paragraph\" data=\"[object Object]\">Las mayores estrellas de la televisi\u00f3n caminaron por la alfombra roja el domingo bajo un brillante sol de septiembre para los premios Emmy, el primero de muchos eventos que marcar\u00e1n las tendencias de la moda rumbo a los \u00d3scar.<\/p>\n<p data-type=\"paragraph\" data=\"[object Object]\" class=\"emotion-1akm6h5-Paragraph e1e4oisd0\">Aqu\u00ed algunos de los mejores atuendos vistos en el Teatro Peacock de Los \u00c1ngeles:<\/p>\n<p data-type=\"paragraph\" data=\"[object Object]\" class=\"emotion-1akm6h5-Paragraph e1e4oisd0\">Selena Gomez, quien protagoniza \u00abOnly Murders in the Building\u00bb de Hulu, lleg\u00f3 del brazo de su prometido, el productor musical Benny Blanco, ataviada con un vestido rojo sin mangas firmado por Louis Vuitton, de largo completo, con una abertura y una cola amplia.<\/p>\n<p data-type=\"paragraph\" data=\"[object Object]\" class=\"emotion-1akm6h5-Paragraph e1e4oisd0\">Sydney Sweeney, la estrella de \u00abEuphoria\u00bb quien presenta este domingo uno de los premios, tambi\u00e9n deslumbr\u00f3 con un impresionante vestido del mismo tono sin tirantes, de pronunciado escote y abundantes diamantes.<\/p>\n<p data-type=\"paragraph\" data=\"[object Object]\" class=\"emotion-1akm6h5-Paragraph e1e4oisd0\">Pedro Pascal, nominado a mejor actor dram\u00e1tico por \u00abThe Last of Us\u00bb, eman\u00f3 sofisticaci\u00f3n con un traje crema de doble botonadura, lentes de sol y una incipiente barba.<\/p>\n<p data-type=\"paragraph\" data=\"[object Object]\" class=\"emotion-1akm6h5-Paragraph e1e4oisd0\">Gwendoline Christie, nominada por el thriller de oficina de ciencia ficci\u00f3n \u00abSeverance\u00bb y quien tambi\u00e9n protagoniza la reinvenci\u00f3n de la familia Addams de Netflix \u00abWednesday\u00bb, impresion\u00f3 con un traje ajustado p\u00e1lido de Tom Ford y el cabello peinado hacia atr\u00e1s para mayor dramatismo.<\/p>\n<p data-type=\"paragraph\" data=\"[object Object]\" class=\"emotion-1akm6h5-Paragraph e1e4oisd0\">Tramell Tillman, quien gan\u00f3 el Emmy por mejor actor de reparto en un drama por \u00abSeverance\u00bb, tambi\u00e9n luci\u00f3 elegante en blanco, acompa\u00f1ado de un broche brillante para completar el conjunto.<\/p>\n<p data-type=\"paragraph\" data=\"[object Object]\" class=\"emotion-1akm6h5-Paragraph e1e4oisd0\">A diferencia de la mayor\u00eda de las premiaciones de Hollywood, los Emmy no se celebran en invierno, sino cuando el oto\u00f1o est\u00e1 por comenzar. Y la paleta de colores que se vio en la alfombra roja lo reflej\u00f3.<\/p>\n<p data-type=\"paragraph\" data=\"[object Object]\" class=\"emotion-1akm6h5-Paragraph e1e4oisd0\">Una de quienes se unieron a la tendencia oto\u00f1al fue la ganadora del \u00d3scar Kathy Bates, nominada a mejor actriz dram\u00e1tica por la nueva versi\u00f3n de CBS del drama legal \u00abMatlock\u00bb. Luci\u00f3 regia con un vestido largo marr\u00f3n con mangas largas y un corpi\u00f1o drapeado.<\/p>\n<p data-type=\"paragraph\" data=\"[object Object]\" class=\"emotion-1akm6h5-Paragraph e1e4oisd0\">Seth Rogen, ganador del Emmy a mejor actor de comedia por su s\u00e1tira man\u00edaca de la industria \u00abThe Studio\u00bb, us\u00f3 un esmoquin de terciopelo color \u00f3xido.<\/p>\n<p data-type=\"paragraph\" data=\"[object Object]\" class=\"emotion-1akm6h5-Paragraph e1e4oisd0\">Lisa, cantante de Blackpink, quien debut\u00f3 como actriz en la tercera temporada de \u00abThe White Lotus\u00bb, se present\u00f3 con un vestido escultural rosa sin hombros que dej\u00f3 ver mucha pierna y se extend\u00eda con una larga falda giratoria de cintas de tul.<\/p>\n<p data-type=\"paragraph\" data=\"[object Object]\" class=\"emotion-1akm6h5-Paragraph e1e4oisd0\">Su compa\u00f1era de reparto Aimee Lee Wood tambi\u00e9n sorprendi\u00f3 en rosa con un vestido sin tirantes y un corpi\u00f1o que revelaba un destello de rojo.<\/p>\n<p data-type=\"paragraph\" data=\"[object Object]\" class=\"emotion-1akm6h5-Paragraph e1e4oisd0\">Y Julianne Nicholson, ya ganadora del Emmy a mejor actriz invitada en una comedia por \u00abHacks\u00bb, apareci\u00f3 encantadora con un vestido magenta sin tirantes con un escote cuadrado.<\/p>\n<p data-type=\"paragraph\" data=\"[object Object]\" class=\"emotion-1akm6h5-Paragraph e1e4oisd0\">La guerra en Gaza ciertamente estaba en la mente de algunos asistentes a los Emmy.<\/p>\n<p data-type=\"paragraph\" data=\"[object Object]\" class=\"emotion-1akm6h5-Paragraph e1e4oisd0\">Megan Stalter, una de las estrellas revelaci\u00f3n de \u00abHacks\u00bb, lleg\u00f3 casual con una camiseta blanca y jeans&#8230; aunque su bolsa habl\u00f3 por su pinta con el mensaje \u00ab\u00a1Cese el fuego!\u00bb escrito sobre una cinta adhesiva blanca.<\/p>\n<p data-type=\"paragraph\" data=\"[object Object]\" class=\"emotion-1akm6h5-Paragraph e1e4oisd0\">Y Javier Bardem, nominado a mejor actor de reparto en una miniserie por \u00abMonstruos: La historia de Lyle y Erik Men\u00e9ndez\u00bb, llevaba una kufiya palestina blanco y negro alrededor de su cuello.<\/p>\n<p data-type=\"paragraph\" data=\"[object Object]\" class=\"emotion-1akm6h5-Paragraph e1e4oisd0\">\u00abSoy el \u00fanico, pero no soy el \u00fanico. Mucha gente me est\u00e1 dando su apoyo en susurros, y yo digo, no susurres, dilo en voz alta\u00bb, coment\u00f3 el actor espa\u00f1ol sobre su respaldo a los palestinos, en rechazo a lo que llam\u00f3 un \u00abr\u00e9gimen de apartheid\u00bb israel\u00ed, al ser preguntado por periodistas sobre su kufiya.<\/p>\n<p data-type=\"paragraph\" data=\"[object Object]\" class=\"emotion-1akm6h5-Paragraph e1e4oisd0\">sst\/jgc\/atm\/arm<\/p>\n","protected":false},"excerpt":{"rendered":"Las mayores estrellas de la televisi\u00f3n caminaron por la alfombra roja el domingo bajo un brillante sol de&hellip;\n","protected":false},"author":2,"featured_media":108739,"comment_status":"","ping_status":"","sticky":false,"template":"","format":"standard","meta":{"footnotes":""},"categories":[91],"tags":[115,38874,146,147,25,24,260,1023,843,23,116,807],"class_list":{"0":"post-115717","1":"post","2":"type-post","3":"status-publish","4":"format-standard","5":"has-post-thumbnail","7":"category-entretenimiento","8":"tag-eeuu","9":"tag-emmy","10":"tag-entertainment","11":"tag-entretenimiento","12":"tag-es","13":"tag-espana","14":"tag-gente","15":"tag-moda","16":"tag-premio","17":"tag-spain","18":"tag-synd","19":"tag-television"},"share_on_mastodon":{"url":"","error":""},"_links":{"self":[{"href":"https:\/\/www.europesays.com\/es\/wp-json\/wp\/v2\/posts\/115717","targetHints":{"allow":["GET"]}}],"collection":[{"href":"https:\/\/www.europesays.com\/es\/wp-json\/wp\/v2\/posts"}],"about":[{"href":"https:\/\/www.europesays.com\/es\/wp-json\/wp\/v2\/types\/post"}],"author":[{"embeddable":true,"href":"https:\/\/www.europesays.com\/es\/wp-json\/wp\/v2\/users\/2"}],"replies":[{"embeddable":true,"href":"https:\/\/www.europesays.com\/es\/wp-json\/wp\/v2\/comments?post=115717"}],"version-history":[{"count":0,"href":"https:\/\/www.europesays.com\/es\/wp-json\/wp\/v2\/posts\/115717\/revisions"}],"wp:featuredmedia":[{"embeddable":true,"href":"https:\/\/www.europesays.com\/es\/wp-json\/wp\/v2\/media\/108739"}],"wp:attachment":[{"href":"https:\/\/www.europesays.com\/es\/wp-json\/wp\/v2\/media?parent=115717"}],"wp:term":[{"taxonomy":"category","embeddable":true,"href":"https:\/\/www.europesays.com\/es\/wp-json\/wp\/v2\/categories?post=115717"},{"taxonomy":"post_tag","embeddable":true,"href":"https:\/\/www.europesays.com\/es\/wp-json\/wp\/v2\/tags?post=115717"}],"curies":[{"name":"wp","href":"https:\/\/api.w.org\/{rel}","templated":true}]}}