{"id":115728,"date":"2025-09-15T03:15:15","date_gmt":"2025-09-15T03:15:15","guid":{"rendered":"https:\/\/www.europesays.com\/es\/115728\/"},"modified":"2025-09-15T03:15:15","modified_gmt":"2025-09-15T03:15:15","slug":"ganan-en-roland-garros-su-tercer-major-de-la-temporada","status":"publish","type":"post","link":"https:\/\/www.europesays.com\/es\/115728\/","title":{"rendered":"ganan en Roland Garros su tercer Major de la temporada"},"content":{"rendered":"<p data-mrf-recirculation=\"Links P\u00e1rrafos\" class=\"ue-c-article__paragraph paragraph\"><strong>No es casualidad que Gemma Triay y Delfi Brea est\u00e9n en lo m\u00e1s alto del ranking.<\/strong> Nadie les ha regalado nada y hoy lo han vuelto a demostrar en la Philippe Chatrier.<strong> La menorquina y la argentina firmaron un aut\u00e9ntico recital para conquistar su tercer Major de la temporada<\/strong>, un t\u00edtulo que las acerca mucho a su gran objetivo: sellar de forma matem\u00e1tica su condici\u00f3n de mejores jugadoras de 2025.<\/p>\n<p data-mrf-recirculation=\"Links P\u00e1rrafos\" class=\"ue-c-article__paragraph paragraph\">Enfrente estaban <strong>Marta Ortega y Tamara Icardo, dos jugadoras que llegaban lanzadas tras una semana espectacular<\/strong>. Hab\u00edan eliminado a las n\u00famero tres en cuartos y a las n\u00famero dos en semifinales, en una trayectoria similar a la de Di Nenno y Augsburger en Madrid. Sin embargo, <strong>Triay y Brea frenaron su sue\u00f1o en seco y evitaron que culminaran la \u00e9pica en Par\u00eds.<\/strong><\/p>\n<p><img decoding=\"async\" width=\"1440\" height=\"1800\" class=\"ue-c-article__image lazyload\" alt=\"Gemma y Delfi celebrando en Roland Garros.\" loading=\"lazy\" src=\"https:\/\/www.europesays.com\/es\/wp-content\/uploads\/2025\/09\/68c6d1af4a370.jpeg\"\/><\/p>\n<p>Gemma y Delfi celebrando en Roland Garros.Premier Padel<\/p>\n<p data-mrf-recirculation=\"Links P\u00e1rrafos\" class=\"ue-c-article__paragraph paragraph\">Desde el inicio se percibi\u00f3 que las n\u00famero uno estaban m\u00e1s c\u00f3modas. <strong>Las condiciones, muy lentas, favorec\u00edan a Delfi, que supo manejar los tiempos a la perfecci\u00f3n. <\/strong>La drive mantuvo un exigente duelo cruzado con Marta, pero los altibajos de la madrile\u00f1a inclinaron la balanza en los momentos clave. <strong>Gemma, por su parte, entendi\u00f3 que sus mejores golpes perd\u00edan eficacia en Roland Garros y opt\u00f3 por aportar volumen de juego para someter a Icardo.<\/strong><\/p>\n<p data-mrf-recirculation=\"Links P\u00e1rrafos\" class=\"ue-c-article__paragraph paragraph\">El primer set fue un pulso igualado. <strong>Ortega e Icardo dispusieron de varias opciones, con roturas que parec\u00edan encaminarlas hacia el parcial<\/strong>. Pero entonces emergi\u00f3 el \u201cplus\u201d competitivo de Gemma y Delfi, capaces de revertir la situaci\u00f3n cuando todo parec\u00eda cuesta arriba. Ese impulso marc\u00f3 el inicio de la segunda manga, donde <strong>las n\u00famero uno aceleraron y, como un martillo, fueron encadenando puntos hasta desesperar a las n\u00famero cinco.<\/strong> Finalmente, dos breaks sentenciaron la final con <strong>un 7-5 y 6-2 que las proclam\u00f3 campeonas del Par\u00eds Major.<\/strong><\/p>\n<p>Tres de tres<\/p>\n<p data-mrf-recirculation=\"Links P\u00e1rrafos\" class=\"ue-c-article__paragraph paragraph\">Esta victoria <strong>las acerca de forma decisiva a su gran objetivo: terminar el a\u00f1o en lo m\u00e1s alto del ranking mundial. <\/strong>Aunque a\u00fan quedan muchos puntos en juego, la brecha con sus perseguidoras se ha vuelto enorme. Ari S\u00e1nchez y Paula Josemar\u00eda contin\u00faan lejos de su mejor nivel, mientras que Claudia Fern\u00e1ndez y Bea Gonz\u00e1lez desperdiciaron una oportunidad clave.<strong> El resultado: un escenario cada vez m\u00e1s favorable para los intereses de Gemma y Delfi, que siguen escribiendo su propia historia.<\/strong><\/p>\n<p data-mrf-recirculation=\"Links P\u00e1rrafos\" class=\"ue-c-article__paragraph paragraph\">Con el t\u00edtulo conquistado en la capital francesa,<strong> la balear y la argentina suman ya su tercer Major de la temporada. <\/strong>Tres de tres.<strong>\u00a0<\/strong>Son los torneos que m\u00e1s pesan en el calendario, los que marcan la diferencia entre buenas y aut\u00e9nticas campeonas\u2026 y en todos ellos han salido victoriosas. <strong>En Doha se intu\u00eda el inicio de un cambio de ciclo, en Roma lo confirmaron y en Par\u00eds lo han consagrado.<\/strong><\/p>\n<p data-mrf-recirculation=\"Links P\u00e1rrafos\" class=\"ue-c-article__paragraph paragraph\">Todav\u00eda queda M\u00e9xico, pero tras levantar los t\u00edtulos m\u00e1s prestigiosos del curso, parece casi una misi\u00f3n imposible que se les escape la corona del p\u00e1del femenino. Porque <strong>Triay y Brea no solo son las n\u00famero uno en el ranking: tambi\u00e9n lo son en la pista, donde han demostrado que su hegemon\u00eda va mucho m\u00e1s all\u00e1 de los n\u00fameros.<\/strong><\/p>\n","protected":false},"excerpt":{"rendered":"No es casualidad que Gemma Triay y Delfi Brea est\u00e9n en lo m\u00e1s alto del ranking. Nadie les&hellip;\n","protected":false},"author":2,"featured_media":115729,"comment_status":"","ping_status":"","sticky":false,"template":"","format":"standard","meta":{"footnotes":""},"categories":[274],"tags":[168,25,24,23,167,327,326],"class_list":{"0":"post-115728","1":"post","2":"type-post","3":"status-publish","4":"format-standard","5":"has-post-thumbnail","7":"category-tenis","8":"tag-deportes","9":"tag-es","10":"tag-espana","11":"tag-spain","12":"tag-sports","13":"tag-tenis","14":"tag-tennis"},"share_on_mastodon":{"url":"","error":""},"_links":{"self":[{"href":"https:\/\/www.europesays.com\/es\/wp-json\/wp\/v2\/posts\/115728","targetHints":{"allow":["GET"]}}],"collection":[{"href":"https:\/\/www.europesays.com\/es\/wp-json\/wp\/v2\/posts"}],"about":[{"href":"https:\/\/www.europesays.com\/es\/wp-json\/wp\/v2\/types\/post"}],"author":[{"embeddable":true,"href":"https:\/\/www.europesays.com\/es\/wp-json\/wp\/v2\/users\/2"}],"replies":[{"embeddable":true,"href":"https:\/\/www.europesays.com\/es\/wp-json\/wp\/v2\/comments?post=115728"}],"version-history":[{"count":0,"href":"https:\/\/www.europesays.com\/es\/wp-json\/wp\/v2\/posts\/115728\/revisions"}],"wp:featuredmedia":[{"embeddable":true,"href":"https:\/\/www.europesays.com\/es\/wp-json\/wp\/v2\/media\/115729"}],"wp:attachment":[{"href":"https:\/\/www.europesays.com\/es\/wp-json\/wp\/v2\/media?parent=115728"}],"wp:term":[{"taxonomy":"category","embeddable":true,"href":"https:\/\/www.europesays.com\/es\/wp-json\/wp\/v2\/categories?post=115728"},{"taxonomy":"post_tag","embeddable":true,"href":"https:\/\/www.europesays.com\/es\/wp-json\/wp\/v2\/tags?post=115728"}],"curies":[{"name":"wp","href":"https:\/\/api.w.org\/{rel}","templated":true}]}}