{"id":115730,"date":"2025-09-15T03:16:08","date_gmt":"2025-09-15T03:16:08","guid":{"rendered":"https:\/\/www.europesays.com\/es\/115730\/"},"modified":"2025-09-15T03:16:08","modified_gmt":"2025-09-15T03:16:08","slug":"tadej-pogacar-cede-la-victoria-a-brandon-mcnulty-en-el-gran-premio-de-montreal","status":"publish","type":"post","link":"https:\/\/www.europesays.com\/es\/115730\/","title":{"rendered":"Tadej Pogacar cede la victoria a Brandon McNulty en el Gran Premio de Montreal"},"content":{"rendered":"<p>&#13;<br \/>\n&#13;<\/p>\n<p><img loading=\"lazy\" decoding=\"async\" src=\"https:\/\/www.europesays.com\/es\/wp-content\/uploads\/2025\/09\/brandon-mcnulty-y-pogacar-gp-montreal-2025-tes-ciclismo.jpg\" width=\"556\" height=\"418\" class=\"setborder\" alt=\"Tadej Pogacar cede la victoria a Brandon McNulty en el Gran Premio de Montreal\" title=\"Tadej Pogacar cede la victoria a Brandon McNulty en el Gran Premio de Montreal\"\/><br \/>\n&#13;<br \/>\n&#13;<br \/>\n&#13;<br \/>\n<a href=\"https:\/\/www.esciclismo.com\/actualidad\/esciclismo\/\" rel=\"nofollow noopener\" target=\"_blank\">EsCiclismo.com<\/a> \u00b7 <a href=\"https:\/\/www.esciclismo.com\/actualidad\/carretera\/\" rel=\"nofollow noopener\" target=\"_blank\">Competici\u00f3n Carretera<\/a>  \u00b7 14\/09\/2025<\/p>\n<p>El ciclista estadounidense Brandon McNulty (UAE Emirates-XRG) se ha impuesto este domingo en la 14\u00aa edici\u00f3n del Gran Premio de Montreal, prueba del calendario UCI WorldTour disputada sobre 213,3 exigentes kil\u00f3metros con salida y llegada en la ciudad canadiense. El corredor de Phoenix se llev\u00f3 la victoria tras culminar una larga escapada final junto a su compa\u00f1ero de equipo Tadej Pogacar, quien le cedi\u00f3 la victoria en los \u00faltimos metros en un emotivo gesto de compa\u00f1erismo.<\/p>\n<p>&#13;<br \/>\nDomino del UAE Emirates-XRG en una jornada de alta exigencia&#13;<\/p>\n<p>La carrera, marcada por su exigente perfil con 4.190 metros de desnivel positivo acumulado, vivi\u00f3 m\u00faltiples movimientos desde los primeros kil\u00f3metros. El ritmo impuesto por el UAE Emirates-XRG en el pelot\u00f3n fue selectivo desde lejos, con Nils Politt, Tim Wellens y Pavel Sivakov trabajando para endurecer la jornada.<\/p>\n<p>&#13;<\/p>\n<p><b id=\"P2\"\/>Las hostilidades decisivas comenzaron a menos de 40 kil\u00f3metros para la meta, cuando Pogacar lanz\u00f3 un ataque selectivo que solo pudo seguir Louis Barr\u00e9 (Intermarch\u00e9-Wanty), aunque posteriormente el estadounidense Brandon McNulty logr\u00f3 enlazar con el esloveno. Ambos rodaron juntos durante los \u00faltimos 16 kil\u00f3metros, consolidando una diferencia que lleg\u00f3 al minuto y medio respecto a sus perseguidores. En la recta de meta, Pogacar se apart\u00f3 y permiti\u00f3 que McNulty cruzara la l\u00ednea de llegada como vencedor, sumando su 18\u00aa victoria como profesional.<\/p>\n<p>&#13;<\/p>\n<p>El podio lo complet\u00f3 el tambi\u00e9n estadounidense Quinn Simmons (Lidl-Trek), que lleg\u00f3 a 1:03, mientras que Neilson Powless (EF Education-EasyPost) fue cuarto y Adam Yates (UAE Emirates-XRG), quinto, tras una s\u00f3lida actuaci\u00f3n del conjunto emirat\u00ed que coloc\u00f3 a cuatro hombres entre los once primeros.<\/p>\n<p>&#13;<br \/>\nAlex Aranburu, el mejor espa\u00f1ol&#13;<\/p>\n<p>El mejor espa\u00f1ol en la l\u00ednea de meta fue Alex Aranburu (Cofidis), octavo a 2 minutos y 57 segundos del vencedor, en una jornada en la que Pello Bilbao sufri\u00f3 un problema mec\u00e1nico en la parte final que le priv\u00f3 de luchar por las posiciones delanteras. Ion Izagirre, tambi\u00e9n con los colores del Cofidis, firm\u00f3 una meritoria 13\u00aa posici\u00f3n.<\/p>\n<p>&#13;<br \/>\nBrandon McNulty: \u00abFue un d\u00eda incre\u00edble\u00bb&#13;<\/p>\n<p>\u00abGanar el Gran Premio de Montreal cruzando la meta con Tadej Pogacar, el mejor ciclista del mundo y mi compa\u00f1ero de equipo, ser\u00e1 un momento \u00fanico en mi carrera. Fue un d\u00eda incre\u00edble\u00bb, declar\u00f3 Brandon McNulty tras su triunfo. \u00abA cuatro vueltas del final me preguntaron si pod\u00eda lanzar un ataque en solitario. Lo intent\u00e9 y nos fuimos cuatro por delante. Luego, tras el ataque de Tadej, consegu\u00ed soltar a Quinn Simmons y pude volver a conectar con \u00e9l. Estar los dos en cabeza fue muy especial. Esta victoria tambi\u00e9n nos permite igualar el r\u00e9cord de victorias en una temporada para el equipo, algo muy gratificante despu\u00e9s de quedarnos cerca el a\u00f1o pasado. Ahora queremos superarlo antes de que acabe la temporada.\u00bb<\/p>\n<p>&#13;<br \/>\nTadej Pogacar: \u00abEstoy muy feliz de ver a Brandon ganar aqu\u00ed\u00bb&#13;<\/p>\n<p>Por su parte, Tadej Pogacar celebr\u00f3 el triunfo de su compa\u00f1ero. \u00abEstoy muy feliz de ver a Brandon ganar aqu\u00ed. Estuvo fort\u00edsimo, como todo el equipo hoy. Redujimos muy r\u00e1pido el pelot\u00f3n con un ritmo fuerte desde el inicio. Yo di la se\u00f1al para que \u00e9l probara a cuatro vueltas del final, luego le alcanc\u00e9. Y cuando me qued\u00e9 solo en el pen\u00faltimo giro, decid\u00ed esperarlo al ver que no estaba lejos. Una vez juntos, estaba claro que la victoria se quedar\u00eda entre nosotros\u00bb. El esloveno destac\u00f3 tambi\u00e9n el trabajo colectivo de su escuadra: \u00abEsta temporada es incre\u00edble para el equipo. Muchos corredores han levantado los brazos (ya van 20 diferentes), cada uno ha sabido aprovechar su oportunidad. Es el fruto de un enorme trabajo colectivo\u00bb.<\/p>\n<p>&#13;<br \/>\nQuinn Simmons: \u00abSer batido por Brandon y Tadej es todo un honor\u00bb&#13;<\/p>\n<p>Tercero en la llegada, Quinn Simmons destac\u00f3 la dureza de la jornada. \u00abHa sido una de las carreras de un d\u00eda m\u00e1s exigentes de mi trayectoria. El equipo de Pogacar y McNulty ven\u00eda con ganas de revancha tras lo de Quebec, y lo consiguieron con autoridad. Felicidades a ellos\u00bb, se\u00f1al\u00f3 el estadounidense de Lidl-Trek. \u00abSer batido por Brandon y Tadej es todo un honor. Es mi mejor resultado en una carrera UCI WorldTour de un d\u00eda, un paso importante en mi carrera. Y adem\u00e1s, subir al podio junto a otro estadounidense, con el maillot de campe\u00f3n nacional en el pecho, hace que esta jornada sea a\u00fan m\u00e1s especial\u00bb.<\/p>\n<p>&#13;<br \/>\nMcNulty sucede a Pogacar en un palmar\u00e9s de lujo&#13;<\/p>\n<p>Con esta victoria, Brandon McNulty sucede a su compa\u00f1ero Tadej Pogacar en el palmar\u00e9s de la carrera canadiense, y se une a una selecta lista de ganadores que incluye nombres como Adam Yates (2023), Greg Van Avermaet (2016 y 2019), Michael Matthews (2018), Diego Ulissi (2017), Tim Wellens (2015) o Simon Gerrans (2014).<\/p>\n<p>&#13;<\/p>\n<blockquote class=\"twitter-tweet\" data-media-max-width=\"560\">\n<p lang=\"es\" dir=\"ltr\">\ud83c\udf08\ud83e\udd70 Tadej Pogacar, un campe\u00f3n todav\u00eda m\u00e1s GRANDE este domingo en Montr\u00e9al (<a href=\"https:\/\/twitter.com\/GPCQM?ref_src=twsrc%5Etfw\" rel=\"nofollow noopener\" target=\"_blank\">@GPCQM<\/a>)El maillot arco\u00edris despide por ahora su prenda regalando a McNulty el triunfo \ud83c\udf81\ud83e\udd1dEs la 8\ufe0f\u20e35\ufe0f\u20e3 de UAE, igualando el r\u00e9cord hist\u00f3rico\ud83d\udcfa Lo viste en Eurosport y <a href=\"https:\/\/twitter.com\/StreamMaxES?ref_src=twsrc%5Etfw\" rel=\"nofollow noopener\" target=\"_blank\">@StreamMaxES<\/a>. <a href=\"https:\/\/twitter.com\/hashtag\/LaCasaDelCiclismo?src=hash&amp;ref_src=twsrc%5Etfw\" rel=\"nofollow noopener\" target=\"_blank\">#LaCasaDelCiclismo<\/a> <a href=\"https:\/\/t.co\/ftOtHTq7t3\" rel=\"nofollow\">pic.twitter.com\/ftOtHTq7t3<\/a><\/p>\n<p>\u2014 Eurosport.es (@Eurosport_ES) <a href=\"https:\/\/twitter.com\/Eurosport_ES\/status\/1967310502771536014?ref_src=twsrc%5Etfw\" rel=\"nofollow noopener\" target=\"_blank\">September 14, 2025<\/a><\/p><\/blockquote>\n<p> &#13;<br \/>\nMontreal, epicentro del ciclismo mundial&#13;<\/p>\n<p>Creado en 2010 como parte del bloque norteamericano del calendario WorldTour, el Gran Premio de Montreal se ha consolidado como una de las cl\u00e1sicas m\u00e1s exigentes fuera de Europa. El trazado, con sus m\u00faltiples ascensiones por vuelta y un final en subida, anticipa las exigencias del pr\u00f3ximo Campeonato del Mundo de Ciclismo en Ruta, que se disputar\u00e1 en 2026 en esta misma ciudad canadiense. Esta edici\u00f3n 2025 ha servido como una excelente antesala y reafirma el prestigio creciente de la prueba en el calendario internacional.<\/p>\n<p>&#13;<\/p>\n<p><b>Clasificaciones del Gran Premio de Montreal 2025<\/b> [<a href=\"https:\/\/www.esciclismo.com\/actualidad\/carretera\/88026.html\" title=\"Clasificaciones del Gran Premio de Montreal 2025\" rel=\"nofollow noopener\" target=\"_blank\">Clasificaciones completas<\/a>]<\/p>\n<p>&#13;<\/p>\n<p><b>Clasificaci\u00f3n indicidual:<\/b><br \/>&#13;<br \/>\n1. Brandon McNulty (USA\/UAE Emirates-XRG) &#8211; 5:14:04<br \/>&#13;<br \/>\n2. Tadej Pogacar (SLO\/UAE Emirates-XRG) &#8211; m.t.<br \/>&#13;<br \/>\n3. Quinn Simmons (USA\/Lidl-Trek) a 1:03<br \/>&#13;<br \/>\n4. Neilson Powless (USA\/EF Education-EasyPost) a 1:45<br \/>&#13;<br \/>\n5. Adam Yates (GBR\/UAE Emirates-XRG) a 1:49<br \/>&#13;<br \/>\n6. Louis Barr\u00e9 (FRA\/Intermarch\u00e9-Wanty) a 2:00<br \/>&#13;<br \/>\n7. Tiesj Benoot (BEL\/Visma-Lease a Bike) a 2:25<br \/>&#13;<br \/>\n8. Alex Aranburu (ESP\/Cofidis) a 2:57<br \/>&#13;<br \/>\n9. Corbin Strong (NZL\/Israel-Premier Tech) a 2:59<br \/>&#13;<br \/>\n10. Alberto Bettiol (ITA\/XDS-Astana) a 2:59<\/p>\n<p>&#13;<br \/>\n&#13;<br \/>\n&#13;<br \/>\nEsCiclismo &#8211; Todos los derechos reservados. Est\u00e1 prohibido todo tipo de reproducci\u00f3n sin autorizaci\u00f3n expresa escrita.<br \/>&#13;<br \/>\n&#13;<br \/>\n\t\t<script async src=\"https:\/\/platform.twitter.com\/widgets.js\" charset=\"utf-8\"><\/script><\/p>\n","protected":false},"excerpt":{"rendered":"&#13; &#13; &#13; &#13; &#13; EsCiclismo.com \u00b7 Competici\u00f3n Carretera \u00b7 14\/09\/2025 El ciclista estadounidense Brandon McNulty (UAE Emirates-XRG)&hellip;\n","protected":false},"author":2,"featured_media":115731,"comment_status":"","ping_status":"","sticky":false,"template":"","format":"standard","meta":{"footnotes":""},"categories":[273],"tags":[12615,6783,8649,313,1757,777,18755,38877,312,168,7368,1053,10378,2197,158,551,25,24,7817,14218,3956,10165,5215,21239,5808,1689,12616,3736,29176,843,2761,1965,57,23,167,550,11214,1261,7665,552],"class_list":{"0":"post-115730","1":"post","2":"type-post","3":"status-publish","4":"format-standard","5":"has-post-thumbnail","7":"category-ciclismo","8":"tag-brandon","9":"tag-calendario","10":"tag-canadiense","11":"tag-ciclismo","12":"tag-ciclista","13":"tag-ciudad","14":"tag-corredor","15":"tag-culminar","16":"tag-cycling","17":"tag-deportes","18":"tag-disputada","19":"tag-domingo","20":"tag-e","21":"tag-edicion","22":"tag-el","23":"tag-emirates","24":"tag-es","25":"tag-espana","26":"tag-estadounidense","27":"tag-exigentes","28":"tag-gran","29":"tag-impuesto","30":"tag-kilometros","31":"tag-larga","32":"tag-llegada","33":"tag-llevo","34":"tag-mcnulty","35":"tag-montreal","36":"tag-phoenix","37":"tag-premio","38":"tag-prueba","39":"tag-salida","40":"tag-sobre","41":"tag-spain","42":"tag-sports","43":"tag-uae","44":"tag-uci","45":"tag-victoria","46":"tag-worldtour","47":"tag-xrg"},"share_on_mastodon":{"url":"","error":""},"_links":{"self":[{"href":"https:\/\/www.europesays.com\/es\/wp-json\/wp\/v2\/posts\/115730","targetHints":{"allow":["GET"]}}],"collection":[{"href":"https:\/\/www.europesays.com\/es\/wp-json\/wp\/v2\/posts"}],"about":[{"href":"https:\/\/www.europesays.com\/es\/wp-json\/wp\/v2\/types\/post"}],"author":[{"embeddable":true,"href":"https:\/\/www.europesays.com\/es\/wp-json\/wp\/v2\/users\/2"}],"replies":[{"embeddable":true,"href":"https:\/\/www.europesays.com\/es\/wp-json\/wp\/v2\/comments?post=115730"}],"version-history":[{"count":0,"href":"https:\/\/www.europesays.com\/es\/wp-json\/wp\/v2\/posts\/115730\/revisions"}],"wp:featuredmedia":[{"embeddable":true,"href":"https:\/\/www.europesays.com\/es\/wp-json\/wp\/v2\/media\/115731"}],"wp:attachment":[{"href":"https:\/\/www.europesays.com\/es\/wp-json\/wp\/v2\/media?parent=115730"}],"wp:term":[{"taxonomy":"category","embeddable":true,"href":"https:\/\/www.europesays.com\/es\/wp-json\/wp\/v2\/categories?post=115730"},{"taxonomy":"post_tag","embeddable":true,"href":"https:\/\/www.europesays.com\/es\/wp-json\/wp\/v2\/tags?post=115730"}],"curies":[{"name":"wp","href":"https:\/\/api.w.org\/{rel}","templated":true}]}}