{"id":115734,"date":"2025-09-15T03:18:15","date_gmt":"2025-09-15T03:18:15","guid":{"rendered":"https:\/\/www.europesays.com\/es\/115734\/"},"modified":"2025-09-15T03:18:15","modified_gmt":"2025-09-15T03:18:15","slug":"el-araski-se-queda-sin-el-trofeo-olarizu","status":"publish","type":"post","link":"https:\/\/www.europesays.com\/es\/115734\/","title":{"rendered":"El Araski se queda sin el Trofeo Olarizu"},"content":{"rendered":"<p>\n        Kutxabank Araski y Duran Maquinaria Ensino se jugaban ayer a una carta en Mendizorroza una nueva edici\u00f3n del Trofeo Olarizu <strong>despu\u00e9s de haber vencido ambos al Cadi La Seu<\/strong>, el otro equipo que integraba el triangular.\n<\/p>\n<p class=\"article-body__text \">\n        <strong>Las disc\u00edpulas de Made Urieta se impusieron el viernes a las catalanas por un ajustado 75-71<\/strong>, mientras que las lucenses hicieron lo propio el s\u00e1bado con un marcador algo m\u00e1s holgado (80-67).\n<\/p>\n<p class=\"article-body__text \">\n        Pues bien, quien se llev\u00f3 finalmente el gato al agua fue el Ensino, que ya se hab\u00eda impuesto al Araski en esta pretemporada en otro enfrentamiento disputado en Orense y este domingo <strong>volvi\u00f3 a ejercer de verdugo en la capital alavesa tras un encuentro presidido por unos raqu\u00edticos guarismos ofensivos<\/strong>.\n<\/p>\n<p>            <a href=\"https:\/\/www.noticiasdealava.eus\/araski\/2025\/09\/11\/dembele-toussaint-optimistas-potencial-nuevo-araski-10071309.html\" title=\"Dembele y Toussaint, optimistas con el potencial del nuevo Araski\" class=\"new__media\" rel=\"nofollow noopener\" target=\"_blank\"><\/p>\n<p>                <img alt=\"Dembele y Toussaint, optimistas con el potencial del nuevo Araski\" data-src=\"https:\/\/www.europesays.com\/es\/wp-content\/uploads\/2025\/09\/a40e2dbe-8d30-4a42-b756-dc7271fab76a_16-9-aspect-ratio_default_0.jpg\" class=\"lozad\"\/><\/p>\n<p>        <\/a><\/p>\n<p>        <a href=\"https:\/\/www.noticiasdealava.eus\/araski\/2025\/09\/11\/dembele-toussaint-optimistas-potencial-nuevo-araski-10071309.html\" title=\"Dembele y Toussaint, optimistas con el potencial del nuevo Araski\" class=\"new__headline\" rel=\"nofollow noopener\" target=\"_blank\"><br \/>\n            Dembele y Toussaint, optimistas con el potencial del nuevo Araski<br \/>\n        <\/a><\/p>\n<p class=\"article-body__text \">\n        Al conjunto de Made Urieta se le acab\u00f3 la gasolina tras el descanso, al que lleg\u00f3 con una m\u00ednima ventaja de 23-22 en el marcador. <strong>El tercer cuarto result\u00f3 especialmente adverso para las locales con un parcial desfavorable de 10-20<\/strong> que puso las cosas cuesta arriba.\n<\/p>\n<p class=\"article-body__text \">\n        En las filas verdes, <strong>la m\u00e1xima anotadora fue Dominique Toussaint con 13 puntos<\/strong>, seguida por la veterana Sami Hill (10) y Noa Morro, otras de las flamantes apuestas para la campa\u00f1a 2025-26 que se qued\u00f3 en 9.\n<\/p>\n<p class=\"article-photo__footer\">\n            Noa Morro pelea por un bal\u00f3n con dos jugadoras del Ensino            Julio Roca        <\/p>\n<p>  Una baja sensible en la zona<\/p>\n<p class=\"article-body__text \">\n        Adem\u00e1s, sobresali\u00f3 la brega en la pintura de Montse Brotons, la unica cinco que pudo alinear una Made Urieta <strong>que ha tenido que lidiar con la sensible baja de Quinn Dornstauder<\/strong> en este Trofeo Olarizu debido a unas molestias musculares.\n<\/p>\n<p class=\"article-body__text \">\n        La ausencia bajo el aro de la espigada interior canadiense, que debe tener un rol importante en los esquemas de la entrenadora ayalesa, <strong>se dej\u00f3 sentir de lo lindo ante un rival tan f\u00edsico y compacto como el Ensino<\/strong> que plante\u00f3 una defensa muy aguerrida durante los cuarenta minutos.\n<\/p>\n<p>            <a href=\"https:\/\/www.noticiasdealava.eus\/araski\/2025\/09\/08\/renovada-plantilla-araski-comienza-pretemporada-10057177.html\" title=\"La renovada plantilla del Araski comienza su pretemporada con una doble derrota\" class=\"new__media\" rel=\"nofollow noopener\" target=\"_blank\"><\/p>\n<p>                <img alt=\"La renovada plantilla del Araski comienza su pretemporada con una doble derrota\" data-src=\"https:\/\/www.europesays.com\/es\/wp-content\/uploads\/2025\/09\/c5e536f6-2aa0-4553-9ff4-f39d1e5d60f5_16-9-aspect-ratio_default_0.jpg\" class=\"lozad\"\/><\/p>\n<p>        <\/a><\/p>\n<p>        <a href=\"https:\/\/www.noticiasdealava.eus\/araski\/2025\/09\/08\/renovada-plantilla-araski-comienza-pretemporada-10057177.html\" title=\"La renovada plantilla del Araski comienza su pretemporada con una doble derrota\" class=\"new__headline\" rel=\"nofollow noopener\" target=\"_blank\"><br \/>\n            La renovada plantilla del Araski comienza su pretemporada con una doble derrota<br \/>\n        <\/a><\/p>\n<p class=\"article-body__text \">\n        <strong>Jessica Fequiere se convirti\u00f3 en una pesadilla para la defensa verde <\/strong>con sus 18 puntos, aunque el Araski tambi\u00e9n sufri\u00f3 durante varios tramos de la contienda la calidad de Imane Tate (13).\n<\/p>\n<p class=\"article-body__text \">\n        El Araski ya orienta su mirada en los pr\u00f3ximos amistosos <strong>antes del estreno liguero que tendr\u00e1 lugar a primeros de octubre<\/strong>. Antes de la Euskal Kopa, prevista los d\u00edas 25 y 28 de este mes ante el IDK y el Lointek Gernika, las vitorianas afrontar\u00e1n otro amistoso en Vitoria ante el\u00a0Unibasket Logro\u00f1o.<\/p>\n","protected":false},"excerpt":{"rendered":"Kutxabank Araski y Duran Maquinaria Ensino se jugaban ayer a una carta en Mendizorroza una nueva edici\u00f3n del&hellip;\n","protected":false},"author":2,"featured_media":115735,"comment_status":"","ping_status":"","sticky":false,"template":"","format":"standard","meta":{"footnotes":""},"categories":[269],"tags":[27966,299,298,168,25,24,38878,3041,23,167,7132],"class_list":{"0":"post-115734","1":"post","2":"type-post","3":"status-publish","4":"format-standard","5":"has-post-thumbnail","7":"category-baloncesto","8":"tag-araski","9":"tag-baloncesto","10":"tag-basketball","11":"tag-deportes","12":"tag-es","13":"tag-espana","14":"tag-olarizu","15":"tag-queda","16":"tag-spain","17":"tag-sports","18":"tag-trofeo"},"share_on_mastodon":{"url":"","error":""},"_links":{"self":[{"href":"https:\/\/www.europesays.com\/es\/wp-json\/wp\/v2\/posts\/115734","targetHints":{"allow":["GET"]}}],"collection":[{"href":"https:\/\/www.europesays.com\/es\/wp-json\/wp\/v2\/posts"}],"about":[{"href":"https:\/\/www.europesays.com\/es\/wp-json\/wp\/v2\/types\/post"}],"author":[{"embeddable":true,"href":"https:\/\/www.europesays.com\/es\/wp-json\/wp\/v2\/users\/2"}],"replies":[{"embeddable":true,"href":"https:\/\/www.europesays.com\/es\/wp-json\/wp\/v2\/comments?post=115734"}],"version-history":[{"count":0,"href":"https:\/\/www.europesays.com\/es\/wp-json\/wp\/v2\/posts\/115734\/revisions"}],"wp:featuredmedia":[{"embeddable":true,"href":"https:\/\/www.europesays.com\/es\/wp-json\/wp\/v2\/media\/115735"}],"wp:attachment":[{"href":"https:\/\/www.europesays.com\/es\/wp-json\/wp\/v2\/media?parent=115734"}],"wp:term":[{"taxonomy":"category","embeddable":true,"href":"https:\/\/www.europesays.com\/es\/wp-json\/wp\/v2\/categories?post=115734"},{"taxonomy":"post_tag","embeddable":true,"href":"https:\/\/www.europesays.com\/es\/wp-json\/wp\/v2\/tags?post=115734"}],"curies":[{"name":"wp","href":"https:\/\/api.w.org\/{rel}","templated":true}]}}