{"id":115748,"date":"2025-09-15T03:28:11","date_gmt":"2025-09-15T03:28:11","guid":{"rendered":"https:\/\/www.europesays.com\/es\/115748\/"},"modified":"2025-09-15T03:28:11","modified_gmt":"2025-09-15T03:28:11","slug":"lo-ha-visto-en-la-tele","status":"publish","type":"post","link":"https:\/\/www.europesays.com\/es\/115748\/","title":{"rendered":"Lo ha visto en la tele"},"content":{"rendered":"<p class=\"article-text\">\n        La entrevista de <a href=\"https:\/\/www.eldiario.es\/vertele\/audiencias-tv\/viernes-12-septiembre-2025-de-viernes-aprovecha-vuelta-rocio-flores-plato-liderar-telecinco-mejor-cuota-ano_1_12600064.html\" target=\"_blank\" data-mrf-recirculation=\"links-noticia\" class=\"link\" rel=\"nofollow noopener\">Roc\u00edo Flores en<\/a><a href=\"https:\/\/www.eldiario.es\/vertele\/audiencias-tv\/viernes-12-septiembre-2025-de-viernes-aprovecha-vuelta-rocio-flores-plato-liderar-telecinco-mejor-cuota-ano_1_12600064.html\" target=\"_blank\" data-mrf-recirculation=\"links-noticia\" class=\"link\" rel=\"nofollow noopener\"><strong> De Viernes<\/strong><\/a> ha seguido dando que hablar este fin de semana en <strong>Telecinco<\/strong>. Tras su comentada visita al programa de coraz\u00f3n, <strong>Fiesta <\/strong>se dedic\u00f3 a analizar <a href=\"https:\/\/www.eldiario.es\/vertele\/noticias\/rocio-flores-enfrento-terelu-telecinco-dio-gracias-ana-rosa-hablo-antonio-david-no-acuerdo_1_12600109.html\" target=\"_blank\" data-mrf-recirculation=\"links-noticia\" class=\"link\" rel=\"nofollow noopener\">sus palabras<\/a> con los colaboradores y tambi\u00e9n con <strong>Emma Garc\u00eda<\/strong>, que confront\u00f3 la versi\u00f3n de la hija de <strong>Roc\u00edo Carrasco y Antonio David Flores<\/strong> sobre algunos temas.\n    <\/p>\n<p>    <a href=\"https:\/\/www.eldiario.es\/noticias\/rocio-flores-enfrento-terelu-telecinco-dio-gracias-ana-rosa-hablo-antonio-david-no-acuerdo_1_12600109.html\" data-mrf-recirculation=\"saber-mas\" data-dl-event=\"saber-mas\" rel=\"nofollow noopener\" target=\"_blank\"><\/p>\n<p class=\"know-more__title\">Roc\u00edo Flores se enfrent\u00f3 con Terelu en Telecinco, dio gracias a Ana Rosa y habl\u00f3 de Antonio David: \u00abNo est\u00e1 de acuerdo en que est\u00e9 aqu\u00ed\u00bb<\/p>\n<p>            <img decoding=\"async\" class=\"lazy\" loading=\"lazy\" data-src=\"https:\/\/static.eldiario.es\/clip\/a1d2d13a-5e36-4677-8988-2eec1401f4b4_16-9-aspect-ratio_default_0.jpg\" src=\"data:image\/svg+xml,%3Csvg xmlns=\" http:=\"\" viewbox=\"0 0 880 495\" alt=\"Roc\u00edo Flores se enfrent\u00f3 con Terelu en Telecinco, dio gracias a Ana Rosa y habl\u00f3 de Antonio David: &quot;No est\u00e1 de acuerdo en que est\u00e9 aqu\u00ed&quot;\"\/><\/p>\n<p>                        <\/a><\/p>\n<p class=\"article-text\">\n        El programa vespertino comenz\u00f3 recogiendo los v\u00eddeos de las declaraciones de la invitada: desde su enfrentamiento con <strong>Terelu Campos <\/strong>hasta sus valoraciones sobre su padre, de quien dijo que no le hab\u00eda escuchado hablar mal de su madre. Algo que sorprendi\u00f3 a la presentadora de Fiesta, que<strong> tir\u00f3 de hemeroteca para contradecirla<\/strong>.\n    <\/p>\n<p class=\"article-text\">\n        \u201cNos cuesta entender muchas cosas por ambas partes, pero luego <strong>hay cosas que son realidades <\/strong>que hemos visto y hemos escuchado.\u00a0Cuando Roc\u00edo Flores dice &#8216;yo no he escuchado a mi padre hablar mal de mi madre&#8217;&#8230;<strong> en casa no s\u00e9, porque en la tele s\u00ed. Esta es una realidad<\/strong>\u201d, coment\u00f3 Emma Garc\u00eda.\n    <\/p>\n<p class=\"article-text\">\n        En la misma l\u00ednea se manifest\u00f3 <strong>Sa\u00fal Ortiz<\/strong>: \u201cElla hace hincapi\u00e9 en que es en casa. Pero yo no me puedo creer que un se\u00f1or que hablaba con los reporteros en la calle o se sentaba en un plat\u00f3 y vociferaba en contra de Roc\u00edo Carrasco y Roc\u00edo Jurado&#8230; me cuesta trabajo imaginar que llegara a su casa y dijera que eran maravillosas. Ser\u00eda esquizofr\u00e9nico este planteamiento\u201d. \u201c<strong>Aunque no lo haya visto en casa, lo ha visto en la tele<\/strong>\u201d, apostill\u00f3 la conductora.\n    <\/p>\n<p>    <a href=\"https:\/\/www.eldiario.es\/vertele\/noticias\/bailando-estrellas-2-llego-telecinco-criticas-jurado-encerrona-nerea-rumor-viral_1_12601273.html\" data-mrf-recirculation=\"saber-mas-abajo\" data-dl-event=\"saber-mas-abajo\" rel=\"nofollow noopener\" target=\"_blank\"><\/p>\n<p class=\"know-more__title\">&#8216;Bailando con las estrellas&#8217; lleg\u00f3 a Telecinco con cr\u00edticas al jurado y encerrona a Nerea por un rumor viral\n<\/p>\n<p>            <img decoding=\"async\" class=\"lazy\" loading=\"lazy\" data-src=\"https:\/\/static.eldiario.es\/clip\/f662f664-4178-4a65-bb6d-3a353f9710a0_16-9-aspect-ratio_default_0.jpg\" src=\"data:image\/svg+xml,%3Csvg xmlns=\" http:=\"\" viewbox=\"0 0 880 495\" alt=\"'Bailando con las estrellas' lleg\u00f3 a Telecinco con cr\u00edticas al jurado y encerrona a Nerea por un rumor viral\"\/><\/p>\n<p>                        <\/a><\/p>\n<p>            <img decoding=\"async\" class=\"lazy\" loading=\"lazy\" data-src=\"https:\/\/static.eldiario.es\/clip\/28a1c64d-8d27-48db-af03-0b64f2859b78_16-9-discover-aspect-ratio_default_0.jpg\" src=\"data:image\/svg+xml,%3Csvg xmlns=\" http:=\"\" viewbox=\"0 0 1200 675\" alt=\"Emma Garc\u00eda en 'Fiesta'\"\/><\/p>\n<p class=\"article-text\">\n        Sobre una posible reconciliaci\u00f3n entre madre e hija, la opini\u00f3n general en el plat\u00f3 de Fiesta fue la siguiente: \u201cSi tiene que haber una reconciliaci\u00f3n, ser\u00e1 porque Roc\u00edo Carrasco d\u00e9 un paso al frente\u201d. \u201c<strong>Qu\u00e9 dif\u00edcil es esa situaci\u00f3n con todo lo que ha ocurrido. Ojal\u00e1 alg\u00fan d\u00eda hablen<\/strong>\u201d, dese\u00f3 Emma Garc\u00eda.\n    <\/p>\n","protected":false},"excerpt":{"rendered":"La entrevista de Roc\u00edo Flores en De Viernes ha seguido dando que hablar este fin de semana en&hellip;\n","protected":false},"author":2,"featured_media":115749,"comment_status":"","ping_status":"","sticky":false,"template":"","format":"standard","meta":{"footnotes":""},"categories":[91],"tags":[12525,146,147,25,24,9646,3142,1298,9812,13920,3152,16555,23,7099,381,8922],"class_list":{"0":"post-115748","1":"post","2":"type-post","3":"status-publish","4":"format-standard","5":"has-post-thumbnail","7":"category-entretenimiento","8":"tag-emma","9":"tag-entertainment","10":"tag-entretenimiento","11":"tag-es","12":"tag-espana","13":"tag-flores","14":"tag-garcia","15":"tag-palabras","16":"tag-realidad","17":"tag-replica","18":"tag-rocio","19":"tag-senala","20":"tag-spain","21":"tag-tele","22":"tag-viernes","23":"tag-visto"},"share_on_mastodon":{"url":"","error":""},"_links":{"self":[{"href":"https:\/\/www.europesays.com\/es\/wp-json\/wp\/v2\/posts\/115748","targetHints":{"allow":["GET"]}}],"collection":[{"href":"https:\/\/www.europesays.com\/es\/wp-json\/wp\/v2\/posts"}],"about":[{"href":"https:\/\/www.europesays.com\/es\/wp-json\/wp\/v2\/types\/post"}],"author":[{"embeddable":true,"href":"https:\/\/www.europesays.com\/es\/wp-json\/wp\/v2\/users\/2"}],"replies":[{"embeddable":true,"href":"https:\/\/www.europesays.com\/es\/wp-json\/wp\/v2\/comments?post=115748"}],"version-history":[{"count":0,"href":"https:\/\/www.europesays.com\/es\/wp-json\/wp\/v2\/posts\/115748\/revisions"}],"wp:featuredmedia":[{"embeddable":true,"href":"https:\/\/www.europesays.com\/es\/wp-json\/wp\/v2\/media\/115749"}],"wp:attachment":[{"href":"https:\/\/www.europesays.com\/es\/wp-json\/wp\/v2\/media?parent=115748"}],"wp:term":[{"taxonomy":"category","embeddable":true,"href":"https:\/\/www.europesays.com\/es\/wp-json\/wp\/v2\/categories?post=115748"},{"taxonomy":"post_tag","embeddable":true,"href":"https:\/\/www.europesays.com\/es\/wp-json\/wp\/v2\/tags?post=115748"}],"curies":[{"name":"wp","href":"https:\/\/api.w.org\/{rel}","templated":true}]}}